{"id":104643,"date":"2025-02-14T21:24:15","date_gmt":"2025-02-14T21:24:15","guid":{"rendered":"https:\/\/rdnews.al\/?p=104643"},"modified":"2025-02-14T22:21:34","modified_gmt":"2025-02-14T22:21:34","slug":"zyrtare-te-larte-ne-uashington-kerkojne-verifikim-per-sanksionimin-e-berishes","status":"publish","type":"post","link":"https:\/\/rdnews.al\/index.php\/2025\/02\/14\/zyrtare-te-larte-ne-uashington-kerkojne-verifikim-per-sanksionimin-e-berishes\/","title":{"rendered":"Zyrtar\u00eb t\u00eb lart\u00eb n\u00eb Uashington k\u00ebrkojn\u00eb verifikim p\u00ebr sanksionimin e Berish\u00ebs"},"content":{"rendered":"<p>Kryetari i Partis\u00eb Republikane Fatmir Mediu, i ftuar n\u00eb emisionin Log. n\u00eb News 24 foli p\u00ebr non grat\u00ebn e kreut t\u00eb PD Sali Berisha.<\/p>\n<p>Mediu u shpreh se Berisha do t\u00eb k\u00ebrkoj\u00eb q\u00eb t\u2019i hiqet non grata. Sipas tij, zyrtar\u00eb t\u00eb lart\u00eb n\u00eb Uashington kan\u00eb k\u00ebrkuar t\u00eb verifikohen fakte, p\u00ebr \u201cnon grat\u00ebn\u201d e Berish\u00ebs. Ai u shpreh se Berisha shpesh ka th\u00ebn\u00eb se kjo non grata \u00ebsht\u00eb pa fakte.<\/p>\n<p><strong>Fatmir Mediu:<\/strong>\u00a0Sali Berisha do k\u00ebrkoj\u00eb q\u00eb t\u00eb hiqet non grata p\u00ebr t\u00eb, sepse sanksioni \u00ebsht\u00eb pa baza dhe pa fakte, q\u00eb k\u00ebshtu t\u00eb mund t\u00eb krijoj\u00eb raporte normale me diplomat\u00ebt amerikan\u00eb. Nuk ka t\u00eb b\u00ebj\u00eb vet\u00ebm me LaCivita-n, por ka edhe rrug\u00eb t\u00eb tjera.<\/p>\n<div id=\"beacon_f1d48b5e46\">P\u00ebr m\u00eb tep\u00ebr funksionar\u00eb t\u00eb lart\u00eb n\u00eb Uashington kan\u00eb k\u00ebrkuar q\u00eb t\u00eb verifikohen faktet p\u00ebr sanksionimin q\u00eb mund t\u2019i jet\u00eb b\u00ebr\u00eb Sali Berish\u00ebs.<\/div>\n<p>&nbsp;<\/p>\n","protected":false},"excerpt":{"rendered":"<p>Kryetari i Partis\u00eb Republikane Fatmir Mediu, i ftuar n\u00eb emisionin Log. n\u00eb News 24 foli p\u00ebr non grat\u00ebn e kreut t\u00eb PD Sali Berisha. Mediu u shpreh se Berisha do t\u00eb k\u00ebrkoj\u00eb q\u00eb t\u2019i hiqet non grata. Sipas tij, zyrtar\u00eb t\u00eb lart\u00eb n\u00eb Uashington kan\u00eb k\u00ebrkuar t\u00eb verifikohen fakte, p\u00ebr \u201cnon grat\u00ebn\u201d e Berish\u00ebs. Ai &hellip;<\/p>\n","protected":false},"author":3,"featured_media":104644,"comment_status":"closed","ping_status":"closed","sticky":false,"template":"","format":"standard","meta":{"footnotes":""},"categories":[40],"tags":[],"class_list":["post-104643","post","type-post","status-publish","format-standard","has-post-thumbnail","","category-aktualitet"],"_links":{"self":[{"href":"https:\/\/rdnews.al\/index.php\/wp-json\/wp\/v2\/posts\/104643","targetHints":{"allow":["GET"]}}],"collection":[{"href":"https:\/\/rdnews.al\/index.php\/wp-json\/wp\/v2\/posts"}],"about":[{"href":"https:\/\/rdnews.al\/index.php\/wp-json\/wp\/v2\/types\/post"}],"author":[{"embeddable":true,"href":"https:\/\/rdnews.al\/index.php\/wp-json\/wp\/v2\/users\/3"}],"replies":[{"embeddable":true,"href":"https:\/\/rdnews.al\/index.php\/wp-json\/wp\/v2\/comments?post=104643"}],"version-history":[{"count":2,"href":"https:\/\/rdnews.al\/index.php\/wp-json\/wp\/v2\/posts\/104643\/revisions"}],"predecessor-version":[{"id":104646,"href":"https:\/\/rdnews.al\/index.php\/wp-json\/wp\/v2\/posts\/104643\/revisions\/104646"}],"wp:featuredmedia":[{"embeddable":true,"href":"https:\/\/rdnews.al\/index.php\/wp-json\/wp\/v2\/media\/104644"}],"wp:attachment":[{"href":"https:\/\/rdnews.al\/index.php\/wp-json\/wp\/v2\/media?parent=104643"}],"wp:term":[{"taxonomy":"category","embeddable":true,"href":"https:\/\/rdnews.al\/index.php\/wp-json\/wp\/v2\/categories?post=104643"},{"taxonomy":"post_tag","embeddable":true,"href":"https:\/\/rdnews.al\/index.php\/wp-json\/wp\/v2\/tags?post=104643"}],"curies":[{"name":"wp","href":"https:\/\/api.w.org\/{rel}","templated":true}]}}