{"id":104672,"date":"2025-02-15T10:57:16","date_gmt":"2025-02-15T10:57:16","guid":{"rendered":"https:\/\/rdnews.al\/?p=104672"},"modified":"2025-02-15T10:57:16","modified_gmt":"2025-02-15T10:57:16","slug":"vasili-thirrje-spak-e-gjkko-arrestoni-pergjegjesit-e-grushtit-te-shtetit-ndryshe-jeni-pjese-e-tij","status":"publish","type":"post","link":"https:\/\/rdnews.al\/index.php\/2025\/02\/15\/vasili-thirrje-spak-e-gjkko-arrestoni-pergjegjesit-e-grushtit-te-shtetit-ndryshe-jeni-pjese-e-tij\/","title":{"rendered":"Vasili thirrje SPAK e GJKKO: Arrestoni p\u00ebrgjegj\u00ebsit e grushtit t\u00eb shtetit, ndryshe jeni pjes\u00eb e tij!"},"content":{"rendered":"<p><strong>Petrit VASILI<\/strong><\/p>\n<p>Krimi shtet\u00ebror n\u00eb form\u00ebn tipike t\u00eb nj\u00eb grushti shteti t\u00eb mir\u00eborganizuar tek GJKKO \u00ebsht\u00eb par\u00eb nga gjith\u00eb Shqip\u00ebria dhe p\u00ebrtej deri n\u00eb Bruksel e Washington. Administrata e Bashkis\u00eb s\u00eb Tiran\u00ebs boshatisi zyra, la qytetar\u00ebt pa sh\u00ebrbime, rrethoi Gjykat\u00ebn dhe u hodh n\u00eb nj\u00eb protest\u00eb pa leje dhe t\u00eb paligjshme t\u00eb organizuar nga Rama, q\u00eb ka marr\u00eb drejtimin e Bashkis\u00eb s\u00eb Tiran\u00ebs pas arrestimit t\u00eb Veliajt.<\/p>\n<p>Policia, e cila n\u00eb mitingjet e njoftuara sipas ligjit t\u00eb opozit\u00ebs paraqitet me qindra police, forca t\u00eb nd\u00ebrhyrjes s\u00eb shpejt\u00eb, police civile edhe me arm\u00eb, me bomba me gaz lotsjell\u00ebs, me autobote me uj\u00eb me presion, me mburoja e skafandra dhe me spraj irritues, nuk ekzistonte fare p\u00ebrpara Gjykat\u00ebs. Policia ka refuzuar t\u00eb zbatoj\u00eb ligjin ndaj nj\u00eb mitingu flagrant pa leje ku duhej t\u00eb nd\u00ebrhynte p\u00ebr shp\u00ebrndarjen e tij, nd\u00ebrkoh\u00eb q\u00eb kafsh\u00ebrisht e ka b\u00ebr\u00eb k\u00ebt\u00eb n\u00eb mitingjet e njoftuara e t\u00eb ligjshme t\u00eb opozit\u00ebs.<\/p>\n<p>Ka refuzuar bashk\u00ebpunimin me Garden, kur ka qen\u00eb po kjo polici, q\u00eb ka hyr\u00eb n\u00eb territorin e Parlamentit dhe ka dhunuar edhe deputet\u00ebt opozitar\u00eb. Ministri ka mashtruar publikisht n\u00eb Parlament dhe ka b\u00ebr\u00eb alibin\u00eb e grushtit t\u00eb shtetit p\u00ebrpara Kuvendit t\u00eb Shqip\u00ebris\u00eb sipas nj\u00eb skenari t\u00eb mir\u00ebp\u00ebrcaktuar. Policia ka l\u00ebn\u00eb n\u00eb m\u00ebshir\u00eb t\u00eb fatit dhe ka lejuar rrethimin e furgonit q\u00eb shoq\u00ebronte t\u00eb arrestuarit si dhe automjetet e gjyqtar\u00ebve e prokuror\u00ebve. Policia e horrave q\u00eb b\u00ebn qindra arrestime n\u00eb protestat e ligjshme t\u00eb njoftuara t\u00eb opozit\u00ebs dhe procedon penalisht dhjetra deputet\u00eb, nuk ka b\u00ebr\u00eb asnj\u00eb arrestim t\u00eb vet\u00ebm p\u00ebr k\u00ebt\u00eb grusht shteti ku organizator\u00ebt i ka par\u00eb nga televizori gjith\u00eb Shqip\u00ebria. Faktet jan\u00eb ul\u00ebrit\u00ebse.<\/p>\n<p>SPAK t\u00eb procedoj\u00eb dhe arrestoj\u00eb urgjentisht Ministrin e Brendsh\u00ebm, Drejtorin e p\u00ebrgjithsh\u00ebm t\u00eb policis\u00eb dhe t\u00eb gjith\u00eb ata, q\u00eb kishin p\u00ebrgjegj\u00ebsin\u00eb t\u00eb mbronin Gjykat\u00ebn, por q\u00eb nuk e b\u00ebn\u00eb q\u00ebllimisht dhe zgjodh\u00ebn t\u00eb ishin aktor\u00eb aktiv\u00eb n\u00eb kryerjen e grushtit t\u00eb shtetit. S\u2019ka asnj\u00eb minut\u00eb koh\u00eb p\u00ebr t\u00eb humbur!<\/p>\n<p>N\u00ebse nuk e b\u00ebjn\u00eb k\u00ebt\u00eb, at\u00ebher\u00eb \u00ebsht\u00eb e qart\u00eb se grushti i shtetit q\u00eb ndodhi ishte nj\u00eb aksion mafioz i narkoqeveris\u00eb ku edhe SPAK edhe GJKKO kan\u00eb qen\u00eb pjes\u00eb e tij dhe ku shkresat zyrtare t\u00eb tyre mbeten t\u00eb jen\u00eb nj\u00eb shplarje goje dhe alibi, q\u00eb vet\u00ebm legjitimon pu\u00e7in dhe bashk\u00eb me t\u00eb dor\u00ebzimin p\u00ebrfundimtar t\u00eb drejt\u00ebsis\u00eb tek narkomafia n\u00eb pushtet.<\/p>\n","protected":false},"excerpt":{"rendered":"<p>Petrit VASILI Krimi shtet\u00ebror n\u00eb form\u00ebn tipike t\u00eb nj\u00eb grushti shteti t\u00eb mir\u00eborganizuar tek GJKKO \u00ebsht\u00eb par\u00eb nga gjith\u00eb Shqip\u00ebria dhe p\u00ebrtej deri n\u00eb Bruksel e Washington. Administrata e Bashkis\u00eb s\u00eb Tiran\u00ebs boshatisi zyra, la qytetar\u00ebt pa sh\u00ebrbime, rrethoi Gjykat\u00ebn dhe u hodh n\u00eb nj\u00eb protest\u00eb pa leje dhe t\u00eb paligjshme t\u00eb organizuar nga Rama, &hellip;<\/p>\n","protected":false},"author":4,"featured_media":104547,"comment_status":"closed","ping_status":"closed","sticky":false,"template":"","format":"standard","meta":{"footnotes":""},"categories":[37],"tags":[],"class_list":["post-104672","post","type-post","status-publish","format-standard","has-post-thumbnail","","category-politike"],"_links":{"self":[{"href":"https:\/\/rdnews.al\/index.php\/wp-json\/wp\/v2\/posts\/104672","targetHints":{"allow":["GET"]}}],"collection":[{"href":"https:\/\/rdnews.al\/index.php\/wp-json\/wp\/v2\/posts"}],"about":[{"href":"https:\/\/rdnews.al\/index.php\/wp-json\/wp\/v2\/types\/post"}],"author":[{"embeddable":true,"href":"https:\/\/rdnews.al\/index.php\/wp-json\/wp\/v2\/users\/4"}],"replies":[{"embeddable":true,"href":"https:\/\/rdnews.al\/index.php\/wp-json\/wp\/v2\/comments?post=104672"}],"version-history":[{"count":1,"href":"https:\/\/rdnews.al\/index.php\/wp-json\/wp\/v2\/posts\/104672\/revisions"}],"predecessor-version":[{"id":104673,"href":"https:\/\/rdnews.al\/index.php\/wp-json\/wp\/v2\/posts\/104672\/revisions\/104673"}],"wp:featuredmedia":[{"embeddable":true,"href":"https:\/\/rdnews.al\/index.php\/wp-json\/wp\/v2\/media\/104547"}],"wp:attachment":[{"href":"https:\/\/rdnews.al\/index.php\/wp-json\/wp\/v2\/media?parent=104672"}],"wp:term":[{"taxonomy":"category","embeddable":true,"href":"https:\/\/rdnews.al\/index.php\/wp-json\/wp\/v2\/categories?post=104672"},{"taxonomy":"post_tag","embeddable":true,"href":"https:\/\/rdnews.al\/index.php\/wp-json\/wp\/v2\/tags?post=104672"}],"curies":[{"name":"wp","href":"https:\/\/api.w.org\/{rel}","templated":true}]}}