{"id":104680,"date":"2025-02-15T11:51:36","date_gmt":"2025-02-15T11:51:36","guid":{"rendered":"https:\/\/rdnews.al\/?p=104680"},"modified":"2025-02-15T11:51:36","modified_gmt":"2025-02-15T11:51:36","slug":"krenaria-e-tallavase-se-integrimit","status":"publish","type":"post","link":"https:\/\/rdnews.al\/index.php\/2025\/02\/15\/krenaria-e-tallavase-se-integrimit\/","title":{"rendered":"\u201cKrenaria\u201d e tallavas\u00eb s\u00eb integrimit&#8230;"},"content":{"rendered":"<p>Presidenti i Partis\u00eb s\u00eb Liris\u00eb, Ilir Meta regon ashp\u00ebr ndaj deklaratave t\u00eb Kryeministrit Edi Rama n\u00eb lidhje me hapjen e negociatave p\u00ebr an\u00ebtar\u00ebsim n\u00eb Bashkimin Europian. Meta e cil\u00ebsoi k\u00ebt\u00eb si nj\u00eb \u201ctallava\u201d t\u00eb integrimit.<\/p>\n<p>N\u00eb nj\u00eb postim t\u00eb fundit n\u00eb Facebook Meta thekson se, nd\u00ebrsa Rama mburret p\u00ebr hapjen e negociatave, ai po injoron faktin se ky zhvillim ishte pothuajse i paevituesh\u00ebm p\u00ebr shkak t\u00eb arsyeve gjeopolitike, sidomos pas konflikteve q\u00eb po ndodhin n\u00eb Ukrain\u00eb, t\u00eb cilat e detyruan BE-n\u00eb t\u00eb fokusohet m\u00eb shum\u00eb n\u00eb \u00e7\u00ebshtje t\u00eb tilla. \u201cNuk do t\u00eb ishte mir\u00eb t\u00eb falenderonim nj\u00eb fatkeq\u00ebsi si lufta e Ukrain\u00ebs p\u00ebr hapjen e negociatave t\u00eb vendit ton\u00eb,\u201d shkroi Meta.<\/p>\n<p>Meta e kritikoi gjithashtu Rama p\u00ebr bllokimin e procesit t\u00eb integrimit p\u00ebr vite t\u00eb t\u00ebra, duke p\u00ebrmendur se n\u00eb vitin 2020 ai i bllokoi negociatat p\u00ebr shkak t\u00eb em\u00ebrimit t\u00eb kryetarit t\u00eb Qarkut Fier dhe pengoi zhvillimin e zgjedhjeve lokale pa opozit\u00eb. Meta argumentoi se, ndon\u00ebse Shqip\u00ebria firmosi Marr\u00ebveshjen e Stabilizim-Asocimit n\u00eb vitin 2006 \u2013 para Malit t\u00eb Zi dhe Serbis\u00eb \u2013 k\u00ebto dy shtete e hap\u00ebn negociat\u00ebn m\u00eb her\u00ebt, n\u00eb 2012 dhe 2014, respektivisht.<\/p>\n<p>\u201cRama mburret se i ka hapur tani negociatat, por t\u00eb gjith\u00eb e dim\u00eb se k\u00ebto dy vende kan\u00eb pasur v\u00ebshtir\u00ebsi t\u00eb m\u00ebdha pas luft\u00ebs n\u00eb Jugosllavi dhe nuk kan\u00eb pasur mb\u00ebshtetje t\u00eb plot\u00eb nga shoq\u00ebrit\u00eb e tyre p\u00ebr integrimin n\u00eb BE, ndryshe nga Shqip\u00ebria, ku mb\u00ebshtetja \u00ebsht\u00eb masive,\u201d shtoi Meta.<\/p>\n<p>Meta kritikon gjithashtu m\u00ebnyr\u00ebn se si Rama e ka menaxhuar procesin e integrimit, duke theksuar se qeverisja e tij \u00ebsht\u00eb m\u00eb shum\u00eb e fokusuar n\u00eb mbajtjen e pushtetit t\u00eb pashoq dhe pasurimin personal, sesa n\u00eb p\u00ebrmir\u00ebsimin e vendit dhe avancimin e integrimit europian. Sipas tij, Shqip\u00ebria do t\u00eb arrij\u00eb t\u00eb realizoj\u00eb integrimin n\u00eb Bashkimin Europian vet\u00ebm pas shum\u00eb dekadash, kur Rama t\u00eb jet\u00eb 110 vje\u00e7 dhe t\u00eb ket\u00eb b\u00ebr\u00eb mandatet e tij t\u00eb 20-ta n\u00eb krye t\u00eb qeveris\u00eb.<\/p>\n","protected":false},"excerpt":{"rendered":"<p>Presidenti i Partis\u00eb s\u00eb Liris\u00eb, Ilir Meta regon ashp\u00ebr ndaj deklaratave t\u00eb Kryeministrit Edi Rama n\u00eb lidhje me hapjen e negociatave p\u00ebr an\u00ebtar\u00ebsim n\u00eb Bashkimin Europian. Meta e cil\u00ebsoi k\u00ebt\u00eb si nj\u00eb \u201ctallava\u201d t\u00eb integrimit. N\u00eb nj\u00eb postim t\u00eb fundit n\u00eb Facebook Meta thekson se, nd\u00ebrsa Rama mburret p\u00ebr hapjen e negociatave, ai po injoron &hellip;<\/p>\n","protected":false},"author":4,"featured_media":104681,"comment_status":"closed","ping_status":"closed","sticky":false,"template":"","format":"standard","meta":{"footnotes":""},"categories":[37],"tags":[],"class_list":["post-104680","post","type-post","status-publish","format-standard","has-post-thumbnail","","category-politike"],"_links":{"self":[{"href":"https:\/\/rdnews.al\/index.php\/wp-json\/wp\/v2\/posts\/104680","targetHints":{"allow":["GET"]}}],"collection":[{"href":"https:\/\/rdnews.al\/index.php\/wp-json\/wp\/v2\/posts"}],"about":[{"href":"https:\/\/rdnews.al\/index.php\/wp-json\/wp\/v2\/types\/post"}],"author":[{"embeddable":true,"href":"https:\/\/rdnews.al\/index.php\/wp-json\/wp\/v2\/users\/4"}],"replies":[{"embeddable":true,"href":"https:\/\/rdnews.al\/index.php\/wp-json\/wp\/v2\/comments?post=104680"}],"version-history":[{"count":1,"href":"https:\/\/rdnews.al\/index.php\/wp-json\/wp\/v2\/posts\/104680\/revisions"}],"predecessor-version":[{"id":104682,"href":"https:\/\/rdnews.al\/index.php\/wp-json\/wp\/v2\/posts\/104680\/revisions\/104682"}],"wp:featuredmedia":[{"embeddable":true,"href":"https:\/\/rdnews.al\/index.php\/wp-json\/wp\/v2\/media\/104681"}],"wp:attachment":[{"href":"https:\/\/rdnews.al\/index.php\/wp-json\/wp\/v2\/media?parent=104680"}],"wp:term":[{"taxonomy":"category","embeddable":true,"href":"https:\/\/rdnews.al\/index.php\/wp-json\/wp\/v2\/categories?post=104680"},{"taxonomy":"post_tag","embeddable":true,"href":"https:\/\/rdnews.al\/index.php\/wp-json\/wp\/v2\/tags?post=104680"}],"curies":[{"name":"wp","href":"https:\/\/api.w.org\/{rel}","templated":true}]}}