{"id":104683,"date":"2025-02-15T11:54:54","date_gmt":"2025-02-15T11:54:54","guid":{"rendered":"https:\/\/rdnews.al\/?p=104683"},"modified":"2025-02-15T11:54:54","modified_gmt":"2025-02-15T11:54:54","slug":"berisha-veliaj-eshte-hajduti-i-trete-me-i-madh-pas-rames-dhe-ballukut-dosja-e-tij-eshte-dosje-shteterore","status":"publish","type":"post","link":"https:\/\/rdnews.al\/index.php\/2025\/02\/15\/berisha-veliaj-eshte-hajduti-i-trete-me-i-madh-pas-rames-dhe-ballukut-dosja-e-tij-eshte-dosje-shteterore\/","title":{"rendered":"Berisha: Veliaj \u00ebsht\u00eb hajduti i tret\u00eb m\u00eb i madh pas Ram\u00ebs dhe Ballukut! Dosja e tij \u00ebsht\u00eb dosje shtet\u00ebrore"},"content":{"rendered":"<p>Kryetari i PD, Sali Berisha tha se arrestimi i Veliajt cila sh\u00ebnon rrokullimin e piramid\u00ebs m\u00eb gjigante t\u00eb krimit q\u00eb ka njohur Shqip\u00ebria dhe nj\u00eb nga m\u00eb t\u00eb m\u00ebdhat\u00eb q\u00eb ka njohur Europa, q\u00eb \u00ebsht\u00eb regjimi i Edi Ram\u00ebs.<\/p>\n<p>Berisha tha se, Erion Veliaj, n\u00eb nj\u00eb akt kriminal, nuk u akuzua, nuk u penalizua p\u00ebr afer\u00ebn e 5D, afer\u00eb e cila \u00ebsht\u00eb modeli i vjedhjes 100 p\u00ebrqind t\u00eb parave publike nga zyrtar\u00ebt, nga drejtor\u00ebt, nga Veliaj, nga Mazniku n\u00eb Bashkin\u00eb e Tiran\u00ebs. Me dokumente.<\/p>\n<p>\u201cMiq, k\u00ebto dit\u00eb ndodhi nj\u00eb ngjarje tjet\u00ebr, e cila sh\u00ebnon rrokullimin e piramid\u00ebs m\u00eb gjigante t\u00eb krimit q\u00eb ka njohur Shqip\u00ebria dhe nj\u00eb nga m\u00eb t\u00eb m\u00ebdhat\u00eb q\u00eb ka njohur Europa, q\u00eb \u00ebsht\u00eb regjimi i Edi Ram\u00ebs.<\/p>\n<p>U arrestua nga Skapi dhe gjykata njeriu i tret\u00eb m\u00eb i korruptuar i vendit, pas Edi Ram\u00ebs dhe Lubi Ballukut, Erion Veliaj.<\/p>\n<p>Ka nj\u00eb rebus, me t\u00eb drejt\u00eb qytetar\u00ebt shqiptar\u00eb duan t\u00eb din\u00eb pse Erion Veliaj nuk u arrestua p\u00ebr djeg\u00ebsin\u00eb e Tiran\u00ebs, me t\u00eb cilin jan\u00eb zhdukur 130 milion\u00eb euro p\u00ebr u vendosur nj\u00eb tull\u00eb n\u00eb themelet e tij, p\u00ebr t\u00eb cilin p\u00ebrgjegj\u00ebs direkt \u00ebsht\u00eb Edi Rama dhe Erion Veliaj.<\/p>\n<p>Vet\u00ebm nj\u00eb muaj m\u00eb par\u00eb, Arben Ahmetaj deklaroi se Erion Veliajt i diktoi me presion t\u00eb madh Edi Rama t\u00eb firmos\u00eb t\u00eb gjitha dokumentet.<\/p>\n<p>Pra, Erion Veliaj nuk u penalizua, nuk u mor n\u00eb hetim p\u00ebr k\u00ebt\u00eb afer\u00eb, m\u00eb flagrantja n\u00eb historin\u00eb e vendit, vet\u00ebm e vet\u00ebm se kjo t\u00eb \u00e7onte direkt te Edi Rama.<\/p>\n<p>Erion Veliaj, n\u00eb nj\u00eb akt kriminal, nuk u akuzua, nuk u penalizua p\u00ebr afer\u00ebn e 5D, afer\u00eb e cila \u00ebsht\u00eb modeli i vjedhjes 100 p\u00ebrqind t\u00eb parave publike nga zyrtar\u00ebt, nga drejtor\u00ebt, nga Veliaj, nga Mazniku n\u00eb Bashkin\u00eb e Tiran\u00ebs. Me dokumente.<\/p>\n<p>Pra, as p\u00ebr k\u00ebt\u00eb jo, t\u00eb cil\u00ebn e paraqiti opozita.<\/p>\n<p>U fol, dokumente nuk ka.<\/p>\n<p>Prokuroria ka dokumente q\u00eb punonj\u00ebs jan\u00eb shprehur se hoteli \u00ebsht\u00eb i Lali Erit, por t\u00eb tjer\u00eb kan\u00eb raportuar se n\u00eb hotel, aksioner kryesor \u00ebsht\u00eb Olsi Rama.<\/p>\n<p>Cila \u00ebsht\u00eb arsyeja pse Skapi i partis\u00eb nuk ngriti asnj\u00eb akuz\u00eb p\u00ebr Veliajn dhe Maznikun n\u00eb k\u00ebt\u00eb afer\u00eb?<\/p>\n<p>Vet\u00ebkuptohet, nuk mund t\u00eb jet\u00eb asgj\u00eb tjet\u00ebr p\u00ebrve\u00e7se interesa t\u00eb klanit m\u00eb epror mafioz t\u00eb Shqip\u00ebris\u00eb, klanit t\u00eb Edi Ram\u00ebs.<\/p>\n<p>Vijm\u00eb tani tek dosja p\u00ebr t\u00eb cil\u00ebn u arrestua Erion Veliaj.<\/p>\n<p>Kjo ishte nj\u00eb dosje shtet\u00ebrore t\u00eb dashur miq.<\/p>\n<p>Nesti Angoni nuk ishte nj\u00eb qytetar privat.<\/p>\n<p>Nesti Angoni nuk ishte opozita, q\u00eb do donte t\u00eb ishte, por nuk ishte.<\/p>\n<p>Nesti Angoni ishte Danjoli i Sherk\u00ebs, nj\u00eb personazh i Rexhep Qosjes, i cili regjistronte telefonatat e Erion Veliajt, i cili survejonte takimet, udh\u00ebtimet e Velic\u00ebs dhe t\u00eb Erionit, hotelet ku flinte n\u00eb Vjen\u00eb.<\/p>\n<p>I cili survejonte Klotild\u00ebn tek takohej me Velic\u00ebn ose bashk\u00ebpun\u00ebtor\u00eb t\u00eb saj.<\/p>\n<p>Nesti Angoni, pra ishte n\u00eb fakt shteti vet\u00eb.<\/p>\n<p>Ishte Bistri, ishte Balluku, ishte Edi Rama pa asnj\u00eb lloj m\u00ebdyshje.<\/p>\n<p>Nesti Angoni kontrollonte telefonat, kontrollonte avion\u00ebt, kontrollonte doganat, kontrollonte blerjet online, komunikimet online, kontrollonte \u00e7do gj\u00eb.<\/p>\n<p>Ajo dosje thuhet se erdhi nga Fieri. Por dosja \u00ebsht\u00eb totalisht Rama-Balluku, ushtar\u00ebt aty jan\u00eb t\u00eb shumt\u00eb, nuk jan\u00eb t\u00eb pakt\u00eb, por dosja \u00ebsht\u00eb qeveritare\u201d, u shpreh Berisha.<\/p>\n","protected":false},"excerpt":{"rendered":"<p>Kryetari i PD, Sali Berisha tha se arrestimi i Veliajt cila sh\u00ebnon rrokullimin e piramid\u00ebs m\u00eb gjigante t\u00eb krimit q\u00eb ka njohur Shqip\u00ebria dhe nj\u00eb nga m\u00eb t\u00eb m\u00ebdhat\u00eb q\u00eb ka njohur Europa, q\u00eb \u00ebsht\u00eb regjimi i Edi Ram\u00ebs. Berisha tha se, Erion Veliaj, n\u00eb nj\u00eb akt kriminal, nuk u akuzua, nuk u penalizua p\u00ebr &hellip;<\/p>\n","protected":false},"author":4,"featured_media":104684,"comment_status":"closed","ping_status":"closed","sticky":false,"template":"","format":"standard","meta":{"footnotes":""},"categories":[37],"tags":[],"class_list":["post-104683","post","type-post","status-publish","format-standard","has-post-thumbnail","","category-politike"],"_links":{"self":[{"href":"https:\/\/rdnews.al\/index.php\/wp-json\/wp\/v2\/posts\/104683","targetHints":{"allow":["GET"]}}],"collection":[{"href":"https:\/\/rdnews.al\/index.php\/wp-json\/wp\/v2\/posts"}],"about":[{"href":"https:\/\/rdnews.al\/index.php\/wp-json\/wp\/v2\/types\/post"}],"author":[{"embeddable":true,"href":"https:\/\/rdnews.al\/index.php\/wp-json\/wp\/v2\/users\/4"}],"replies":[{"embeddable":true,"href":"https:\/\/rdnews.al\/index.php\/wp-json\/wp\/v2\/comments?post=104683"}],"version-history":[{"count":1,"href":"https:\/\/rdnews.al\/index.php\/wp-json\/wp\/v2\/posts\/104683\/revisions"}],"predecessor-version":[{"id":104685,"href":"https:\/\/rdnews.al\/index.php\/wp-json\/wp\/v2\/posts\/104683\/revisions\/104685"}],"wp:featuredmedia":[{"embeddable":true,"href":"https:\/\/rdnews.al\/index.php\/wp-json\/wp\/v2\/media\/104684"}],"wp:attachment":[{"href":"https:\/\/rdnews.al\/index.php\/wp-json\/wp\/v2\/media?parent=104683"}],"wp:term":[{"taxonomy":"category","embeddable":true,"href":"https:\/\/rdnews.al\/index.php\/wp-json\/wp\/v2\/categories?post=104683"},{"taxonomy":"post_tag","embeddable":true,"href":"https:\/\/rdnews.al\/index.php\/wp-json\/wp\/v2\/tags?post=104683"}],"curies":[{"name":"wp","href":"https:\/\/api.w.org\/{rel}","templated":true}]}}