{"id":104686,"date":"2025-02-15T11:59:29","date_gmt":"2025-02-15T11:59:29","guid":{"rendered":"https:\/\/rdnews.al\/?p=104686"},"modified":"2025-02-15T11:59:29","modified_gmt":"2025-02-15T11:59:29","slug":"berisha-nuk-eshte-vetem-garderoba-e-velices-ata-kishin-tre-vila","status":"publish","type":"post","link":"https:\/\/rdnews.al\/index.php\/2025\/02\/15\/berisha-nuk-eshte-vetem-garderoba-e-velices-ata-kishin-tre-vila\/","title":{"rendered":"Berisha: Nuk \u00ebsht\u00eb vet\u00ebm garderoba e Velic\u00ebs, ata kishin tre vila&#8230;"},"content":{"rendered":"<p>Kryetari i Partis\u00eb Demokratike, Sali Berisha n\u00eb bisedimin me qytetar\u00ebt n\u00eb rrjete sociale tha se sot n\u00eb propagand\u00ebn bajate t\u00eb tyre p\u00ebrpiqen t\u00eb mbulojn\u00eb vjedhjen e tmerrshme me garderob\u00eb t\u00eb 870 mij\u00eb euro blerje.<\/p>\n<p>Berisha tha se, shum\u00eb m\u00eb t\u00eb m\u00ebdha jan\u00eb vjedhjet p\u00ebr vila. \u00cbsht\u00eb gjetur se ata kan\u00eb tre vila. \u00cbsht\u00eb gjetur se kan\u00eb rrafshuar nj\u00ebr\u00ebn vil\u00eb p\u00ebr t\u00eb fituar terren zbavit\u00ebs.<\/p>\n<p>\u201c\u00c7far\u00eb ndodhi tani?<\/p>\n<p>Erion Veliaj duhej eliminuar dhe k\u00ebt\u00eb vendim Edi Rama e kishte marr\u00eb prej koh\u00ebsh.<\/p>\n<p>Edi Rama kishte paralajm\u00ebruar arrestimin e Erion Veliajt.<\/p>\n<p>Edi Rama kishte k\u00ebrc\u00ebnuar Erion Veliajn.<\/p>\n<p>N\u00eb nj\u00eb akt \u2018\u00eboke culture\u2019, kur Erion Veliaj ftoi p\u00ebr t\u2019i dh\u00ebn\u00eb \u00e7el\u00ebsin e qytetit Ali Ahmetit, Edi Rama shkoi p\u00ebr t\u00eb nderuar Ali Ahmetin, por nga fotografia doli vet\u00eb, Alia dhe \u00e7el\u00ebsi. Erion Veliajt ia hoqi foton si armik.<\/p>\n<p>N\u00eb doktrin\u00ebn e mafies dhe t\u00eb ekstremit, armikut i pritet koka, nuk mund t\u00eb jet\u00eb n\u00eb fotografi me t\u00eb dhe kjo ndodhi.<\/p>\n<p>K\u00ebshtu q\u00eb \u00e7far\u00eb kishte n\u00eb k\u00ebt\u00eb mes?<\/p>\n<p>Dy gj\u00ebra. Edi Rama nuk parashikoi dot se me Erion Veliajn po priste deg\u00ebn ku rrinte vet\u00eb, se me vepra ishin t\u00eb lidhur si v\u00ebllez\u00ebr siamez\u00eb.<\/p>\n<p>E dyta, Edi Rama ndoshta donte arrestimin e tij n\u00eb dhjetor apo pak m\u00eb par\u00eb, kur ai e z\u00ebvend\u00ebsoi pothuajse plot\u00ebsisht me treshen tjet\u00ebr elektorale n\u00eb Tiran\u00eb. Ajo ndodhi n\u00eb nj\u00eb koh\u00eb kur ndoshta nuk ishte koha m\u00eb e p\u00ebrshtatshme p\u00ebr t\u00eb.<\/p>\n<p>Por miq, ajo u tregoi shqiptar\u00ebve se sa t\u00eb pangopur jan\u00eb n\u00eb vjedhje k\u00ebta qeveritar\u00eb.<\/p>\n<p>Sot n\u00eb propagand\u00ebn bajate t\u00eb tyre p\u00ebrpiqen t\u00eb mbulojn\u00eb vjedhjen e tmerrshme me garderob\u00eb t\u00eb 870 mij\u00eb euro blerje.<\/p>\n<p>Harrojn\u00eb se 870 mij\u00eb euro para t\u00eb taksapaguesve, t\u00eb marra q\u00eb t\u00eb gjitha n\u00ebp\u00ebrmjet parave t\u00eb bashkis\u00eb, t\u00eb dh\u00ebna nga Veliaj kompanive t\u00eb krijuara p\u00ebr k\u00ebt\u00eb q\u00ebllim p\u00ebr t\u00eb \u00e7uar parat\u00eb tek e shoqja, p\u00ebrpiqen ta mbulojne se po flitet p\u00ebr fustanet e t\u00eb brendshmet e Velic\u00ebs.<\/p>\n<p>Sigurisht ka nj\u00eb t\u00eb drejt\u00eb k\u00ebtu.<\/p>\n<p>V\u00ebrtet Velica ka bler\u00eb veshje, bizhura fiks aq sa ka bler\u00eb Lajla Asadi sipas raporteve nd\u00ebrkomb\u00ebtare, 1 milion euro.<\/p>\n<p>Por shum\u00eb m\u00eb t\u00eb m\u00ebdha jan\u00eb vjedhjet p\u00ebr vila. \u00cbsht\u00eb gjetur se ata kan\u00eb tre vila. \u00cbsht\u00eb gjetur se kan\u00eb rrafshuar nj\u00ebr\u00ebn vil\u00eb p\u00ebr t\u00eb fituar terren zbavit\u00ebs.<\/p>\n<p>\u00cbsht\u00eb gjetur se vet\u00ebm n\u00eb nj\u00eb kasafort\u00eb jan\u00eb gjendur dengjet me 500 euro t\u00eb mykura, q\u00eb jan\u00eb tipike dengjet e narkotrafikant\u00ebve, e thot\u00eb Gratieri.<\/p>\n<p>Pra, para t\u00eb gjith\u00eb k\u00ebtyre gjetjeve t\u00eb tmerrshme, Edi Rama u p\u00ebrpoq me nj\u00eb zhargon ordineri, po edhe me gjeste t\u00eb shkallmuari t\u00eb t\u00ebrheq\u00eb v\u00ebmendjen nga kjo\u201d, tha Berisha.<\/p>\n","protected":false},"excerpt":{"rendered":"<p>Kryetari i Partis\u00eb Demokratike, Sali Berisha n\u00eb bisedimin me qytetar\u00ebt n\u00eb rrjete sociale tha se sot n\u00eb propagand\u00ebn bajate t\u00eb tyre p\u00ebrpiqen t\u00eb mbulojn\u00eb vjedhjen e tmerrshme me garderob\u00eb t\u00eb 870 mij\u00eb euro blerje. Berisha tha se, shum\u00eb m\u00eb t\u00eb m\u00ebdha jan\u00eb vjedhjet p\u00ebr vila. \u00cbsht\u00eb gjetur se ata kan\u00eb tre vila. \u00cbsht\u00eb gjetur se &hellip;<\/p>\n","protected":false},"author":4,"featured_media":104687,"comment_status":"closed","ping_status":"closed","sticky":false,"template":"","format":"standard","meta":{"footnotes":""},"categories":[37],"tags":[],"class_list":["post-104686","post","type-post","status-publish","format-standard","has-post-thumbnail","","category-politike"],"_links":{"self":[{"href":"https:\/\/rdnews.al\/index.php\/wp-json\/wp\/v2\/posts\/104686","targetHints":{"allow":["GET"]}}],"collection":[{"href":"https:\/\/rdnews.al\/index.php\/wp-json\/wp\/v2\/posts"}],"about":[{"href":"https:\/\/rdnews.al\/index.php\/wp-json\/wp\/v2\/types\/post"}],"author":[{"embeddable":true,"href":"https:\/\/rdnews.al\/index.php\/wp-json\/wp\/v2\/users\/4"}],"replies":[{"embeddable":true,"href":"https:\/\/rdnews.al\/index.php\/wp-json\/wp\/v2\/comments?post=104686"}],"version-history":[{"count":1,"href":"https:\/\/rdnews.al\/index.php\/wp-json\/wp\/v2\/posts\/104686\/revisions"}],"predecessor-version":[{"id":104688,"href":"https:\/\/rdnews.al\/index.php\/wp-json\/wp\/v2\/posts\/104686\/revisions\/104688"}],"wp:featuredmedia":[{"embeddable":true,"href":"https:\/\/rdnews.al\/index.php\/wp-json\/wp\/v2\/media\/104687"}],"wp:attachment":[{"href":"https:\/\/rdnews.al\/index.php\/wp-json\/wp\/v2\/media?parent=104686"}],"wp:term":[{"taxonomy":"category","embeddable":true,"href":"https:\/\/rdnews.al\/index.php\/wp-json\/wp\/v2\/categories?post=104686"},{"taxonomy":"post_tag","embeddable":true,"href":"https:\/\/rdnews.al\/index.php\/wp-json\/wp\/v2\/tags?post=104686"}],"curies":[{"name":"wp","href":"https:\/\/api.w.org\/{rel}","templated":true}]}}