{"id":104691,"date":"2025-02-15T12:08:04","date_gmt":"2025-02-15T12:08:04","guid":{"rendered":"https:\/\/rdnews.al\/?p=104691"},"modified":"2025-02-15T12:15:17","modified_gmt":"2025-02-15T12:15:17","slug":"rrethimi-i-gjykates-berisha-ka-ndodhur-vetem-ne-kolumbine-e-eskobarit-kur-ndodhi-grusht-shteti","status":"publish","type":"post","link":"https:\/\/rdnews.al\/index.php\/2025\/02\/15\/rrethimi-i-gjykates-berisha-ka-ndodhur-vetem-ne-kolumbine-e-eskobarit-kur-ndodhi-grusht-shteti\/","title":{"rendered":"Rrethimi i gjykat\u00ebs\/ Berisha: Ka ndodhur vet\u00ebm n\u00eb Kolumbin\u00eb e Eskobarit kur ndodhi grusht shteti"},"content":{"rendered":"<p>Lideri i opzoit\u00ebs, Sali Berisha deklaroi se policia bashkia dhe policit\u00eb civile rrethuan gjykat\u00ebn dhe makinat e gjykat\u00ebsve, u rikthyen skenat e viteve \u201980 t\u00eb Eskobarit n\u00eb Kolumbi, n\u00eb t\u00eb cilat u vran\u00eb gjykat\u00ebs, u vran\u00eb prokuror\u00eb dhe u zhduk\u00ebn pa nam dhe nishan.<\/p>\n<p>Berisha tha se, t\u00eb gjitha k\u00ebto jan\u00eb d\u00ebshmi e asaj q\u00eb rrokullisja e narkoshtetit po ndodh nj\u00eblloj si n\u00eb filmin Narkos.<\/p>\n<p>\u201cS\u00eb fundmi, p\u00ebr ta mbyllur k\u00ebt\u00eb ekspoze, ndodhi ajo q\u00eb nuk ka ndodhur kurr\u00eb n\u00eb 32 vite.<\/p>\n<p>Ka ndodhur vet\u00ebm n\u00eb Kolumbi n\u00eb vitet \u201980, kur u sulmua gjykata n\u00eb nj\u00eb grusht t\u00eb mir\u00ebfillt\u00eb shteti.<\/p>\n<p>Pushtetet tek gjykata speciale u p\u00ebrlesh\u00ebn me nj\u00ebri-tjetrin.<\/p>\n<p>Policia bashkia dhe policit\u00eb civile rrethuan gjykat\u00ebn dhe makinat e gjykat\u00ebsve, u rikthyen skenat e viteve \u201980 t\u00eb Eskobarit n\u00eb Kolumbi, n\u00eb t\u00eb cilat u vran\u00eb gjykat\u00ebs, u vran\u00eb prokuror\u00eb dhe u zhduk\u00ebn pa nam dhe nishan.<\/p>\n<p>T\u00eb gjitha n\u00eb syt\u00eb e shqiptar\u00ebve dhe t\u00eb bot\u00ebs.<\/p>\n<p>T\u00eb gjitha k\u00ebto jan\u00eb d\u00ebshmi e asaj q\u00eb rrokullisja e narkoshtetit po ndodh nj\u00eblloj si n\u00eb filmin Narkos.<\/p>\n<p>K\u00ebto jan\u00eb episode pas episodi t\u00eb Narkosit.<\/p>\n<p>Ndaj t\u00eb dashur qytetar\u00eb un\u00eb jam k\u00ebtu para jush p\u00ebr t\u2019u p\u00ebrgjigjur p\u00ebr t\u00eb gjitha pyetjet dhe interesat q\u00eb keni\u201d, tha Berisha.<\/p>\n","protected":false},"excerpt":{"rendered":"<p>Lideri i opzoit\u00ebs, Sali Berisha deklaroi se policia bashkia dhe policit\u00eb civile rrethuan gjykat\u00ebn dhe makinat e gjykat\u00ebsve, u rikthyen skenat e viteve \u201980 t\u00eb Eskobarit n\u00eb Kolumbi, n\u00eb t\u00eb cilat u vran\u00eb gjykat\u00ebs, u vran\u00eb prokuror\u00eb dhe u zhduk\u00ebn pa nam dhe nishan. Berisha tha se, t\u00eb gjitha k\u00ebto jan\u00eb d\u00ebshmi e asaj q\u00eb &hellip;<\/p>\n","protected":false},"author":4,"featured_media":104667,"comment_status":"closed","ping_status":"closed","sticky":false,"template":"","format":"standard","meta":{"footnotes":""},"categories":[37],"tags":[],"class_list":["post-104691","post","type-post","status-publish","format-standard","has-post-thumbnail","","category-politike"],"_links":{"self":[{"href":"https:\/\/rdnews.al\/index.php\/wp-json\/wp\/v2\/posts\/104691","targetHints":{"allow":["GET"]}}],"collection":[{"href":"https:\/\/rdnews.al\/index.php\/wp-json\/wp\/v2\/posts"}],"about":[{"href":"https:\/\/rdnews.al\/index.php\/wp-json\/wp\/v2\/types\/post"}],"author":[{"embeddable":true,"href":"https:\/\/rdnews.al\/index.php\/wp-json\/wp\/v2\/users\/4"}],"replies":[{"embeddable":true,"href":"https:\/\/rdnews.al\/index.php\/wp-json\/wp\/v2\/comments?post=104691"}],"version-history":[{"count":1,"href":"https:\/\/rdnews.al\/index.php\/wp-json\/wp\/v2\/posts\/104691\/revisions"}],"predecessor-version":[{"id":104693,"href":"https:\/\/rdnews.al\/index.php\/wp-json\/wp\/v2\/posts\/104691\/revisions\/104693"}],"wp:featuredmedia":[{"embeddable":true,"href":"https:\/\/rdnews.al\/index.php\/wp-json\/wp\/v2\/media\/104667"}],"wp:attachment":[{"href":"https:\/\/rdnews.al\/index.php\/wp-json\/wp\/v2\/media?parent=104691"}],"wp:term":[{"taxonomy":"category","embeddable":true,"href":"https:\/\/rdnews.al\/index.php\/wp-json\/wp\/v2\/categories?post=104691"},{"taxonomy":"post_tag","embeddable":true,"href":"https:\/\/rdnews.al\/index.php\/wp-json\/wp\/v2\/tags?post=104691"}],"curies":[{"name":"wp","href":"https:\/\/api.w.org\/{rel}","templated":true}]}}