{"id":104694,"date":"2025-02-15T12:14:25","date_gmt":"2025-02-15T12:14:25","guid":{"rendered":"https:\/\/rdnews.al\/?p=104694"},"modified":"2025-02-15T12:14:25","modified_gmt":"2025-02-15T12:14:25","slug":"njohja-e-shteti-me-banke-e-pasaporta-diplomatike-do-te-thote-te-krijosh-strehen-me-gjigante-te-trafikanteve-te-mbare-botes","status":"publish","type":"post","link":"https:\/\/rdnews.al\/index.php\/2025\/02\/15\/njohja-e-shteti-me-banke-e-pasaporta-diplomatike-do-te-thote-te-krijosh-strehen-me-gjigante-te-trafikanteve-te-mbare-botes\/","title":{"rendered":"Njohja e shteti me bank\u00eb e pasaporta diplomatike do t\u00eb thot\u00eb t\u00eb krijosh streh\u00ebn m\u00eb gjigante t\u00eb trafikant\u00ebve t\u00eb mbar\u00eb bot\u00ebs"},"content":{"rendered":"<p>Kreu i PD, Sali Berisha deklaroi se Lidhur me shtetin Bektashi, kjo \u00ebsht\u00eb nj\u00eb p\u00ebrpjekje armiq\u00ebsore p\u00ebr t\u00eb p\u00ebr\u00e7ar\u00eb besimin mysliman n\u00eb Shqip\u00ebri, si nj\u00eb \u00a0nj\u00eb thik\u00eb pas shpine ndaj k\u00ebtij besimi.<\/p>\n<p>Berisha tha se, njohja e sovranitetit t\u00eb nj\u00eb shteti me bank\u00eb dhe pasaporta diplomatike t\u00eb l\u00ebshuara prej tij, etj., etj., do t\u00eb thot\u00eb t\u00eb krijosh k\u00ebtu streh\u00ebn m\u00eb gjigante t\u00eb trafikant\u00ebve t\u00eb mbar\u00eb bot\u00ebs. Jasht\u00eb kontrollit nd\u00ebrkomb\u00ebtar financiar.<\/p>\n<p>\u201cNe kemi marr\u00ebdh\u00ebnie shum\u00eb t\u00eb mira, respektin m\u00eb t\u00eb madh p\u00ebr drejtuesit e komuniteteve fetare. Rolin e tyre si udh\u00ebheq\u00ebs shpirt\u00ebror t\u00eb k\u00ebtij kombi, frym\u00ebzues nga gurrat\u00a0 besimeve t\u00eb shqiptar\u00ebve. Dhe ne do t\u00eb vazhdojm\u00eb t\u00eb kemi marr\u00ebdh\u00ebnie t\u00eb shk\u00eblqyera. Besimi yn\u00eb tek Zoti, por dhe vlera t\u00eb tjera hyjnore q\u00eb ne ndajm\u00eb t\u00eb sanksionuara n\u00eb librat e shenjt\u00eb jan\u00eb nj\u00eb faktor tjet\u00ebr i respektit, bashk\u00ebpunimit t\u00eb nd\u00ebrsjellt\u00eb. Familja e cila n\u00eb besimet fetare \u00ebsht\u00eb sa hyjnore dhe tok\u00ebsore. Atdheu. Pra shtyllat kryesore t\u00eb programi i kemi t\u00eb p\u00ebbashk\u00ebta me besimet fetare n\u00eb Shqip\u00ebri.<\/p>\n<p>Lidhur me shtetin Bektashi, kjo \u00ebsht\u00eb nj\u00eb p\u00ebrpjekje armiq\u00ebsore p\u00ebr t\u00eb p\u00ebr\u00e7ar\u00eb besimin mysliman n\u00eb Shqip\u00ebri. Kjo \u00ebsht\u00eb nj\u00eb thik\u00eb pas shpine ndaj besimit mysliman n\u00eb Shqip\u00ebri. Por kjo \u00ebsht\u00eb sigurisht dhe nj\u00eb goditje indirekte e besimeve t\u00eb tjera.<\/p>\n<p>Bektashinjt\u00eb shqiptar\u00eb t\u00eb cil\u00ebve un\u00eb u shpreh respektin tim m\u00eb t\u00eb thell\u00eb, kan\u00eb patur nj\u00eb rol t\u00eb ve\u00e7an\u00eb n\u00eb historin\u00eb e k\u00ebtij kombi dhe vendi. Kurr\u00eb p\u00ebrpjekjet e tyre gjigante nuk kan\u00eb qen\u00eb ve\u00e7 se p\u00ebr nj\u00eb shtet sovran, unik, p\u00ebr nj\u00eb Shqip\u00ebri t\u00eb pavarur dhe unike. Asnj\u00ebher\u00eb p\u00ebr nj\u00eb shtet islamik, asnj\u00ebher\u00eb p\u00ebr nj\u00eb shtet sovran n\u00eb kurriz t\u00eb sovranitetit t\u00eb Shqip\u00ebris\u00eb.<\/p>\n<p>Asnj\u00ebher\u00eb nuk kan\u00eb \u00ebnd\u00ebrruar nj\u00eb shtet si Vatikani sepse ata din\u00eb q\u00eb Shqip\u00ebria \u00ebsht\u00eb nj\u00eb vend plureligjoz. Shqip\u00ebria \u00ebsht\u00eb dheu i myliman\u00ebve, katolik\u00ebve, ortodoks\u00ebve, protestant\u00ebve dhe Shqip\u00ebria p\u00ebrb\u00ebn modelin m\u00eb t\u00eb shk\u00eblqyer t\u00eb bashk\u00ebpunimit dhe toleranc\u00ebs nd\u00ebr fetare.<\/p>\n<p>Krijimi i nj\u00eb shteti me ekstratorriaralitet n\u00eb kryegjyshat\u00ebn e Tiran\u00ebs dhe 170 teqe si\u00e7 predikon Edi Rama \u00ebsht\u00eb nj\u00eb cop\u00ebzim i tmerrsh\u00ebm i territorit t\u00eb Shqip\u00ebris\u00eb, q\u00eb nuk mund t\u00eb ndodh\u00eb kurr\u00eb.<\/p>\n<p>Njohja e sovranitetit t\u00eb nj\u00eb shteti me bank\u00eb dhe pasaporta diplomatike t\u00eb l\u00ebshuara prej tij, etj., etj., do t\u00eb thot\u00eb t\u00eb krijosh k\u00ebtu streh\u00ebn m\u00eb gjigante t\u00eb trafikant\u00ebve t\u00eb mbar\u00eb bot\u00ebs. Jasht\u00eb kontrollit nd\u00ebrkomb\u00ebtar financiar. Nuk ka bektashi t\u00eb ndersh\u00ebm n\u00eb Shqip\u00ebri q\u00eb pranon nj\u00eb projekt t\u00eb till\u00eb anti shqiptar, antifetar, antikomb\u00ebtar\u201d, tha Berisha.<\/p>\n","protected":false},"excerpt":{"rendered":"<p>Kreu i PD, Sali Berisha deklaroi se Lidhur me shtetin Bektashi, kjo \u00ebsht\u00eb nj\u00eb p\u00ebrpjekje armiq\u00ebsore p\u00ebr t\u00eb p\u00ebr\u00e7ar\u00eb besimin mysliman n\u00eb Shqip\u00ebri, si nj\u00eb \u00a0nj\u00eb thik\u00eb pas shpine ndaj k\u00ebtij besimi. Berisha tha se, njohja e sovranitetit t\u00eb nj\u00eb shteti me bank\u00eb dhe pasaporta diplomatike t\u00eb l\u00ebshuara prej tij, etj., etj., do t\u00eb thot\u00eb &hellip;<\/p>\n","protected":false},"author":4,"featured_media":104692,"comment_status":"closed","ping_status":"closed","sticky":false,"template":"","format":"standard","meta":{"footnotes":""},"categories":[37],"tags":[],"class_list":["post-104694","post","type-post","status-publish","format-standard","has-post-thumbnail","","category-politike"],"_links":{"self":[{"href":"https:\/\/rdnews.al\/index.php\/wp-json\/wp\/v2\/posts\/104694","targetHints":{"allow":["GET"]}}],"collection":[{"href":"https:\/\/rdnews.al\/index.php\/wp-json\/wp\/v2\/posts"}],"about":[{"href":"https:\/\/rdnews.al\/index.php\/wp-json\/wp\/v2\/types\/post"}],"author":[{"embeddable":true,"href":"https:\/\/rdnews.al\/index.php\/wp-json\/wp\/v2\/users\/4"}],"replies":[{"embeddable":true,"href":"https:\/\/rdnews.al\/index.php\/wp-json\/wp\/v2\/comments?post=104694"}],"version-history":[{"count":1,"href":"https:\/\/rdnews.al\/index.php\/wp-json\/wp\/v2\/posts\/104694\/revisions"}],"predecessor-version":[{"id":104695,"href":"https:\/\/rdnews.al\/index.php\/wp-json\/wp\/v2\/posts\/104694\/revisions\/104695"}],"wp:featuredmedia":[{"embeddable":true,"href":"https:\/\/rdnews.al\/index.php\/wp-json\/wp\/v2\/media\/104692"}],"wp:attachment":[{"href":"https:\/\/rdnews.al\/index.php\/wp-json\/wp\/v2\/media?parent=104694"}],"wp:term":[{"taxonomy":"category","embeddable":true,"href":"https:\/\/rdnews.al\/index.php\/wp-json\/wp\/v2\/categories?post=104694"},{"taxonomy":"post_tag","embeddable":true,"href":"https:\/\/rdnews.al\/index.php\/wp-json\/wp\/v2\/tags?post=104694"}],"curies":[{"name":"wp","href":"https:\/\/api.w.org\/{rel}","templated":true}]}}