{"id":104697,"date":"2025-02-15T12:18:39","date_gmt":"2025-02-15T12:18:39","guid":{"rendered":"https:\/\/rdnews.al\/?p=104697"},"modified":"2025-02-15T12:18:39","modified_gmt":"2025-02-15T12:18:39","slug":"berisha-rama-paralajmeroi-termetin-dhe-flaken-qe-do-e-djege-ate-ne-zgjedhjet-e-11-majit","status":"publish","type":"post","link":"https:\/\/rdnews.al\/index.php\/2025\/02\/15\/berisha-rama-paralajmeroi-termetin-dhe-flaken-qe-do-e-djege-ate-ne-zgjedhjet-e-11-majit\/","title":{"rendered":"Berisha: Rama paralajm\u00ebroi t\u00ebrmetin dhe flak\u00ebn q\u00eb do e djeg\u00eb at\u00eb n\u00eb zgjedhjet e 11 majit"},"content":{"rendered":"<p>Kreu i Partis\u00eb Demokratike, Sali Berisha deklaroi se qytetar\u00ebt jan\u00eb d\u00ebshmitar\u00eb t\u00eb tre rezolutave nd\u00ebrkomb\u00ebtare q\u00eb ska ndodhur kurr\u00eb her\u00eb tjet\u00ebr, me t\u00eb cilat Edi Rama u damkos si njeriu q\u00eb b\u00ebn zgjedhje fasad\u00eb<\/p>\n<p>Berisha tha se, skena q\u00eb pan\u00eb shqiptar\u00ebt e shkallmimit, tregon se ai ka humbur kontrollin, fiqirin. Tregon se ai \u00ebsht\u00eb i gatsh\u00ebm p\u00ebr gjith\u00e7ka. Por t\u00eb jeni t\u00eb sigurt\u00eb se asgj\u00eb nuk e shp\u00ebton nga verdikti i shqiptar\u00ebve n\u00eb 11 maj.<\/p>\n<p>\u201cKryeministri paralajm\u00ebroi t\u00ebrmetin dhe flak\u00ebn q\u00eb do e djeg\u00eb at\u00eb n\u00eb zgjedhjet e 11 majit. Ne kemi b\u00ebr\u00eb nj\u00eb mbrojtje. Ju jeni d\u00ebshmitar\u00eb t\u00eb tre rezolutave nd\u00ebrkomb\u00ebtare q\u00eb ska ndodhur kurr\u00eb her\u00eb tjet\u00ebr, me t\u00eb cilat Edi Rama u damkos si njeriu q\u00eb b\u00ebn zgjedhje fasad\u00eb. \u00c7far\u00eb tha zv\/presidenti JD Vance n\u00eb Mynih, ai tha se, arrestoni lider t\u00eb opozit\u00ebs, vendosni censur\u00eb. Ky \u00ebsht\u00eb armiku juaj, kjo q\u00eb b\u00ebni. Pra ishte nj\u00eb thirrje p\u00ebr \u00e7do shqiptar.<\/p>\n<p>N\u00eb fakt ishte nj\u00eb paralajm\u00ebrim tep\u00ebr serioz p\u00ebr Edi Ram\u00ebn. Sepse t\u00eb dashur miq, n\u00eb at\u00eb sall\u00eb me lider t\u00eb opozit\u00ebs t\u00eb arrestuar ishte vet\u00ebm Edi Rama dhe Llukashenko. Por Llukashenko nuk ishte. T\u00eb tjer\u00ebt nuk kishin lider t\u00eb opozit\u00ebs. Pra, nuk u vu emri, por indirekt ishte Edi Rama ai q\u00eb u p\u00ebrmend se arreston lider t\u00eb opozit\u00ebs.<\/p>\n<p>K\u00ebshtu, skena q\u00eb pan\u00eb shqiptar\u00ebt e shkallmimit, tregon se ai ka humbur kontrollin, fiqirin. Tregon se ai \u00ebsht\u00eb i gatsh\u00ebm p\u00ebr gjith\u00e7ka. Por t\u00eb jeni t\u00eb sigurt\u00eb se asgj\u00eb nuk e shp\u00ebton nga verdikti i shqiptar\u00ebve n\u00eb 11 maj\u201d, tha Berisha.<\/p>\n","protected":false},"excerpt":{"rendered":"<p>Kreu i Partis\u00eb Demokratike, Sali Berisha deklaroi se qytetar\u00ebt jan\u00eb d\u00ebshmitar\u00eb t\u00eb tre rezolutave nd\u00ebrkomb\u00ebtare q\u00eb ska ndodhur kurr\u00eb her\u00eb tjet\u00ebr, me t\u00eb cilat Edi Rama u damkos si njeriu q\u00eb b\u00ebn zgjedhje fasad\u00eb Berisha tha se, skena q\u00eb pan\u00eb shqiptar\u00ebt e shkallmimit, tregon se ai ka humbur kontrollin, fiqirin. Tregon se ai \u00ebsht\u00eb i &hellip;<\/p>\n","protected":false},"author":4,"featured_media":104684,"comment_status":"closed","ping_status":"closed","sticky":false,"template":"","format":"standard","meta":{"footnotes":""},"categories":[37],"tags":[],"class_list":["post-104697","post","type-post","status-publish","format-standard","has-post-thumbnail","","category-politike"],"_links":{"self":[{"href":"https:\/\/rdnews.al\/index.php\/wp-json\/wp\/v2\/posts\/104697","targetHints":{"allow":["GET"]}}],"collection":[{"href":"https:\/\/rdnews.al\/index.php\/wp-json\/wp\/v2\/posts"}],"about":[{"href":"https:\/\/rdnews.al\/index.php\/wp-json\/wp\/v2\/types\/post"}],"author":[{"embeddable":true,"href":"https:\/\/rdnews.al\/index.php\/wp-json\/wp\/v2\/users\/4"}],"replies":[{"embeddable":true,"href":"https:\/\/rdnews.al\/index.php\/wp-json\/wp\/v2\/comments?post=104697"}],"version-history":[{"count":1,"href":"https:\/\/rdnews.al\/index.php\/wp-json\/wp\/v2\/posts\/104697\/revisions"}],"predecessor-version":[{"id":104698,"href":"https:\/\/rdnews.al\/index.php\/wp-json\/wp\/v2\/posts\/104697\/revisions\/104698"}],"wp:featuredmedia":[{"embeddable":true,"href":"https:\/\/rdnews.al\/index.php\/wp-json\/wp\/v2\/media\/104684"}],"wp:attachment":[{"href":"https:\/\/rdnews.al\/index.php\/wp-json\/wp\/v2\/media?parent=104697"}],"wp:term":[{"taxonomy":"category","embeddable":true,"href":"https:\/\/rdnews.al\/index.php\/wp-json\/wp\/v2\/categories?post=104697"},{"taxonomy":"post_tag","embeddable":true,"href":"https:\/\/rdnews.al\/index.php\/wp-json\/wp\/v2\/tags?post=104697"}],"curies":[{"name":"wp","href":"https:\/\/api.w.org\/{rel}","templated":true}]}}