{"id":104701,"date":"2025-02-15T12:27:35","date_gmt":"2025-02-15T12:27:35","guid":{"rendered":"https:\/\/rdnews.al\/?p=104701"},"modified":"2025-02-15T12:27:35","modified_gmt":"2025-02-15T12:27:35","slug":"berisha-reforma-e-xhorxh-sorosit-dhe-jo-vetem-e-tij-u-shkaterroi-shqiptareve-sistemin-e-drejtesise","status":"publish","type":"post","link":"https:\/\/rdnews.al\/index.php\/2025\/02\/15\/berisha-reforma-e-xhorxh-sorosit-dhe-jo-vetem-e-tij-u-shkaterroi-shqiptareve-sistemin-e-drejtesise\/","title":{"rendered":"Berisha: Reforma e Xhorxh Sorosit, dhe jo vet\u00ebm e tij, u shkat\u00ebrroi shqiptar\u00ebve sistemin e drejt\u00ebsis\u00eb!"},"content":{"rendered":"<p>Kryetari i Partis\u00eb Demokratike, Sali Berisha tha se rryshfeti q\u00eb i paguhet drejt\u00ebsis\u00eb sot \u00ebsht\u00eb minimumi 3-5 her\u00eb m\u00eb i madh se sa paguhej m\u00eb par\u00eb.<\/p>\n<p>Berisha tha se, kemi deklaruar p\u00ebrpar\u00ebsi absolute \u00ebsht\u00eb bashk\u00ebpunimi yn\u00eb dhe p\u00ebrgjigja ndaj k\u00ebtij problemi n\u00eb bashk\u00ebpunim me Komisionin e Venecias, edhe pse nuk \u00ebsht\u00eb e leht\u00eb, sepse ata q\u00eb e rr\u00ebnuan dhe i lan\u00eb shqiptar\u00ebt pa sistem drejt\u00ebsie.<\/p>\n<p>Dosjet e qytetar\u00ebve n\u00eb gjykata, q\u00eb po rriten nga viti n\u00eb vit dhe nuk po zvog\u00eblohen, t\u00eb cilat 3 vite m\u00eb par\u00eb ishin 136 mij\u00eb, sot jan\u00eb 150 mij\u00eb, jan\u00eb problemi nd\u00ebr m\u00eb t\u00eb m\u00ebdhenjt\u00eb n\u00eb historin\u00eb e shtetit shqiptar.<\/p>\n<p>Reforma e Xhorxh Sorosit, dhe jo vet\u00ebm e tij, u shkat\u00ebrroi shqiptar\u00ebve sistemin e drejt\u00ebsis\u00eb, nuk them se ishte pa t\u00eb meta.<\/p>\n<p>Por nuk ishte kurr\u00eb ky q\u00eb \u00ebsht\u00eb sot.<\/p>\n<p>Sot \u00e7do shqiptar pret t\u00eb pakt\u00ebn 15 vjet p\u00ebr nj\u00eb proces civil ose paguan qimet e kok\u00ebs ryshfet p\u00ebr t\u00eb afruar dat\u00ebn e tij.<\/p>\n<p>Sot ryshfeti q\u00eb i paguhet drejt\u00ebsis\u00eb \u00ebsht\u00eb minimumi 3-5 her\u00eb m\u00eb i madh se sa paguhej m\u00eb par\u00eb.<\/p>\n<p>Kemi deklaruar p\u00ebrpar\u00ebsi absolute \u00ebsht\u00eb bashk\u00ebpunimi yn\u00eb dhe p\u00ebrgjigja ndaj k\u00ebtij problemi n\u00eb bashk\u00ebpunim me Komisionin e Venecias.<\/p>\n<p>Nuk \u00ebsht\u00eb e leht\u00eb, sepse ata q\u00eb e rr\u00ebnuan dhe i lan\u00eb shqiptar\u00ebt pa sistem drejt\u00ebsie, i lan\u00eb pa proces t\u00eb drejt\u00eb ligjor, ata nuk duhet t\u00eb pranojn\u00eb k\u00ebt\u00eb realitet.<\/p>\n<p>A keni d\u00ebgjuar ndonj\u00eb prej tyre t\u00eb qaj\u00eb hallin se ju prisni, se ju nuk merrni vendime gjykatash?<\/p>\n<p>Sikur nuk jeni njer\u00ebz, por liliput\u00eb.<\/p>\n<p>Garantoj shqiptar\u00ebt se kjo \u00ebsht\u00eb nj\u00eb p\u00ebrpar\u00ebsi absolute e jona dhe po me institucionet m\u00eb t\u00eb mira nd\u00ebrkomb\u00ebtare do i japim p\u00ebrgjigjen m\u00eb t\u00eb mir\u00eb.<\/p>\n<p>Situata \u00ebsht\u00eb emergjente, do marr\u00eb p\u00ebrgjigje emergjente.<\/p>\n<p>Ne po punojm\u00eb me ekspert\u00ebt m\u00eb t\u00eb m\u00ebdhenj n\u00eb Europ\u00eb, po p\u00ebrgatitemi q\u00eb pas ardhjes n\u00eb pushtet, pa humbur koh\u00eb, t\u00eb kalohet n\u00eb veprim.<\/p>\n<p>P\u00ebr sa i p\u00ebrket t\u00eb p\u00ebrndjekurve, pres me k\u00ebnaq\u00ebsi takimin jav\u00ebn e ardhshme me t\u00eb p\u00ebrndjekurit politik\u00eb me t\u00eb cil\u00ebt do finalizohet programi.<\/p>\n<p>Dhe i garantoj se qeveria, d\u00ebmshp\u00ebrblimin dhe kompensimin e tyre do e ket\u00eb nj\u00eb p\u00ebrpar\u00ebsi madhore t\u00eb programuar dhe brenda k\u00ebtij mandati do shlyhet \u00e7do detyrim q\u00eb shoq\u00ebria shqiptare ka ndaj\u201d, tha Berisha.<\/p>\n","protected":false},"excerpt":{"rendered":"<p>Kryetari i Partis\u00eb Demokratike, Sali Berisha tha se rryshfeti q\u00eb i paguhet drejt\u00ebsis\u00eb sot \u00ebsht\u00eb minimumi 3-5 her\u00eb m\u00eb i madh se sa paguhej m\u00eb par\u00eb. Berisha tha se, kemi deklaruar p\u00ebrpar\u00ebsi absolute \u00ebsht\u00eb bashk\u00ebpunimi yn\u00eb dhe p\u00ebrgjigja ndaj k\u00ebtij problemi n\u00eb bashk\u00ebpunim me Komisionin e Venecias, edhe pse nuk \u00ebsht\u00eb e leht\u00eb, sepse ata &hellip;<\/p>\n","protected":false},"author":4,"featured_media":104692,"comment_status":"closed","ping_status":"closed","sticky":false,"template":"","format":"standard","meta":{"footnotes":""},"categories":[37],"tags":[],"class_list":["post-104701","post","type-post","status-publish","format-standard","has-post-thumbnail","","category-politike"],"_links":{"self":[{"href":"https:\/\/rdnews.al\/index.php\/wp-json\/wp\/v2\/posts\/104701","targetHints":{"allow":["GET"]}}],"collection":[{"href":"https:\/\/rdnews.al\/index.php\/wp-json\/wp\/v2\/posts"}],"about":[{"href":"https:\/\/rdnews.al\/index.php\/wp-json\/wp\/v2\/types\/post"}],"author":[{"embeddable":true,"href":"https:\/\/rdnews.al\/index.php\/wp-json\/wp\/v2\/users\/4"}],"replies":[{"embeddable":true,"href":"https:\/\/rdnews.al\/index.php\/wp-json\/wp\/v2\/comments?post=104701"}],"version-history":[{"count":1,"href":"https:\/\/rdnews.al\/index.php\/wp-json\/wp\/v2\/posts\/104701\/revisions"}],"predecessor-version":[{"id":104702,"href":"https:\/\/rdnews.al\/index.php\/wp-json\/wp\/v2\/posts\/104701\/revisions\/104702"}],"wp:featuredmedia":[{"embeddable":true,"href":"https:\/\/rdnews.al\/index.php\/wp-json\/wp\/v2\/media\/104692"}],"wp:attachment":[{"href":"https:\/\/rdnews.al\/index.php\/wp-json\/wp\/v2\/media?parent=104701"}],"wp:term":[{"taxonomy":"category","embeddable":true,"href":"https:\/\/rdnews.al\/index.php\/wp-json\/wp\/v2\/categories?post=104701"},{"taxonomy":"post_tag","embeddable":true,"href":"https:\/\/rdnews.al\/index.php\/wp-json\/wp\/v2\/tags?post=104701"}],"curies":[{"name":"wp","href":"https:\/\/api.w.org\/{rel}","templated":true}]}}