{"id":104703,"date":"2025-02-15T17:36:23","date_gmt":"2025-02-15T17:36:23","guid":{"rendered":"https:\/\/rdnews.al\/?p=104703"},"modified":"2025-02-15T17:36:23","modified_gmt":"2025-02-15T17:36:23","slug":"perplasja-e-klaneve-ne-ps-mucollari-bashkia-e-tiranes-u-mohon-qindra-banoreve-levizjen-e-lire-dhe-sherbimet-e-tyre","status":"publish","type":"post","link":"https:\/\/rdnews.al\/index.php\/2025\/02\/15\/perplasja-e-klaneve-ne-ps-mucollari-bashkia-e-tiranes-u-mohon-qindra-banoreve-levizjen-e-lire-dhe-sherbimet-e-tyre\/","title":{"rendered":"P\u00ebrplasja e klaneve n\u00eb PS\/ Mu\u00e7ollari: Bashkia e Tiran\u00ebs u mohon qindra banor\u00ebve l\u00ebvizjen e lir\u00eb dhe sh\u00ebrbimet e tyre"},"content":{"rendered":"<p><strong>Deklarata e an\u00ebtarit t\u00eb kryesis\u00eb s\u00eb PD, Grigels Mu\u00e7ollari:<\/strong><\/p>\n<p>Ndodhemi n\u00eb rrug\u00ebn \u2018Alije K\u00eblli\u00e7i\u2019, n\u00eb fund t\u00eb Fush\u00ebs s\u00eb Aviacionit. Kemi nj\u00eb rast flagrant ku Bashkia, n\u00eb vend q\u00eb t\u00eb ishte n\u00eb krah t\u00eb qytetar\u00ebve, t\u00eb banor\u00ebve, ka dal\u00eb kund\u00ebr tyre dhe po u nxin jet\u00ebn prej me shume se dy vite.<\/p>\n<p>Qindra familje kan\u00eb nd\u00ebrtuar k\u00ebtu sht\u00ebpin\u00eb me mundin e djers\u00ebn e tyre, sht\u00ebpi t\u00eb legalizuara, secila prej tyre me kodin postal. Nd\u00ebrkoh\u00eb papritur, vjen Bashkia dhe vendos tju mbylle rrug\u00ebn. Vendos ti izoloj\u00eb. Ua b\u00ebn t\u00eb pamundur t\u00eb hyn\u00eb dhe t\u00eb dalin nga banesat e tyre. Me nj\u00eb projekt, q\u00eb fsheh interesa okulte. Banor\u00ebt jan\u00eb t\u00eb bindur se Bashkia po e b\u00ebn p\u00ebr t\u2019i detyruar banor\u00ebt t\u00eb largohen n\u00eb favor t\u00eb marr\u00ebveshjeve me nd\u00ebrtues te cil\u00ebt k\u00ebrkojn\u00eb pronat e tyre p\u00ebr t\u00eb nd\u00ebrtuar sipas kushteve e kritereve q\u00eb ata duan. Pra bashkia b\u00ebhet pal\u00eb me klient\u00ebt e saj, kund\u00ebr banor\u00ebve. E gjitha kjo, edhe n\u00eb kund\u00ebrshtim madje edhe me at\u00eb q\u00eb ka k\u00ebrkuar Autoriteti Rrugor.<\/p>\n<p>Sipas shkres\u00ebs ne fjale Autoriteti Rrugor e ka vene ne dijeni Bashkine qe e ka detyrim ligjor zgjidhjen e k\u00ebtij problemi te banoreve p\u00ebr rrug\u00ebt \u201cV\u00ebllaz\u00ebrimi\u201d, \u201cAlije K\u00eblli\u00e7i\u201d dhe madje ka vene ne dijeni edhe K\u00ebshillin e ministrave qe prej vitit 2022.<\/p>\n<p>Por Bashkia, madje dhe K\u00ebshilli i Ministrave nuk denjojn\u00eb as t\u00eb kthejn\u00eb p\u00ebrgjigje, ecin p\u00ebrpara kund\u00ebr banor\u00ebve. Projekti i bashkis\u00eb i mbyll p\u00ebrfundimisht rrug\u00ebn qindrave familjeve p\u00ebr t\u00eb shkuar n\u00eb sht\u00ebpin\u00eb e tyre, ky projekt nuk i jep mund\u00ebsin\u00eb as ambulanc\u00ebs as zjarrfik\u00ebses t\u2019ju ofroje ndihm\u00eb qytetar\u00ebve.<\/p>\n<p>Ky projekt abuziv qe shkel te drejt\u00ebn e servitutit, rrezikon jet\u00ebn e familjeve n\u00eb fjal\u00eb.<\/p>\n<p>Jemi k\u00ebtu p\u00ebr ta denoncuar k\u00ebt\u00eb afer\u00eb dhe p\u00ebr t\u00eb b\u00ebr\u00eb q\u00eb z\u00ebri I k\u00ebtyre qytetar\u00ebve t\u00eb d\u00ebgjohet.<\/p>\n<p>I b\u00ebjm\u00eb thirrje bashkise se Tiranes ti japin zgjidhje te menj\u00ebhershme k\u00ebtij problemi jetik te qindra familjeve. Qytetaret duan zgjidhje dhe nuk ju intereson lufta e klaneve brenda PS se.<\/p>\n<p>Ju b\u00ebjm\u00eb thirrje ti japin menj\u00ebher\u00eb zgjidhje pasi ne te kund\u00ebrt do te p\u00ebrballen me nj\u00eb kall\u00ebzim penal p\u00ebr shp\u00ebrdorim detyre.<\/p>\n<p>I b\u00ebjm\u00eb thirrje Shoq\u00ebris\u00eb Salillari te nd\u00ebrpres\u00eb punimet e jasht\u00ebligjshme p\u00ebr bllokimin e rrug\u00ebs.<\/p>\n<p>E drejta e servitutit \u00ebsht\u00eb nj\u00eb e drejte e parashikuar qe prej Kanunit te Leke Dukagjinit deri ne dit\u00ebt e sotme ne \u00e7do kod ligjor te Shqip\u00ebris\u00eb dhe shoq\u00ebrive per\u00ebndimore.<\/p>\n<figure class=\"wp-block-image size-large\"><img loading=\"lazy\" decoding=\"async\" class=\"wp-image-18002\" src=\"https:\/\/pd.al\/wp-content\/uploads\/2025\/02\/WhatsApp-Image-2025-02-15-at-14.13.23-768x1024.jpeg\" sizes=\"auto, (max-width: 768px) 100vw, 768px\" srcset=\"https:\/\/pd.al\/wp-content\/uploads\/2025\/02\/WhatsApp-Image-2025-02-15-at-14.13.23-768x1024.jpeg 768w, https:\/\/pd.al\/wp-content\/uploads\/2025\/02\/WhatsApp-Image-2025-02-15-at-14.13.23-225x300.jpeg 225w, https:\/\/pd.al\/wp-content\/uploads\/2025\/02\/WhatsApp-Image-2025-02-15-at-14.13.23-1152x1536.jpeg 1152w, https:\/\/pd.al\/wp-content\/uploads\/2025\/02\/WhatsApp-Image-2025-02-15-at-14.13.23.jpeg 1200w\" alt=\"\" width=\"768\" height=\"1024\" \/><\/figure>\n<figure class=\"wp-block-image size-large\"><img loading=\"lazy\" decoding=\"async\" class=\"wp-image-18003\" src=\"https:\/\/pd.al\/wp-content\/uploads\/2025\/02\/WhatsApp-Image-2025-02-15-at-14.13.40-768x1024.jpeg\" sizes=\"auto, (max-width: 768px) 100vw, 768px\" srcset=\"https:\/\/pd.al\/wp-content\/uploads\/2025\/02\/WhatsApp-Image-2025-02-15-at-14.13.40-768x1024.jpeg 768w, https:\/\/pd.al\/wp-content\/uploads\/2025\/02\/WhatsApp-Image-2025-02-15-at-14.13.40-225x300.jpeg 225w, https:\/\/pd.al\/wp-content\/uploads\/2025\/02\/WhatsApp-Image-2025-02-15-at-14.13.40-1152x1536.jpeg 1152w, https:\/\/pd.al\/wp-content\/uploads\/2025\/02\/WhatsApp-Image-2025-02-15-at-14.13.40.jpeg 1200w\" alt=\"\" width=\"768\" height=\"1024\" \/><\/figure>\n","protected":false},"excerpt":{"rendered":"<p>Deklarata e an\u00ebtarit t\u00eb kryesis\u00eb s\u00eb PD, Grigels Mu\u00e7ollari: Ndodhemi n\u00eb rrug\u00ebn \u2018Alije K\u00eblli\u00e7i\u2019, n\u00eb fund t\u00eb Fush\u00ebs s\u00eb Aviacionit. Kemi nj\u00eb rast flagrant ku Bashkia, n\u00eb vend q\u00eb t\u00eb ishte n\u00eb krah t\u00eb qytetar\u00ebve, t\u00eb banor\u00ebve, ka dal\u00eb kund\u00ebr tyre dhe po u nxin jet\u00ebn prej me shume se dy vite. Qindra familje kan\u00eb &hellip;<\/p>\n","protected":false},"author":4,"featured_media":104704,"comment_status":"closed","ping_status":"closed","sticky":false,"template":"","format":"standard","meta":{"footnotes":""},"categories":[37],"tags":[],"class_list":["post-104703","post","type-post","status-publish","format-standard","has-post-thumbnail","","category-politike"],"_links":{"self":[{"href":"https:\/\/rdnews.al\/index.php\/wp-json\/wp\/v2\/posts\/104703","targetHints":{"allow":["GET"]}}],"collection":[{"href":"https:\/\/rdnews.al\/index.php\/wp-json\/wp\/v2\/posts"}],"about":[{"href":"https:\/\/rdnews.al\/index.php\/wp-json\/wp\/v2\/types\/post"}],"author":[{"embeddable":true,"href":"https:\/\/rdnews.al\/index.php\/wp-json\/wp\/v2\/users\/4"}],"replies":[{"embeddable":true,"href":"https:\/\/rdnews.al\/index.php\/wp-json\/wp\/v2\/comments?post=104703"}],"version-history":[{"count":1,"href":"https:\/\/rdnews.al\/index.php\/wp-json\/wp\/v2\/posts\/104703\/revisions"}],"predecessor-version":[{"id":104705,"href":"https:\/\/rdnews.al\/index.php\/wp-json\/wp\/v2\/posts\/104703\/revisions\/104705"}],"wp:featuredmedia":[{"embeddable":true,"href":"https:\/\/rdnews.al\/index.php\/wp-json\/wp\/v2\/media\/104704"}],"wp:attachment":[{"href":"https:\/\/rdnews.al\/index.php\/wp-json\/wp\/v2\/media?parent=104703"}],"wp:term":[{"taxonomy":"category","embeddable":true,"href":"https:\/\/rdnews.al\/index.php\/wp-json\/wp\/v2\/categories?post=104703"},{"taxonomy":"post_tag","embeddable":true,"href":"https:\/\/rdnews.al\/index.php\/wp-json\/wp\/v2\/tags?post=104703"}],"curies":[{"name":"wp","href":"https:\/\/api.w.org\/{rel}","templated":true}]}}