{"id":104706,"date":"2025-02-15T17:41:36","date_gmt":"2025-02-15T17:41:36","guid":{"rendered":"https:\/\/rdnews.al\/?p=104706"},"modified":"2025-02-15T17:41:36","modified_gmt":"2025-02-15T17:41:36","slug":"nga-xhafaj-te-sadushi-e-toska-si-do-te-jete-fati-i-polit-te-drejtesise-se-veliajt","status":"publish","type":"post","link":"https:\/\/rdnews.al\/index.php\/2025\/02\/15\/nga-xhafaj-te-sadushi-e-toska-si-do-te-jete-fati-i-polit-te-drejtesise-se-veliajt\/","title":{"rendered":"Nga Xhafaj te Sadushi e Toska, si do t\u00eb jet\u00eb fati i \u201cpolit t\u00eb drejt\u00ebsis\u00eb s\u00eb Veliajt\u201d"},"content":{"rendered":"<p><strong>Nga Boldnews.al<\/strong><\/p>\n<p>Arrestimi i kryebashkiakut t\u00eb Tiran\u00ebs, Erion Veliaj, krahas aspektit penal, ka nj\u00eb ndikim t\u00eb fort edhe n\u00eb rrafshin politik.<\/p>\n<p>Ai \u00ebsht\u00eb par\u00eb prej koh\u00ebsh si pasuesi i mundsh\u00ebm i Edi Ram\u00ebs n\u00eb krye t\u00eb Partis\u00eb Socialiste dhe duket se kjo d\u00ebshir\u00eb \u201ci h\u00ebngri kok\u00ebn\u201d, p\u00ebrball\u00eb kryeministrit q\u00eb ka kontroll absolut mbi forc\u00ebn politike, por edhe n\u00eb sistemin e drejt\u00ebsis\u00eb.<\/p>\n<p>Vite m\u00eb par\u00eb, ish-ministri i Brendsh\u00ebm, Saimir Tahiri, krijoi kupol\u00ebn e tij t\u00eb Policis\u00eb s\u00eb Shtetit, njer\u00ebz t\u00eb besuar dhe \u201ctepelens\u201d, duke krijuar nj\u00eb pol t\u00eb r\u00ebnd\u00ebsish\u00ebm politik. Fati i Tahirit tashm\u00eb \u00ebsht\u00eb i njohur.<\/p>\n<p>Veliaj duket se eci n\u00eb t\u00eb nj\u00ebjtat gjurm\u00eb t\u00eb Tahirit, duke krijuar nj\u00eb pol t\u00eb tijin t\u00eb r\u00ebnd\u00ebsish\u00ebm brenda Partis\u00eb, por, k\u00ebsaj radhe, jo me Policin\u00eb e Shtetit, por me drejt\u00ebsin\u00eb.<\/p>\n<p>N\u00eb krye t\u00eb \u201cPolit Veliaj\u201d n\u00eb drejt\u00ebsi q\u00ebndron\u00a0<strong><u>Fatmir Xhafaj<\/u><\/strong>. Ish-\u201cbabai\u201d i Reform\u00ebs n\u00eb Drejt\u00ebsi, Xhafaj u largua nga posti i Ministrit t\u00eb Brendsh\u00ebm n\u00eb vitin 2018, pasi v\u00ebllai i tij, Agron (Geron) Xhafaj, u detyrua t\u00eb udh\u00ebtonte drejt Italis\u00eb, ku duhej t\u00eb vuante d\u00ebnimin prej 7 vitesh burgim p\u00ebr p\u00ebrfshirje n\u00eb organizat\u00eb kriminale t\u00eb narko-trafikut. Geroni ishte d\u00ebnuar n\u00eb vitin 2012, por v\u00ebllai i tij minist\u00ebr e mbrojti p\u00ebr disa vite, derisa skandali u publikua dhe Rama nuk mund ta mbante m\u00eb Fatmirin n\u00eb kabinet qeveritar, pasi \u201ci prishte imazhin\u201d.<\/p>\n<figure id=\"attachment_1507735\" class=\"wp-caption alignnone\" aria-describedby=\"caption-attachment-1507735\"><img loading=\"lazy\" decoding=\"async\" class=\"size-full wp-image-1507735\" src=\"https:\/\/boldnews.al\/wp-content\/uploads\/2025\/02\/Xhafaj.jpg\" alt=\"\" width=\"640\" height=\"449\" data-pin-no-hover=\"true\" \/><figcaption id=\"caption-attachment-1507735\" class=\"wp-caption-text\">N\u00eb foto: Fatmir Xhafaj<\/figcaption><\/figure>\n<p>Pas shkarkimit, Xhafaj u m\u00ebnjanua nga jeta e politike e kupol\u00ebs s\u00eb Partis\u00eb Socialiste. N\u00eb zgjedhjet e vitit 2021, Rama e vendosi Xhafajn n\u00eb \u201cfund t\u00eb list\u00ebs\u201d s\u00eb kandidat\u00ebve p\u00ebr deputet n\u00eb Qarkun e Tiran\u00ebs.<\/p>\n<p>Fal\u00eb angazhimit personal t\u00eb Veliaj, si drejtues politik i fushat\u00ebs s\u00eb PS-s\u00eb n\u00eb kryeqytet, si edhe p\u00ebrfshirjes s\u00eb fuqishme t\u00eb \u201c\u00e7unave t\u00eb 5D\u201d, ish-drejtor\u00ebt tashm\u00eb t\u00eb arrestuar t\u00eb Bashkis\u00eb s\u00eb kryqytetit, Fatmir Xhafaj arriti t\u00eb marr\u00eb votat e nevojshme p\u00ebr thyerjen e her\u00ebsit dhe t\u00eb dal\u00eb deputet.<\/p>\n<p>N\u00eb krah t\u00eb Fatmir Xhafajt, m\u00eb sakt\u00eb nj\u00eb lloj \u201cushtari\u201d, ka qen\u00eb dhe vijon t\u00eb jet\u00eb\u00a0<strong><u>Sokol Sadushi<\/u><\/strong>. Ish-Drejtor i Shkoll\u00ebs s\u00eb Magjistratur\u00ebs n\u00eb koh\u00ebn e hartimit t\u00eb Reform\u00ebs n\u00eb Drejt\u00ebsi, Sadushi u katapultua n\u00eb krye t\u00eb Gjykat\u00ebs s\u00eb Lart\u00eb.<\/p>\n<figure id=\"attachment_1507736\" class=\"wp-caption alignnone\" aria-describedby=\"caption-attachment-1507736\"><img loading=\"lazy\" decoding=\"async\" class=\"size-full wp-image-1507736\" src=\"https:\/\/boldnews.al\/wp-content\/uploads\/2025\/02\/WhatsApp-Image-2025-02-15-at-13.43.03.jpeg\" alt=\"\" width=\"627\" height=\"424\" data-pin-no-hover=\"true\" \/><figcaption id=\"caption-attachment-1507736\" class=\"wp-caption-text\">N\u00eb foto: Sokol Sadushi<\/figcaption><\/figure>\n<p>Kjo ndodhi pasi Xhafaj, me nj\u00eb nd\u00ebrhyrje ligjore \u201ct\u00eb momentit t\u00eb fundit\u201d, hoqi kufizimin p\u00ebr em\u00ebrimin n\u00eb poste t\u00eb larta t\u00eb drejt\u00ebsis\u00eb t\u00eb Ekspert\u00ebve t\u00eb Lart\u00eb t\u00eb Reform\u00ebs n\u00eb Drejt\u00ebsi.<\/p>\n<p>Trek\u00ebnd\u00ebshin e \u201cpolit Veliaj\u201d n\u00eb sistemin e drejt\u00ebsis\u00eb e plot\u00ebson\u00a0<strong><u>Ilir Toska<\/u><\/strong><u>.<\/u>\u00a0Nj\u00eb ish-gjyqtar Apeli, Toska u em\u00ebrua n\u00eb Gjykat\u00ebn Kushtetuese.<\/p>\n<p>Ai konsiderohet si \u201ckallauzi\u201d i Xhafajt n\u00eb Kushtetuese dhe zbatuesi i rr\u00ebmuj\u00ebs s\u00eb krijuar me mandatet e an\u00ebtar\u00ebve t\u00eb asaj gjykate. Ilir Toska, fal\u00eb mb\u00ebshtetjes \u201cXhafaj-Sadushi\u201d besohet se do t\u00eb marr\u00eb drejtimin e Gjykat\u00ebs Kushtetuese, pas z\u00ebvend\u00ebsimit t\u00eb kryetares aktuale, Holta Za\u00e7aj.<\/p>\n<figure id=\"attachment_1507737\" class=\"wp-caption alignnone\" aria-describedby=\"caption-attachment-1507737\"><img loading=\"lazy\" decoding=\"async\" class=\"size-full wp-image-1507737\" src=\"https:\/\/boldnews.al\/wp-content\/uploads\/2025\/02\/WhatsApp-Image-2025-02-15-at-13.43.02-2.jpeg\" alt=\"\" width=\"543\" height=\"417\" data-pin-no-hover=\"true\" \/><figcaption id=\"caption-attachment-1507737\" class=\"wp-caption-text\">N\u00eb foto: Ilir Toska<\/figcaption><\/figure>\n<p>Tentakulat e Veliajt n\u00eb drejt\u00ebsi p\u00ebrfshihen edhe n\u00eb drejtime t\u00eb tjera. Nj\u00eb ish-vart\u00ebse e tij e p\u00ebrbetuar n\u00eb organizat\u00ebn \u201cMjaft\u201d,\u00a0<strong>Klotilda Bushka<\/strong>\u00a0(Ferhati), drejton Komisionin Parlamentar t\u00eb Ligjeve.<\/p>\n<figure id=\"attachment_1507738\" class=\"wp-caption alignnone\" aria-describedby=\"caption-attachment-1507738\"><img loading=\"lazy\" decoding=\"async\" class=\"size-full wp-image-1507738\" src=\"https:\/\/boldnews.al\/wp-content\/uploads\/2025\/02\/WhatsApp-Image-2025-02-15-at-13.43.02-1.jpeg\" alt=\"\" width=\"610\" height=\"426\" data-pin-no-hover=\"true\" \/><figcaption id=\"caption-attachment-1507738\" class=\"wp-caption-text\">N\u00eb foto: Klotilda Bushka<\/figcaption><\/figure>\n<p>N\u00eb njoftimin e Prokuroris\u00eb s\u00eb Posa\u00e7me p\u00ebr arrestimin e Veliajt, p\u00ebrmendet edhe Bushka, si nj\u00eb person q\u00eb \u201cka penguar veprimet e drejt\u00ebsis\u00eb\u201d. Emri i saj \u00ebsht\u00eb regjistruar n\u00eb regjistrimin e procedimeve penale, gj\u00eb q\u00eb do t\u00eb thot\u00eb se brenda pak or\u00ebsh apo dit\u00ebsh, Klotilda Bushka do t\u00eb merret e pandehur.<\/p>\n<p>Ministri i Drejt\u00ebsis\u00eb,\u00a0<strong>Ulsi Manja<\/strong>, ka luajtur shpesh n\u00eb dy fusha. Ai nuk ka pasur asnj\u00ebher\u00eb guximit t\u00eb dal\u00eb kund\u00ebr linj\u00ebs \u201cVeliaj-Xhafaj\u201d, por, natyrisht, as nuk duket se e ka \u00e7uar nd\u00ebrmend q\u00eb t\u00eb dal\u00eb kund\u00ebr Ram\u00ebs.<\/p>\n<figure id=\"attachment_1507739\" class=\"wp-caption alignnone\" aria-describedby=\"caption-attachment-1507739\"><img loading=\"lazy\" decoding=\"async\" class=\"size-full wp-image-1507739\" src=\"https:\/\/boldnews.al\/wp-content\/uploads\/2025\/02\/WhatsApp-Image-2025-02-15-at-13.43.02.jpeg\" alt=\"\" width=\"570\" height=\"420\" data-pin-no-hover=\"true\" \/><figcaption id=\"caption-attachment-1507739\" class=\"wp-caption-text\">N\u00eb foto: Ulsi Manja<\/figcaption><\/figure>\n<p>Brenda Prokuroris\u00eb s\u00eb Posa\u00e7me, SPAK, ka nj\u00eb grup q\u00eb konsiderohen si \u201c<strong>prokuror\u00ebt e Erion Veliaj\u201d<\/strong>. Ata mund t\u00eb mos ken\u00eb lidhje drejt\u00ebp\u00ebrdrejt\u00eb me kryetarin e arrestuar t\u00eb Bashkis\u00eb s\u00eb Tiran\u00ebs, por jan\u00eb falenderuar p\u00ebr detyr\u00ebn q\u00eb kan\u00eb vullnetit t\u00eb Fatmir Xhafajt dhe rrjetit t\u00eb k\u00ebtij t\u00eb fundit n\u00eb K\u00ebshillin e Lart\u00eb t\u00eb Prokuroris\u00eb dhe n\u00eb strukturat e Vetingut.<\/p>\n<p>Tashm\u00eb, arrestimi i Veliajt, \u201cpasuesit\u201d, pritet t\u00eb krijoj\u00eb p\u00ebshtjellim edhe n\u00eb \u2018<em>polin e tij t\u00eb drejt\u00ebsis\u00eb<\/em>\u201d.<\/p>\n<p><strong><em>Varianti i par\u00eb<\/em><\/strong>\u00a0\u00ebsht\u00eb q\u00eb ky pol t\u00eb rebelohet ndaj Edi Ram\u00ebs. Ky variant nuk duket i besuesh\u00ebm. Secili prej k\u00ebtyre personazhe, edhe pse jan\u00eb pjes\u00eb e sistemit t\u00eb drejt\u00ebsis\u00eb, e din\u00eb shum\u00eb mir\u00eb q\u00eb nuk ka prokuror q\u00eb t\u00eb mos zbatoj\u00eb vullnetin e shefit t\u00eb Qeveris\u00eb, n\u00eb rast se ky i fundit vendos t\u2019i d\u00ebrgoj\u00eb pas hekurave.<\/p>\n<p><strong><em>Varianti i dyt\u00eb<\/em><\/strong>, edhe m\u00eb i mundsh\u00ebm \u00ebsht\u00eb q\u00eb \u201cpoli i Veliajt n\u00eb drejt\u00ebsi\u201d t\u00eb q\u00ebndroj\u00eb urt\u00eb, n\u00eb pritje t\u00eb nj\u00eb d\u00ebshtimi t\u00eb mundsh\u00ebm politik t\u00eb Ram\u00ebs dhe m\u00eb pas t\u00eb ringjallen.<\/p>\n<p><em>Varianti i tret\u00eb<\/em>\u00a0\u00ebsht\u00eb q\u00eb \u201cpoli\u201d t\u00eb shes\u00eb politikisht sa m\u00eb shpejt Erion Veliajn dhe t\u2019i betohen p\u00ebr p\u00ebrulje Edi Ram\u00ebs, me shpres\u00ebn q\u00eb do t\u2019i mbaj\u00eb n\u00eb konsiderat\u00eb.<\/p>\n","protected":false},"excerpt":{"rendered":"<p>Nga Boldnews.al Arrestimi i kryebashkiakut t\u00eb Tiran\u00ebs, Erion Veliaj, krahas aspektit penal, ka nj\u00eb ndikim t\u00eb fort edhe n\u00eb rrafshin politik. Ai \u00ebsht\u00eb par\u00eb prej koh\u00ebsh si pasuesi i mundsh\u00ebm i Edi Ram\u00ebs n\u00eb krye t\u00eb Partis\u00eb Socialiste dhe duket se kjo d\u00ebshir\u00eb \u201ci h\u00ebngri kok\u00ebn\u201d, p\u00ebrball\u00eb kryeministrit q\u00eb ka kontroll absolut mbi forc\u00ebn politike, &hellip;<\/p>\n","protected":false},"author":4,"featured_media":104707,"comment_status":"closed","ping_status":"closed","sticky":false,"template":"","format":"standard","meta":{"footnotes":""},"categories":[37],"tags":[],"class_list":["post-104706","post","type-post","status-publish","format-standard","has-post-thumbnail","","category-politike"],"_links":{"self":[{"href":"https:\/\/rdnews.al\/index.php\/wp-json\/wp\/v2\/posts\/104706","targetHints":{"allow":["GET"]}}],"collection":[{"href":"https:\/\/rdnews.al\/index.php\/wp-json\/wp\/v2\/posts"}],"about":[{"href":"https:\/\/rdnews.al\/index.php\/wp-json\/wp\/v2\/types\/post"}],"author":[{"embeddable":true,"href":"https:\/\/rdnews.al\/index.php\/wp-json\/wp\/v2\/users\/4"}],"replies":[{"embeddable":true,"href":"https:\/\/rdnews.al\/index.php\/wp-json\/wp\/v2\/comments?post=104706"}],"version-history":[{"count":1,"href":"https:\/\/rdnews.al\/index.php\/wp-json\/wp\/v2\/posts\/104706\/revisions"}],"predecessor-version":[{"id":104708,"href":"https:\/\/rdnews.al\/index.php\/wp-json\/wp\/v2\/posts\/104706\/revisions\/104708"}],"wp:featuredmedia":[{"embeddable":true,"href":"https:\/\/rdnews.al\/index.php\/wp-json\/wp\/v2\/media\/104707"}],"wp:attachment":[{"href":"https:\/\/rdnews.al\/index.php\/wp-json\/wp\/v2\/media?parent=104706"}],"wp:term":[{"taxonomy":"category","embeddable":true,"href":"https:\/\/rdnews.al\/index.php\/wp-json\/wp\/v2\/categories?post=104706"},{"taxonomy":"post_tag","embeddable":true,"href":"https:\/\/rdnews.al\/index.php\/wp-json\/wp\/v2\/tags?post=104706"}],"curies":[{"name":"wp","href":"https:\/\/api.w.org\/{rel}","templated":true}]}}