{"id":104709,"date":"2025-02-15T17:44:30","date_gmt":"2025-02-15T17:44:30","guid":{"rendered":"https:\/\/rdnews.al\/?p=104709"},"modified":"2025-02-15T17:44:30","modified_gmt":"2025-02-15T17:44:30","slug":"xhafari","status":"publish","type":"post","link":"https:\/\/rdnews.al\/index.php\/2025\/02\/15\/xhafari\/","title":{"rendered":"Xhafa(ri)"},"content":{"rendered":"<p><strong>Iva V.GRILLO<\/strong><\/p>\n<p>\u00cbsht\u00eb revoltuese t\u00eb shikosh se si personazhi m\u00eb posht\u00eb, t\u00eb cilin t\u00eb gjith\u00eb e dim\u00eb se cil\u00ebs force politike, filozofie qeveris\u00ebse dhe cilit klan interesash i p\u00ebrket &#8230; vazhdon t\u2019i shes\u00eb d\u00ebngla me &#8220;paan\u00ebsi&#8221; shqiptar\u00ebve.<\/p>\n<p>Ky &#8220;Xhafar&#8221; modern, (q\u00eb mesa duket jo fare p\u00ebr koencidenc\u00eb ka emrin e gjykat\u00ebsit t\u00eb korruptuar tek p\u00ebrrallat me hajdut\u00eb Bagdati) s\u00eb bashku me shok\u00ebt e tij i ka imponuar shqiptar\u00ebve n\u00ebp\u00ebrmjet arrogances, presioneve e manipulimeve nj\u00eb reform\u00eb drejt\u00ebsie t\u00eb prer\u00eb e qepur sipas interesave t\u00eb sektit rilindas n\u00eb t\u00eb cilin Xhafa(ri) b\u00ebn pjes\u00eb.<\/p>\n<p>Xhafa(ri) shqiptar nuk ka si t&#8217;a ket\u00eb shp\u00ebtuar drejt\u00ebsin\u00eb nga kthetrat e politik\u00ebs&#8230;si\u00e7 pretendon paturp\u00ebsisht, sepse Xhafa(ri) \u00ebsht\u00eb i zhytur deri n\u00eb fyt n\u00eb politik\u00eb &#8230; edhe pse n\u00eb \u00e7do vend normal do t\u00eb ishte nxjerr\u00eb nga politika me ceremoni, jo vet\u00ebm p\u00ebr shkak t\u00eb asaj q\u00eb p\u00ebrfaq\u00ebson e shkuara e tij, por edhe e tashmja.<\/p>\n<p><img loading=\"lazy\" decoding=\"async\" class=\"alignnone size-medium wp-image-104710\" src=\"https:\/\/rdnews.al\/wp-content\/uploads\/2025\/02\/xh-300x300.jpg\" alt=\"\" width=\"300\" height=\"300\" srcset=\"https:\/\/rdnews.al\/wp-content\/uploads\/2025\/02\/xh-300x300.jpg 300w, https:\/\/rdnews.al\/wp-content\/uploads\/2025\/02\/xh-150x150.jpg 150w, https:\/\/rdnews.al\/wp-content\/uploads\/2025\/02\/xh.jpg 526w\" sizes=\"auto, (max-width: 300px) 100vw, 300px\" \/><\/p>\n","protected":false},"excerpt":{"rendered":"<p>Iva V.GRILLO \u00cbsht\u00eb revoltuese t\u00eb shikosh se si personazhi m\u00eb posht\u00eb, t\u00eb cilin t\u00eb gjith\u00eb e dim\u00eb se cil\u00ebs force politike, filozofie qeveris\u00ebse dhe cilit klan interesash i p\u00ebrket &#8230; vazhdon t\u2019i shes\u00eb d\u00ebngla me &#8220;paan\u00ebsi&#8221; shqiptar\u00ebve. Ky &#8220;Xhafar&#8221; modern, (q\u00eb mesa duket jo fare p\u00ebr koencidenc\u00eb ka emrin e gjykat\u00ebsit t\u00eb korruptuar tek p\u00ebrrallat &hellip;<\/p>\n","protected":false},"author":4,"featured_media":51216,"comment_status":"closed","ping_status":"closed","sticky":false,"template":"","format":"standard","meta":{"footnotes":""},"categories":[44],"tags":[],"class_list":["post-104709","post","type-post","status-publish","format-standard","has-post-thumbnail","","category-editorial"],"_links":{"self":[{"href":"https:\/\/rdnews.al\/index.php\/wp-json\/wp\/v2\/posts\/104709","targetHints":{"allow":["GET"]}}],"collection":[{"href":"https:\/\/rdnews.al\/index.php\/wp-json\/wp\/v2\/posts"}],"about":[{"href":"https:\/\/rdnews.al\/index.php\/wp-json\/wp\/v2\/types\/post"}],"author":[{"embeddable":true,"href":"https:\/\/rdnews.al\/index.php\/wp-json\/wp\/v2\/users\/4"}],"replies":[{"embeddable":true,"href":"https:\/\/rdnews.al\/index.php\/wp-json\/wp\/v2\/comments?post=104709"}],"version-history":[{"count":1,"href":"https:\/\/rdnews.al\/index.php\/wp-json\/wp\/v2\/posts\/104709\/revisions"}],"predecessor-version":[{"id":104711,"href":"https:\/\/rdnews.al\/index.php\/wp-json\/wp\/v2\/posts\/104709\/revisions\/104711"}],"wp:featuredmedia":[{"embeddable":true,"href":"https:\/\/rdnews.al\/index.php\/wp-json\/wp\/v2\/media\/51216"}],"wp:attachment":[{"href":"https:\/\/rdnews.al\/index.php\/wp-json\/wp\/v2\/media?parent=104709"}],"wp:term":[{"taxonomy":"category","embeddable":true,"href":"https:\/\/rdnews.al\/index.php\/wp-json\/wp\/v2\/categories?post=104709"},{"taxonomy":"post_tag","embeddable":true,"href":"https:\/\/rdnews.al\/index.php\/wp-json\/wp\/v2\/tags?post=104709"}],"curies":[{"name":"wp","href":"https:\/\/api.w.org\/{rel}","templated":true}]}}