{"id":104712,"date":"2025-02-15T17:48:36","date_gmt":"2025-02-15T17:48:36","guid":{"rendered":"https:\/\/rdnews.al\/?p=104712"},"modified":"2025-02-15T17:48:36","modified_gmt":"2025-02-15T17:48:36","slug":"veliaj-tha-do-flas-paloka-rama-po-i-dergon-mesazhe-i-tha-se-nuk-te-kam-shitur-une","status":"publish","type":"post","link":"https:\/\/rdnews.al\/index.php\/2025\/02\/15\/veliaj-tha-do-flas-paloka-rama-po-i-dergon-mesazhe-i-tha-se-nuk-te-kam-shitur-une\/","title":{"rendered":"\u201cVeliaj tha do flas\u201d, Paloka: Rama po i d\u00ebrgon mesazhe, i tha se nuk t\u00eb kam shitur un\u00eb"},"content":{"rendered":"<p>Gjat\u00eb intervist\u00ebs n\u00eb studion e emisionit\u00a0n\u00eb News24, deputeti i PD, Edi Paloka, u shpreh se kryeministri Rama po i d\u00ebrgon mesazhe kryebashkiakut Veliaj, q\u00eb ai t\u00eb mos flas\u00eb.<\/p>\n<p>Sipas Palok\u00ebs, sulmi q\u00eb Rama po i b\u00ebn SPAK, \u00ebsht\u00eb skema q\u00eb duhet t\u00eb besoj\u00eb Veliaj q\u00eb nuk \u00ebsht\u00eb shitur prej kryetarit t\u00eb tij.<\/p>\n<p>\u201cAi nuk do q\u00eb Veliaj t\u00eb besoj\u00eb q\u00eb e shiti Rama, sic ka ndodhur me t\u00eb gjith\u00eb ata q\u00eb i ka shitur ose hapur ose me marer\u00ebveshje.<\/p>\n<p>Dhe Veliaj e ka b\u00ebr\u00eb t\u00eb qart\u00eb se, un\u00eb do flas nuk do hesht. Kjo \u00ebsht\u00eb loj\u00eb diabolike, nuk \u00ebsht\u00eb\u00a0nj\u00ebsoj si thot\u00eb Rama do flas nga zyra e kryeministris\u00eb.<\/p>\n<p>Kjo e ka trembur Ram\u00ebn se e di q\u00eb Veliaj nuk e mban burgun. Veliaj nuk \u00ebsht\u00eb Beqja, q\u00eb ja kalon dhe beqirit. Rama e njeh mir\u00eb Veliajn dhe e di q\u00eb mund t\u00eb flas\u00eb dhe kjo mund t\u00eb jet\u00eb arsyeja q\u00eb ai i tha se nuk t\u00eb kam shitur un\u00eb, por e kan\u00eb ditur prej koh\u00ebsh q\u00eb do arrestohet.<\/p>\n<p>Rama e largoi nga drejtimi i Tiran\u00ebs sic ka b\u00ebr\u00eb me rastet e tjera, ai e dinte q\u00eb ky do ishte p\u00ebrfundimi\u201d, tha Paloka.<\/p>\n","protected":false},"excerpt":{"rendered":"<p>Gjat\u00eb intervist\u00ebs n\u00eb studion e emisionit\u00a0n\u00eb News24, deputeti i PD, Edi Paloka, u shpreh se kryeministri Rama po i d\u00ebrgon mesazhe kryebashkiakut Veliaj, q\u00eb ai t\u00eb mos flas\u00eb. Sipas Palok\u00ebs, sulmi q\u00eb Rama po i b\u00ebn SPAK, \u00ebsht\u00eb skema q\u00eb duhet t\u00eb besoj\u00eb Veliaj q\u00eb nuk \u00ebsht\u00eb shitur prej kryetarit t\u00eb tij. \u201cAi nuk do &hellip;<\/p>\n","protected":false},"author":4,"featured_media":83345,"comment_status":"closed","ping_status":"closed","sticky":false,"template":"","format":"standard","meta":{"footnotes":""},"categories":[37],"tags":[],"class_list":["post-104712","post","type-post","status-publish","format-standard","has-post-thumbnail","","category-politike"],"_links":{"self":[{"href":"https:\/\/rdnews.al\/index.php\/wp-json\/wp\/v2\/posts\/104712","targetHints":{"allow":["GET"]}}],"collection":[{"href":"https:\/\/rdnews.al\/index.php\/wp-json\/wp\/v2\/posts"}],"about":[{"href":"https:\/\/rdnews.al\/index.php\/wp-json\/wp\/v2\/types\/post"}],"author":[{"embeddable":true,"href":"https:\/\/rdnews.al\/index.php\/wp-json\/wp\/v2\/users\/4"}],"replies":[{"embeddable":true,"href":"https:\/\/rdnews.al\/index.php\/wp-json\/wp\/v2\/comments?post=104712"}],"version-history":[{"count":1,"href":"https:\/\/rdnews.al\/index.php\/wp-json\/wp\/v2\/posts\/104712\/revisions"}],"predecessor-version":[{"id":104713,"href":"https:\/\/rdnews.al\/index.php\/wp-json\/wp\/v2\/posts\/104712\/revisions\/104713"}],"wp:featuredmedia":[{"embeddable":true,"href":"https:\/\/rdnews.al\/index.php\/wp-json\/wp\/v2\/media\/83345"}],"wp:attachment":[{"href":"https:\/\/rdnews.al\/index.php\/wp-json\/wp\/v2\/media?parent=104712"}],"wp:term":[{"taxonomy":"category","embeddable":true,"href":"https:\/\/rdnews.al\/index.php\/wp-json\/wp\/v2\/categories?post=104712"},{"taxonomy":"post_tag","embeddable":true,"href":"https:\/\/rdnews.al\/index.php\/wp-json\/wp\/v2\/tags?post=104712"}],"curies":[{"name":"wp","href":"https:\/\/api.w.org\/{rel}","templated":true}]}}