{"id":104717,"date":"2025-02-15T17:57:38","date_gmt":"2025-02-15T17:57:38","guid":{"rendered":"https:\/\/rdnews.al\/?p=104717"},"modified":"2025-02-15T17:57:38","modified_gmt":"2025-02-15T17:57:38","slug":"leskaj-angazhimi-i-rinise-ne-kete-fushate-do-te-jete-ndeshkimi-per-ata-qe-u-kane-marre-peng-te-ardhmen","status":"publish","type":"post","link":"https:\/\/rdnews.al\/index.php\/2025\/02\/15\/leskaj-angazhimi-i-rinise-ne-kete-fushate-do-te-jete-ndeshkimi-per-ata-qe-u-kane-marre-peng-te-ardhmen\/","title":{"rendered":"Leskaj: Angazhimi i rinis\u00eb n\u00eb k\u00ebt\u00eb fushat\u00eb do t\u00eb jet\u00eb nd\u00ebshkimi p\u00ebr ata q\u00eb u kan\u00eb marr\u00eb peng t\u00eb ardhmen"},"content":{"rendered":"<div id=\"rekl-49\">Drejtuesi politik i PD nw qarkun e Vlor\u00ebs, deputeti Bujar Leskaj ka njoftuar p\u00ebr nj\u00eb takim q\u00eb ka zhvilluar bashk\u00eb me drejtuesit lokal\u00eb t\u00eb PD me t\u00eb rinjt\u00eb e Vlor\u00ebs.<\/div>\n<div class=\"readmore-text-here\">\n<p>\u201cVota e t\u00eb rinjve vlonjat\u00eb, angazhimi i tyre n\u00eb k\u00ebt\u00eb fushat\u00eb do t\u00eb jet\u00eb nd\u00ebshkimi p\u00ebr ata q\u00eb u kan\u00eb marr\u00eb peng t\u00eb ardhmen\u201d, shkruan Leskaj.<\/p>\n<p><strong>Mesazhi<\/strong><\/p>\n<p>Sot, dat\u00eb 15 shkurt 2025, s\u00eb bashku me Kryetarin e FRPD Vlor\u00eb z.\u00c7ajup Shehaj, Kryetarin e PD Vlor\u00eb z.Atird Hoxha, zhvilluam nj\u00eb takim me t\u00eb rinjt\u00eb demokrat\u00eb t\u00eb Vlor\u00ebs.<\/p>\n<p>Rrug\u00ebtimi i Partis\u00eb Demokratike ka qen\u00eb gjithmon\u00eb i bukur, shpres\u00ebdh\u00ebn\u00ebs dhe entuziast, sepse asaj gjithmon\u00eb i jan\u00eb bashkuar t\u00eb rinjt\u00eb, \u00ebsht\u00eb mb\u00ebshtetur nga t\u00eb rinjt\u00eb.<\/p>\n<p>K\u00ebto 12 vite sekti Rama, me an\u00ebn e politikave t\u00eb tij t\u00eb shpopullimit kan\u00eb detyruar t\u00eb rinjt\u00eb t\u00eb braktisin vendin, duke shkaktuar nj\u00eb emigrim t\u00eb karakterit biblik. Largimi i t\u00eb rinjve nuk \u00ebsht\u00eb nj\u00eb largim normal, por nj\u00eb hemorragji n\u00eb trup e n\u00eb shpirt t\u00eb Shqip\u00ebris\u00eb!<\/p>\n<p>P\u00ebr Partin\u00eb Demokratike do t\u00eb jet\u00eb rinia,fuqizimi i t\u00eb rinjve, integrimi, angazhimi i tyre, mb\u00ebshtetja ndaj tyre si prioritet par\u00ebsor.<\/p>\n<p>Partia Demokratike, me an\u00ebn e politikave t\u00eb saj, me an\u00ebn e programit angazhohet t\u00eb ul\u00eb emigrimin e sot\u00ebm biblik te rinis\u00eb.<\/p>\n<p>Vota e t\u00eb rinjve vlonjat\u00eb, angazhimi i tyre n\u00eb k\u00ebt\u00eb fushat\u00eb do t\u00eb jet\u00eb nd\u00ebshkimi p\u00ebr ata q\u00eb u kan\u00eb marr\u00eb peng t\u00eb ardhmen !<\/p>\n<p>Nj\u00eb proces tjet\u00ebr, brenda Partis\u00eb Demokratike \u00ebsht\u00eb Procesi i Primareve, ku ftova t\u00eb rinjt\u00eb e t\u00eb rejat t\u00eb b\u00ebhen pjes\u00eb e k\u00ebtij procesi kaq t\u00eb r\u00ebnd\u00ebsish\u00ebm p\u00ebr Partin\u00eb Demokratike e Shqip\u00ebrin\u00eb.<\/p>\n<p><iframe loading=\"lazy\" src=\"https:\/\/www.facebook.com\/plugins\/post.php?href=https%3A%2F%2Fwww.facebook.com%2Fbujarleskajfaqjazyrtare%2Fposts%2Fpfbid02iLnNAELHWD27bEk2cogPvGhHW5uE31whk9XiPkQt3UsNdEK8HksjyHWwvBZVZ8LFl&amp;show_text=true&amp;width=500\" width=\"500\" height=\"812\" frameborder=\"0\" scrolling=\"no\" allowfullscreen=\"allowfullscreen\" data-mce-fragment=\"1\"><\/iframe><\/p>\n<\/div>\n<div id=\"rekl-16\"><\/div>\n<div id=\"rekl-33\"><\/div>\n","protected":false},"excerpt":{"rendered":"<p>Drejtuesi politik i PD nw qarkun e Vlor\u00ebs, deputeti Bujar Leskaj ka njoftuar p\u00ebr nj\u00eb takim q\u00eb ka zhvilluar bashk\u00eb me drejtuesit lokal\u00eb t\u00eb PD me t\u00eb rinjt\u00eb e Vlor\u00ebs. \u201cVota e t\u00eb rinjve vlonjat\u00eb, angazhimi i tyre n\u00eb k\u00ebt\u00eb fushat\u00eb do t\u00eb jet\u00eb nd\u00ebshkimi p\u00ebr ata q\u00eb u kan\u00eb marr\u00eb peng t\u00eb ardhmen\u201d, shkruan &hellip;<\/p>\n","protected":false},"author":4,"featured_media":104718,"comment_status":"closed","ping_status":"closed","sticky":false,"template":"","format":"standard","meta":{"footnotes":""},"categories":[37],"tags":[],"class_list":["post-104717","post","type-post","status-publish","format-standard","has-post-thumbnail","","category-politike"],"_links":{"self":[{"href":"https:\/\/rdnews.al\/index.php\/wp-json\/wp\/v2\/posts\/104717","targetHints":{"allow":["GET"]}}],"collection":[{"href":"https:\/\/rdnews.al\/index.php\/wp-json\/wp\/v2\/posts"}],"about":[{"href":"https:\/\/rdnews.al\/index.php\/wp-json\/wp\/v2\/types\/post"}],"author":[{"embeddable":true,"href":"https:\/\/rdnews.al\/index.php\/wp-json\/wp\/v2\/users\/4"}],"replies":[{"embeddable":true,"href":"https:\/\/rdnews.al\/index.php\/wp-json\/wp\/v2\/comments?post=104717"}],"version-history":[{"count":1,"href":"https:\/\/rdnews.al\/index.php\/wp-json\/wp\/v2\/posts\/104717\/revisions"}],"predecessor-version":[{"id":104719,"href":"https:\/\/rdnews.al\/index.php\/wp-json\/wp\/v2\/posts\/104717\/revisions\/104719"}],"wp:featuredmedia":[{"embeddable":true,"href":"https:\/\/rdnews.al\/index.php\/wp-json\/wp\/v2\/media\/104718"}],"wp:attachment":[{"href":"https:\/\/rdnews.al\/index.php\/wp-json\/wp\/v2\/media?parent=104717"}],"wp:term":[{"taxonomy":"category","embeddable":true,"href":"https:\/\/rdnews.al\/index.php\/wp-json\/wp\/v2\/categories?post=104717"},{"taxonomy":"post_tag","embeddable":true,"href":"https:\/\/rdnews.al\/index.php\/wp-json\/wp\/v2\/tags?post=104717"}],"curies":[{"name":"wp","href":"https:\/\/api.w.org\/{rel}","templated":true}]}}