{"id":104724,"date":"2025-02-15T19:35:03","date_gmt":"2025-02-15T19:35:03","guid":{"rendered":"https:\/\/rdnews.al\/?p=104724"},"modified":"2025-02-15T19:35:03","modified_gmt":"2025-02-15T19:35:03","slug":"berisha-takon-ish-kryetarin-i-grupit-konservator-te-britanise-ne-pe","status":"publish","type":"post","link":"https:\/\/rdnews.al\/index.php\/2025\/02\/15\/berisha-takon-ish-kryetarin-i-grupit-konservator-te-britanise-ne-pe\/","title":{"rendered":"Berisha takon ish-Kryetarin i Grupit Konservator t\u00eb Britanis\u00eb n\u00eb PE"},"content":{"rendered":"<div id=\"rekl-49\">Kryetari i Partis\u00eb Demokratike, Sali Berisha ka zhvilluar gjat\u00eb dit\u00ebs s\u00eb sotme nj\u00eb takim n\u00eb selin\u00eb e PD me Z. Geoffrey Van Orden, ish Kryetar i Grupit Konservator t\u00eb Britanis\u00eb s\u00eb Madhe n\u00eb Parlamentin Evropian dhe Themeluesin e Fondacionit t\u00eb Konservator\u00ebve Europian Ne\u00eb Directions, Kryetare Nderi e s\u00eb cil\u00ebs ka qen\u00eb Kryeministrja e Mbret\u00ebris\u00eb s\u00eb Bashkuar, Lady Thatcher.<\/div>\n<div class=\"readmore-text-here\">\n<p>N\u00eb nj\u00eb mesazh n\u00eb faqen e tij n\u00eb facebook, Berisha shkruan se \u201cn\u00eb k\u00ebt\u00eb takim diskutuam mbi bashk\u00ebpunimin nd\u00ebrmjet Partis\u00eb Demokratike t\u00eb Shqip\u00ebris\u00eb dhe Fondacionit t\u00eb Konservator\u00ebve Europian n\u00eb zgjedhjet e ardhshme parlamentare dhe n\u00eb p\u00ebrgatitjen e progamit ton\u00eb elektoral\u201d.<\/p>\n<p>Postimi<\/p>\n<p>T\u00eb dashur miq,<\/p>\n<p>Sot pata nderin t\u00eb pres n\u00eb zyr\u00ebn time n\u00eb selin\u00eb e Partis\u00eb Demokratike Z. Geoffrey Van Orden, ish Kryetar i Grupit Konservator t\u00eb Britanis\u00eb s\u00eb Madhe n\u00eb Parlamentin Europian dhe Themeluesin e Fondacionit t\u00eb Konservator\u00ebve Europian Ne\u00eb Directions, Kryetare Nderi e s\u00eb cil\u00ebs ka qen\u00eb Kryeministrja e Mbret\u00ebris\u00eb s\u00eb Bashkuar, Lady Thatcher. N\u00eb k\u00ebt\u00eb takim diskutuam mbi bashk\u00ebpunimin nd\u00ebrmjet Partis\u00eb Demokratike t\u00eb Shqip\u00ebris\u00eb dhe Fondacionit t\u00eb Konservator\u00ebve Europian n\u00eb zgjedhjet e ardhshme parlamentare dhe n\u00eb p\u00ebrgatitjen e progamit ton\u00eb elektoral. Z. Van Orden shprehu k\u00ebnaq\u00ebsin\u00eb e tij q\u00eb ndodhej n\u00eb Shqip\u00ebri me ftes\u00eb t\u00eb Partis\u00eb Demokratike dhe Institutit Albanian Policy Center, nd\u00ebrsa shprehu gatishm\u00ebrin\u00eb p\u00ebr bashk\u00ebpunimin ton\u00eb t\u00eb frytsh\u00ebm. Me Van Orden, biseduam p\u00ebr situat\u00ebn e r\u00ebnduar politike n\u00eb Shqip\u00ebri, narkoshtetin shqiptar si dhe zgjedhjet e ardhshme parlamentare t\u00eb 11 Majit dhe fitoren e Partis\u00eb Demokratike t\u00eb Shqip\u00ebris\u00eb. N\u00eb k\u00ebt\u00eb takim ishte e pranishme edhe bashk\u00ebshortja e Z. Geoffrey Van Orden, Znj. Fannie Van Orden dhe Znj. Edith Harxhi, An\u00ebtare e Kryesis\u00eb s\u00eb Partis\u00eb Demokratike t\u00eb Shqip\u00ebris\u00eb.<\/p>\n<p><iframe loading=\"lazy\" src=\"https:\/\/www.facebook.com\/plugins\/post.php?href=https%3A%2F%2Fwww.facebook.com%2FSaliBerisha%2Fposts%2Fpfbid02c6KCdaNJF6XDZhxUJGUri6hffT9eYxFsbRnfPdEMgjGGPzYkCgLVDwqZpeFhzGHLl&amp;show_text=true&amp;width=500\" width=\"500\" height=\"787\" frameborder=\"0\" scrolling=\"no\" allowfullscreen=\"allowfullscreen\" data-mce-fragment=\"1\"><\/iframe><\/p>\n<\/div>\n<div id=\"rekl-33\"><\/div>\n","protected":false},"excerpt":{"rendered":"<p>Kryetari i Partis\u00eb Demokratike, Sali Berisha ka zhvilluar gjat\u00eb dit\u00ebs s\u00eb sotme nj\u00eb takim n\u00eb selin\u00eb e PD me Z. Geoffrey Van Orden, ish Kryetar i Grupit Konservator t\u00eb Britanis\u00eb s\u00eb Madhe n\u00eb Parlamentin Evropian dhe Themeluesin e Fondacionit t\u00eb Konservator\u00ebve Europian Ne\u00eb Directions, Kryetare Nderi e s\u00eb cil\u00ebs ka qen\u00eb Kryeministrja e Mbret\u00ebris\u00eb s\u00eb &hellip;<\/p>\n","protected":false},"author":4,"featured_media":104725,"comment_status":"closed","ping_status":"closed","sticky":false,"template":"","format":"standard","meta":{"footnotes":""},"categories":[37],"tags":[],"class_list":["post-104724","post","type-post","status-publish","format-standard","has-post-thumbnail","","category-politike"],"_links":{"self":[{"href":"https:\/\/rdnews.al\/index.php\/wp-json\/wp\/v2\/posts\/104724","targetHints":{"allow":["GET"]}}],"collection":[{"href":"https:\/\/rdnews.al\/index.php\/wp-json\/wp\/v2\/posts"}],"about":[{"href":"https:\/\/rdnews.al\/index.php\/wp-json\/wp\/v2\/types\/post"}],"author":[{"embeddable":true,"href":"https:\/\/rdnews.al\/index.php\/wp-json\/wp\/v2\/users\/4"}],"replies":[{"embeddable":true,"href":"https:\/\/rdnews.al\/index.php\/wp-json\/wp\/v2\/comments?post=104724"}],"version-history":[{"count":1,"href":"https:\/\/rdnews.al\/index.php\/wp-json\/wp\/v2\/posts\/104724\/revisions"}],"predecessor-version":[{"id":104726,"href":"https:\/\/rdnews.al\/index.php\/wp-json\/wp\/v2\/posts\/104724\/revisions\/104726"}],"wp:featuredmedia":[{"embeddable":true,"href":"https:\/\/rdnews.al\/index.php\/wp-json\/wp\/v2\/media\/104725"}],"wp:attachment":[{"href":"https:\/\/rdnews.al\/index.php\/wp-json\/wp\/v2\/media?parent=104724"}],"wp:term":[{"taxonomy":"category","embeddable":true,"href":"https:\/\/rdnews.al\/index.php\/wp-json\/wp\/v2\/categories?post=104724"},{"taxonomy":"post_tag","embeddable":true,"href":"https:\/\/rdnews.al\/index.php\/wp-json\/wp\/v2\/tags?post=104724"}],"curies":[{"name":"wp","href":"https:\/\/api.w.org\/{rel}","templated":true}]}}