{"id":104727,"date":"2025-02-15T19:38:51","date_gmt":"2025-02-15T19:38:51","guid":{"rendered":"https:\/\/rdnews.al\/?p=104727"},"modified":"2025-02-15T19:38:51","modified_gmt":"2025-02-15T19:38:51","slug":"edi-rama-ne-bashki-ose-kthimi-ne-vendin-e-krimit","status":"publish","type":"post","link":"https:\/\/rdnews.al\/index.php\/2025\/02\/15\/edi-rama-ne-bashki-ose-kthimi-ne-vendin-e-krimit\/","title":{"rendered":"Edi Rama n\u00eb bashki, ose kthimi n\u00eb vendin e krimit!"},"content":{"rendered":"<p><strong>Nga Armir SHKURTI<\/strong><\/p>\n<p>Pas arrestimit t\u00eb Veliajt, Edi Rama u rishfaq n\u00eb bashkin\u00eb e Tiran\u00ebs. Propaganda e rilindjes u p\u00ebrpoq ta shiste si nj\u00eb mb\u00ebshtetje p\u00ebr punonj\u00ebsit e trembur t\u00eb bashkis\u00eb. Apo si merak q\u00eb pun\u00ebt n\u00eb Tiran\u00eb t\u00eb vazhdojn\u00eb me ritmet e Lalit.<\/p>\n<p>Le t\u00eb sqarojm\u00eb q\u00eb n\u00eb fillim di\u00e7ka: q\u00eb nga ardhja e Ram\u00ebs e deri m\u00eb sot bashkia e Tiran\u00ebs ka funksionuar si trusti i betonit dhe jo si institucion q\u00eb menaxhon njer\u00ebzit dhe p\u00ebrfaq\u00ebson hallet e t\u00eb zgjedhurve.<\/p>\n<p>\u00c7do e keqe n\u00eb politik\u00eb vjen n\u00eb em\u00ebr t\u00eb s\u00eb mir\u00ebs dhe flamurin e saj. Rama e filloi me prishjen e kioskave. U g\u00ebzua mileti! M\u00eb pas nisi trusti i betonit t\u00eb zbatoj\u00eb platform\u00ebn e b\u00ebrjes dhe pastrimit t\u00eb parave, pa pyetur se kryeqyteti u b\u00eb i pajetuesh\u00ebm, stresues, i pap\u00ebrballuesh\u00ebm ekonomikisht, duke vrar\u00eb m\u00ebnyr\u00ebn e jetes\u00ebs s\u00eb banor\u00ebve t\u00eb tij q\u00eb kan\u00eb bazuar ekzistenc\u00ebn n\u00eb pun\u00eb dhe ekonomi formale.<\/p>\n<p>N\u00eb k\u00ebt\u00eb afer\u00eb aktor shum\u00eb i r\u00ebnd\u00ebsish\u00ebm \u00ebsht\u00eb edhe Lulzim Basha. M\u00eb s\u00eb paku, p\u00ebr moskall\u00ebzim krimi. Kur erdhi n\u00eb krye t\u00eb bashkis\u00eb, Luli gjeti plot shkelje, por zgjodhi t\u00eb ky\u00e7 goj\u00ebn&#8230;.<\/p>\n<p>Kalojm\u00eb te Veliaj. Deklarata e tij kur k\u00ebrkonte ti grabiste Duk\u00ebs FSHF-n\u00eb, se &#8221; kemi koqe hekuri&#8221; lidhet pik\u00ebrisht me hekurin dhe \u00e7imenton e trustit t\u00eb betonit dhe mafian e pastrimit t\u00eb parave t\u00eb lidhur organikisht me t\u00eb. Kjo kupol\u00eb ka nevoj\u00eb p\u00ebr garanci, pas arrestimit t\u00eb Veliajt. \u00c7mimet \u00e7mendurisht t\u00eb larta e t\u00eb pap\u00ebrballueshme t\u00eb apartamenteve, nd\u00ebrkoh\u00eb q\u00eb n\u00eb kryeqytet ka dhjetra mij\u00eb apartamente bosh si dhe niveli i ul\u00ebt ekonomik i shqiptarit q\u00eb s&#8217;ka fuqi ti bler\u00eb, jan\u00eb d\u00ebshmi t\u00eb fllusk\u00ebs ekonomike t\u00eb trustit t\u00eb betonit, me autor\u00eb t\u00eb padiskutuesh\u00ebm politik\u00eb Rama &#8211; Veliaj.<\/p>\n<p>Prandaj Rama u kthye n\u00eb vendin e krimit. Po! V\u00ebrtet pati q\u00ebllim t\u00eb jap\u00eb zem\u00ebr. Por jo punonj\u00ebsve: thjesht TRUSTIT T\u00cb BETONIT! Ata duan garanci p\u00ebr investimin e po ashtu, ata ta shkrijn\u00eb hekurin e koqeve n\u00ebse parat\u00eb e tyre treten. Ky \u00ebsht\u00eb edhe motivi par\u00ebsor i sulmit t\u00eb Edit ndaj atij segmenti drejt\u00ebsie q\u00eb arrestoi Veliajn dhe mbrojtja e fuqishme p\u00ebr Lalin.<\/p>\n<p>E fundit, por jo m\u00eb e par\u00ebnd\u00ebsishmja: RAMA \u00cbSHT\u00cb RREZIK P\u00cbR PRISHJEN E PROVAVE!!! Ardhja e tij e vazhdueshme n\u00eb bashkin\u00eb e Tiran\u00ebs, gjysm\u00eb tin\u00ebz, nuk mund t\u00eb kaloj\u00eb n\u00eb heshtje! Me autoritetin politik q\u00eb ka dhe n\u00eb k\u00ebndv\u00ebshtrimin e asaj q\u00eb shkruajta m\u00eb sip\u00ebr, un\u00eb kam frik\u00eb se Rama ka gjith\u00eb mund\u00ebsit\u00eb t\u00eb prish\u00eb, fsheh\u00eb dhe zhduk\u00eb prova t\u00eb ortakut t\u00eb tij t\u00eb fllusk\u00ebs imobiliare n\u00eb Tiran\u00eb.<\/p>\n","protected":false},"excerpt":{"rendered":"<p>Nga Armir SHKURTI Pas arrestimit t\u00eb Veliajt, Edi Rama u rishfaq n\u00eb bashkin\u00eb e Tiran\u00ebs. Propaganda e rilindjes u p\u00ebrpoq ta shiste si nj\u00eb mb\u00ebshtetje p\u00ebr punonj\u00ebsit e trembur t\u00eb bashkis\u00eb. Apo si merak q\u00eb pun\u00ebt n\u00eb Tiran\u00eb t\u00eb vazhdojn\u00eb me ritmet e Lalit. Le t\u00eb sqarojm\u00eb q\u00eb n\u00eb fillim di\u00e7ka: q\u00eb nga ardhja e &hellip;<\/p>\n","protected":false},"author":4,"featured_media":104728,"comment_status":"closed","ping_status":"closed","sticky":false,"template":"","format":"standard","meta":{"footnotes":""},"categories":[37],"tags":[],"class_list":["post-104727","post","type-post","status-publish","format-standard","has-post-thumbnail","","category-politike"],"_links":{"self":[{"href":"https:\/\/rdnews.al\/index.php\/wp-json\/wp\/v2\/posts\/104727","targetHints":{"allow":["GET"]}}],"collection":[{"href":"https:\/\/rdnews.al\/index.php\/wp-json\/wp\/v2\/posts"}],"about":[{"href":"https:\/\/rdnews.al\/index.php\/wp-json\/wp\/v2\/types\/post"}],"author":[{"embeddable":true,"href":"https:\/\/rdnews.al\/index.php\/wp-json\/wp\/v2\/users\/4"}],"replies":[{"embeddable":true,"href":"https:\/\/rdnews.al\/index.php\/wp-json\/wp\/v2\/comments?post=104727"}],"version-history":[{"count":1,"href":"https:\/\/rdnews.al\/index.php\/wp-json\/wp\/v2\/posts\/104727\/revisions"}],"predecessor-version":[{"id":104729,"href":"https:\/\/rdnews.al\/index.php\/wp-json\/wp\/v2\/posts\/104727\/revisions\/104729"}],"wp:featuredmedia":[{"embeddable":true,"href":"https:\/\/rdnews.al\/index.php\/wp-json\/wp\/v2\/media\/104728"}],"wp:attachment":[{"href":"https:\/\/rdnews.al\/index.php\/wp-json\/wp\/v2\/media?parent=104727"}],"wp:term":[{"taxonomy":"category","embeddable":true,"href":"https:\/\/rdnews.al\/index.php\/wp-json\/wp\/v2\/categories?post=104727"},{"taxonomy":"post_tag","embeddable":true,"href":"https:\/\/rdnews.al\/index.php\/wp-json\/wp\/v2\/tags?post=104727"}],"curies":[{"name":"wp","href":"https:\/\/api.w.org\/{rel}","templated":true}]}}