{"id":104741,"date":"2025-02-15T20:44:16","date_gmt":"2025-02-15T20:44:16","guid":{"rendered":"https:\/\/rdnews.al\/?p=104741"},"modified":"2025-02-15T20:44:16","modified_gmt":"2025-02-15T20:44:16","slug":"fjalimi-qe-tronditi-lideret-europiane-ne-europe-po-asgjesohen-zgjedhjet-e-lira","status":"publish","type":"post","link":"https:\/\/rdnews.al\/index.php\/2025\/02\/15\/fjalimi-qe-tronditi-lideret-europiane-ne-europe-po-asgjesohen-zgjedhjet-e-lira\/","title":{"rendered":"Fjalimi q\u00eb tronditi lider\u00ebt europian\u00eb: N\u00eb Europ\u00eb po asgjesohen zgjedhjet e lira"},"content":{"rendered":"<p class=\"selectionShareable\">Z\u00ebvend\u00ebspresidenti amerikan JD Vance mb\u00ebshteti partin\u00eb e djatht\u00eb gjermane AfD si nj\u00eb partnere politike t\u00eb pranueshme n\u00eb komentet e kund\u00ebrshtuara nga Berlini si nd\u00ebrhyrje e pad\u00ebshiruar n\u00eb zgjedhjet e ardhshme.<\/p>\n<p class=\"selectionShareable\">Partia e djatht\u00eb AfD-ja q\u00eb \u00ebsht\u00eb kund\u00ebr emigracionit, aktualisht ka rreth 20% mb\u00ebshtetje p\u00ebrpara zgjedhjeve t\u00eb p\u00ebrgjithshme t\u00eb 23 shkurtit, megjithat\u00eb n\u00eb Gjermani konsiderohet si parti e p\u00ebrjashtuar pasi asnj\u00ebra nuk pranon t\u00eb bashk\u00ebpunoj\u00eb me t\u00eb.<\/p>\n<p class=\"selectionShareable\">N\u00eb nj\u00eb politik\u00eb t\u00eb quajtur \u201cfirewall\u201d, partit\u00eb kryesore kan\u00eb krijuar nj\u00eb konsensus p\u00ebr t\u00eb mos punuar me AfD, e cila \u00ebsht\u00eb n\u00ebn mbik\u00ebqyrje nga sh\u00ebrbimi i brendsh\u00ebm gjerman i inteligjenc\u00ebs.<\/p>\n<p class=\"selectionShareable\">N\u00eb nj\u00eb referenc\u00eb t\u00eb dukshme p\u00ebr AfD-n\u00eb, Vance tha:\u00a0<em>\u201cDemokracia mb\u00ebshtetet n\u00eb parimin e shenjt\u00eb q\u00eb z\u00ebri i popullit ka r\u00ebnd\u00ebsi. Nuk ka vend p\u00ebr mure.\u201d<\/em><\/p>\n<p class=\"selectionShareable\"><em>\u201cAsnj\u00eb votues n\u00eb k\u00ebt\u00eb kontinent nuk shkoi n\u00eb kutin\u00eb e votimit p\u00ebr t\u00eb hapur portat p\u00ebr miliona emigrant\u00eb t\u00eb paverifikuar,\u201d<\/em>\u00a0tha Vance, duke folur n\u00eb Konferenc\u00ebn e Siguris\u00eb n\u00eb Mynih t\u00eb premten.<\/p>\n<p class=\"selectionShareable\">Udh\u00ebheq\u00ebsi konservator Friedrich Merz, t\u00eb cilin sondazhet e tregojn\u00eb se ka t\u00eb ngjar\u00eb t\u00eb jet\u00eb kancelari i ardhsh\u00ebm i Gjermanis\u00eb, u akuzua nga rival\u00ebt muajin e kaluar p\u00ebr thyerjen e \u201cfirewall\u201d duke inicuar mocione parlamentare q\u00eb kishin\u00a0 t\u00eb b\u00ebnin me mb\u00ebshtetjen e AfD. Por ai gjithashtu ka p\u00ebrjashtuar mund\u00ebsin\u00eb e formimit t\u00eb nj\u00eb qeverie me k\u00ebt\u00eb parti.<\/p>\n<p class=\"selectionShareable\">M\u00eb her\u00ebt t\u00eb premten, nj\u00eb z\u00ebdh\u00ebn\u00ebs i qeveris\u00eb gjermane tha se Vance nuk duhet t\u00eb nd\u00ebrhyj\u00eb n\u00eb zgjedhjet e Gjermanis\u00eb, kur u pyet n\u00eb lidhje me nj\u00eb raport t\u00eb Wall Street Journal n\u00eb t\u00eb cilin Vance citohet t\u00eb ket\u00eb th\u00ebn\u00eb se do t\u2019u k\u00ebrkonte politikan\u00ebve gjerman\u00eb t\u00eb punonin me t\u00eb gjitha partit\u00eb, p\u00ebrfshir\u00eb AfD-n\u00eb.<\/p>\n<p class=\"selectionShareable\">Duke iu p\u00ebrgjigjur fjalimit t\u00eb JD Vance, ministri gjerman i Mbrojtjes Boris Pistorius tha n\u00eb konferenc\u00eb:<em>\u00a0\u201cN\u00ebse e kuptova sakt\u00eb, ai po krahason pjes\u00eb t\u00eb Evrop\u00ebs me regjimet autoritare. Kjo nuk \u00ebsht\u00eb e pranueshme.\u201d<\/em><\/p>\n<p class=\"selectionShareable\">Z\u00ebvend\u00ebspresidenti amerikan JD Vance, kritikoi ashp\u00ebr qeverit\u00eb evropiane t\u00eb premten, teksa tha se kan\u00eb lan\u00eb m\u00ebnjan\u00eb vullnetin e popujve t\u00eb tyre, asgj\u00ebsimin e zgjedhjeve t\u00eb lira, injorimin e lirive fetare dhe mosveprimin p\u00ebr t\u00eb ndalur emigrimin e paligjsh\u00ebm.<\/p>\n<p class=\"selectionShareable\">Vance i b\u00ebri akuzat gjat\u00eb fjalimit t\u00eb tij n\u00eb Konferenc\u00ebne\u00a0 siguris\u00eb n\u00eb Mynih ku preku \u00e7\u00ebshtje kulturore t\u00eb koh\u00ebve t\u00eb fundit, ligjet e abortit n\u00eb Britani e zgjedhjet e fundit n\u00eb Rumani.<\/p>\n<p class=\"selectionShareable\"><em>\u201cK\u00ebrc\u00ebnimi p\u00ebr t\u00eb cilin shqet\u00ebsohem m\u00eb shum\u00eb lidhur me Evrop\u00ebn nuk \u00ebsht\u00eb Rusia. Nuk \u00ebsht\u00eb Kina, nuk \u00ebsht\u00eb ndonj\u00eb aktor tjet\u00ebr i jasht\u00ebm. Ajo p\u00ebr t\u00eb cil\u00ebn shqet\u00ebsohem \u00ebsht\u00eb k\u00ebrc\u00ebnimi nga brenda\u201d<\/em>, tha Vance.<\/p>\n<p class=\"selectionShareable\"><em>\u201cT\u00ebrheqja e Evrop\u00ebs nga disa nga vlerat e saj m\u00eb themelore, vlera t\u00eb p\u00ebrbashk\u00ebta me Shtetet e Bashkuara t\u00eb Amerik\u00ebs\u201d.<\/em><\/p>\n<p class=\"selectionShareable\"><em>\u201cN\u00eb Uashington ka nj\u00eb shef t\u00eb ri dhe n\u00ebn udh\u00ebheqjen e Donald Trump, ne mund t\u00eb mos pajtohemi me pik\u00ebpamjet tuaja, por ne do luftojm\u00eb p\u00ebr t\u00eb mbrojtur t\u00eb drejt\u00ebn tuaj p\u00ebr ta ofruar at\u00eb n\u00eb mejdanin publik\u201d<\/em>, tha Vance, duke shtuar:\u00a0<em>\u201cP\u00ebrjashtimi i njer\u00ebzve, hedhja posht\u00eb e shqet\u00ebsimeve t\u00eb tyre dhe mosd\u00ebgjimi i problemeve q\u00eb ata kan\u00eb, mbyllja e mediave, nd\u00ebrhyrja n\u00eb zgjedhje. \u00cbsht\u00eb m\u00ebnyra m\u00eb e sigurt p\u00ebr t\u00eb shkat\u00ebrruar demokracin\u00eb\u2026 N\u00ebse ju keni frik\u00eb nga votuesit tuaj, Amerika nuk mund t\u00eb b\u00ebj\u00eb asgj\u00eb p\u00ebr ju.\u201d<\/em><\/p>\n<p class=\"selectionShareable\"><img loading=\"lazy\" decoding=\"async\" class=\"aligncenter size-full wp-image-724825\" src=\"https:\/\/www.hashtag.al\/wp-content\/uploads\/2025\/02\/67af7a1cd16671ddea5e1679.jpeg\" sizes=\"auto, (max-width: 800px) 100vw, 800px\" srcset=\"https:\/\/www.hashtag.al\/wp-content\/uploads\/2025\/02\/67af7a1cd16671ddea5e1679.jpeg 800w, https:\/\/www.hashtag.al\/wp-content\/uploads\/2025\/02\/67af7a1cd16671ddea5e1679-300x200.jpeg 300w, https:\/\/www.hashtag.al\/wp-content\/uploads\/2025\/02\/67af7a1cd16671ddea5e1679-768x512.jpeg 768w\" alt=\"\" width=\"800\" height=\"533\" \/><\/p>\n<p class=\"selectionShareable\"><strong>Luft\u00ebrat kulturore<\/strong><\/p>\n<p class=\"selectionShareable\">Fjalimi i tij u p\u00ebrq\u00ebndrua kryesisht n\u00eb \u00e7\u00ebshtjet e luft\u00ebs kulturore dhe populizmin, me Vance q\u00eb akuzoi qeverit\u00eb evropiane dhe ata q\u00eb ai i quajti \u201ckomisar\u00ebt\u201d e Bashkimit Evropian se ishin m\u00eb t\u00eb interesuar n\u00eb mbytjen e fjal\u00ebs s\u00eb lir\u00eb sesa n\u00eb ofrimin e siguris\u00eb p\u00ebr qytetar\u00ebt e tyre.<\/p>\n<p class=\"selectionShareable\">N\u00eb nj\u00eb rast, ai sulmoi Britanin\u00eb e Madhe, duke theksuar rastin e aktivistit kund\u00ebr abortit Adam Smith-Connor, i cili u d\u00ebnua vitin e kaluar pasi shkeli nj\u00eb perimet\u00ebr sigurie p\u00ebr t\u2019u lutur pran\u00eb nj\u00eb klinike aborti.<\/p>\n<p class=\"selectionShareable\">Ai gjithashtu kritikoi Gjykat\u00ebn e Lart\u00eb t\u00eb Rumanis\u00eb p\u00ebr vendimin e saj t\u00eb n\u00ebntorit p\u00ebr t\u00eb bllokuar raundin e par\u00eb t\u00eb zgjedhjeve presidenciale pasi kandidati presidencial i djatht\u00eb Calin Georgescu u akuzua se kishte p\u00ebrfituar nga nj\u00eb fushat\u00eb e paligjshme e stilit rus n\u00eb mediat sociale.<\/p>\n<p class=\"selectionShareable\"><em>\u201cKur shohim gjykatat evropiane q\u00eb anulojn\u00eb zgjedhjet dhe zyrtar\u00ebt e lart\u00eb q\u00eb k\u00ebrc\u00ebnojn\u00eb se do anulojn\u00eb t\u00eb tjera, ne duhet t\u00eb pyesim n\u00ebse po q\u00ebndrojm\u00eb n\u00eb standardin e lart\u00eb q\u00eb k\u00ebrkohet\u201d<\/em>, tha Vance.<\/p>\n<p class=\"selectionShareable\">Ai sulmoi nivelet e larta t\u00eb emigracionit, duke prekur t\u00eb nj\u00ebjtat tema q\u00eb shoq\u00ebruan kthimin e Trump n\u00eb pushtet n\u00eb Shtetet e Bashkuara. Ai tha se po lutej p\u00ebr viktimat e sulmit t\u00eb s\u00eb enjtes n\u00eb Mynih, kur nj\u00eb emigrant hyri me nj\u00eb makin\u00eb n\u00eb nj\u00eb turm\u00eb, duke plagosur 28 persona.<\/p>\n<p class=\"selectionShareable\"><em>\u201cSa her\u00eb duhet t\u00eb p\u00ebrballemi me k\u00ebto pengesa t\u00eb tmerrshme p\u00ebrpara se t\u00eb ndryshojm\u00eb kursin dhe ta \u00e7ojm\u00eb qytet\u00ebrimin ton\u00eb n\u00eb nj\u00eb drejtim tjet\u00ebr?\u201d \u2013<\/em>\u00a0tha Vance, duke shtuar se numri i emigrant\u00ebve nga vendet jo an\u00ebtare t\u00eb BE-s\u00eb q\u00eb hyn\u00eb n\u00eb bllok u dyfishua nga viti 2021 n\u00eb 2022.<\/p>\n<p class=\"selectionShareable\">Ky ishte \u201crezultat i nj\u00eb s\u00ebr\u00eb vendimesh t\u00eb marra nga politikan\u00ebt evopian\u00eb \u201c, tha Vance.<\/p>\n<p class=\"selectionShareable\">Ai shtoj m\u00eb tej:\u00a0<em>\u201cUn\u00eb besoj thell\u00ebsisht se nuk ka siguri n\u00ebse keni frik\u00eb nga z\u00ebrat, opinionet dhe nd\u00ebrgjegjja e lir\u00eb q\u00eb udh\u00ebheqin vet\u00eb njer\u00ebzit tuaj.\u201d<\/em><\/p>\n","protected":false},"excerpt":{"rendered":"<p>Z\u00ebvend\u00ebspresidenti amerikan JD Vance mb\u00ebshteti partin\u00eb e djatht\u00eb gjermane AfD si nj\u00eb partnere politike t\u00eb pranueshme n\u00eb komentet e kund\u00ebrshtuara nga Berlini si nd\u00ebrhyrje e pad\u00ebshiruar n\u00eb zgjedhjet e ardhshme. Partia e djatht\u00eb AfD-ja q\u00eb \u00ebsht\u00eb kund\u00ebr emigracionit, aktualisht ka rreth 20% mb\u00ebshtetje p\u00ebrpara zgjedhjeve t\u00eb p\u00ebrgjithshme t\u00eb 23 shkurtit, megjithat\u00eb n\u00eb Gjermani konsiderohet si &hellip;<\/p>\n","protected":false},"author":3,"featured_media":104742,"comment_status":"closed","ping_status":"closed","sticky":false,"template":"","format":"standard","meta":{"footnotes":""},"categories":[38],"tags":[],"class_list":["post-104741","post","type-post","status-publish","format-standard","has-post-thumbnail","","category-bota"],"_links":{"self":[{"href":"https:\/\/rdnews.al\/index.php\/wp-json\/wp\/v2\/posts\/104741","targetHints":{"allow":["GET"]}}],"collection":[{"href":"https:\/\/rdnews.al\/index.php\/wp-json\/wp\/v2\/posts"}],"about":[{"href":"https:\/\/rdnews.al\/index.php\/wp-json\/wp\/v2\/types\/post"}],"author":[{"embeddable":true,"href":"https:\/\/rdnews.al\/index.php\/wp-json\/wp\/v2\/users\/3"}],"replies":[{"embeddable":true,"href":"https:\/\/rdnews.al\/index.php\/wp-json\/wp\/v2\/comments?post=104741"}],"version-history":[{"count":1,"href":"https:\/\/rdnews.al\/index.php\/wp-json\/wp\/v2\/posts\/104741\/revisions"}],"predecessor-version":[{"id":104743,"href":"https:\/\/rdnews.al\/index.php\/wp-json\/wp\/v2\/posts\/104741\/revisions\/104743"}],"wp:featuredmedia":[{"embeddable":true,"href":"https:\/\/rdnews.al\/index.php\/wp-json\/wp\/v2\/media\/104742"}],"wp:attachment":[{"href":"https:\/\/rdnews.al\/index.php\/wp-json\/wp\/v2\/media?parent=104741"}],"wp:term":[{"taxonomy":"category","embeddable":true,"href":"https:\/\/rdnews.al\/index.php\/wp-json\/wp\/v2\/categories?post=104741"},{"taxonomy":"post_tag","embeddable":true,"href":"https:\/\/rdnews.al\/index.php\/wp-json\/wp\/v2\/tags?post=104741"}],"curies":[{"name":"wp","href":"https:\/\/api.w.org\/{rel}","templated":true}]}}