{"id":10482,"date":"2022-04-26T20:05:34","date_gmt":"2022-04-26T20:05:34","guid":{"rendered":"https:\/\/rdnews.al\/?p=10482"},"modified":"2022-04-26T20:05:34","modified_gmt":"2022-04-26T20:05:34","slug":"berisha-ftohet-per-iftar-nga-besimtaret-myslimane-te-kavajes","status":"publish","type":"post","link":"https:\/\/rdnews.al\/index.php\/2022\/04\/26\/berisha-ftohet-per-iftar-nga-besimtaret-myslimane-te-kavajes\/","title":{"rendered":"Berisha ftohet p\u00ebr iftar nga besimtar\u00ebt mysliman\u00eb t\u00eb Kavaj\u00ebs"},"content":{"rendered":"<p>Lideri historik i Partis\u00eb Demokratike Sali Berisha mori pjes\u00eb k\u00ebt\u00eb mbr\u00ebmje n\u00eb tryez\u00ebn e iftarit t\u00eb shtruar nga besmitar\u00ebt mysliman\u00eb n\u00eb Kavaj\u00eb. Kjo tryez\u00eb e madhe iftari rikthehet pas dy vitesh pandemi.<\/p>\n<p>Gjat\u00eb k\u00ebtij muajit t\u00eb bekuar (30 dit\u00eb), besimtar\u00ebt mysliman\u00eb mbajn\u00eb agj\u00ebrim, nj\u00eb nga 5 kushtet e islamit.<\/p>\n<p>Sipas p\u00ebrllogaritjeve nata e Kadrit do t\u00eb jet\u00eb n\u00eb 27 prill, nj\u00eb nat\u00eb shum\u00eb e r\u00ebnd\u00ebsishme e k\u00ebtij muaji t\u00eb shenjt\u00eb.<\/p>\n<p>Nd\u00ebrsa muaji i Ramazanit p\u00ebrfundon n\u00eb dat\u00ebn 1 Maj, i cili kulmon dhe me fest\u00ebn e Bajramit t\u00eb Madh.<\/p>\n<p><img loading=\"lazy\" decoding=\"async\" class=\"alignnone size-medium wp-image-10484\" src=\"https:\/\/rdnews.al\/wp-content\/uploads\/2022\/04\/2-14-300x200.jpg\" alt=\"\" width=\"300\" height=\"200\" srcset=\"https:\/\/rdnews.al\/wp-content\/uploads\/2022\/04\/2-14-300x200.jpg 300w, https:\/\/rdnews.al\/wp-content\/uploads\/2022\/04\/2-14-768x512.jpg 768w, https:\/\/rdnews.al\/wp-content\/uploads\/2022\/04\/2-14.jpg 900w\" sizes=\"auto, (max-width: 300px) 100vw, 300px\" \/><\/p>\n<p><img loading=\"lazy\" decoding=\"async\" class=\"alignnone size-medium wp-image-10485\" src=\"https:\/\/rdnews.al\/wp-content\/uploads\/2022\/04\/3-8-300x185.jpg\" alt=\"\" width=\"300\" height=\"185\" srcset=\"https:\/\/rdnews.al\/wp-content\/uploads\/2022\/04\/3-8-300x185.jpg 300w, https:\/\/rdnews.al\/wp-content\/uploads\/2022\/04\/3-8-768x474.jpg 768w, https:\/\/rdnews.al\/wp-content\/uploads\/2022\/04\/3-8.jpg 900w\" sizes=\"auto, (max-width: 300px) 100vw, 300px\" \/>[<img loading=\"lazy\" decoding=\"async\" class=\"alignnone size-medium wp-image-10486\" src=\"https:\/\/rdnews.al\/wp-content\/uploads\/2022\/04\/4-4-300x200.jpg\" alt=\"\" width=\"300\" height=\"200\" srcset=\"https:\/\/rdnews.al\/wp-content\/uploads\/2022\/04\/4-4-300x200.jpg 300w, https:\/\/rdnews.al\/wp-content\/uploads\/2022\/04\/4-4-768x512.jpg 768w, https:\/\/rdnews.al\/wp-content\/uploads\/2022\/04\/4-4.jpg 900w\" sizes=\"auto, (max-width: 300px) 100vw, 300px\" \/><img loading=\"lazy\" decoding=\"async\" class=\"alignnone size-medium wp-image-10487\" src=\"https:\/\/rdnews.al\/wp-content\/uploads\/2022\/04\/5-1-300x200.jpg\" alt=\"\" width=\"300\" height=\"200\" srcset=\"https:\/\/rdnews.al\/wp-content\/uploads\/2022\/04\/5-1-300x200.jpg 300w, https:\/\/rdnews.al\/wp-content\/uploads\/2022\/04\/5-1-768x512.jpg 768w, https:\/\/rdnews.al\/wp-content\/uploads\/2022\/04\/5-1.jpg 900w\" sizes=\"auto, (max-width: 300px) 100vw, 300px\" \/><\/p>\n","protected":false},"excerpt":{"rendered":"<p>Lideri historik i Partis\u00eb Demokratike Sali Berisha mori pjes\u00eb k\u00ebt\u00eb mbr\u00ebmje n\u00eb tryez\u00ebn e iftarit t\u00eb shtruar nga besmitar\u00ebt mysliman\u00eb n\u00eb Kavaj\u00eb. Kjo tryez\u00eb e madhe iftari rikthehet pas dy vitesh pandemi. Gjat\u00eb k\u00ebtij muajit t\u00eb bekuar (30 dit\u00eb), besimtar\u00ebt mysliman\u00eb mbajn\u00eb agj\u00ebrim, nj\u00eb nga 5 kushtet e islamit. Sipas p\u00ebrllogaritjeve nata e Kadrit do &hellip;<\/p>\n","protected":false},"author":4,"featured_media":10483,"comment_status":"open","ping_status":"open","sticky":false,"template":"","format":"standard","meta":{"footnotes":""},"categories":[40],"tags":[],"class_list":["post-10482","post","type-post","status-publish","format-standard","has-post-thumbnail","","category-aktualitet"],"_links":{"self":[{"href":"https:\/\/rdnews.al\/index.php\/wp-json\/wp\/v2\/posts\/10482","targetHints":{"allow":["GET"]}}],"collection":[{"href":"https:\/\/rdnews.al\/index.php\/wp-json\/wp\/v2\/posts"}],"about":[{"href":"https:\/\/rdnews.al\/index.php\/wp-json\/wp\/v2\/types\/post"}],"author":[{"embeddable":true,"href":"https:\/\/rdnews.al\/index.php\/wp-json\/wp\/v2\/users\/4"}],"replies":[{"embeddable":true,"href":"https:\/\/rdnews.al\/index.php\/wp-json\/wp\/v2\/comments?post=10482"}],"version-history":[{"count":0,"href":"https:\/\/rdnews.al\/index.php\/wp-json\/wp\/v2\/posts\/10482\/revisions"}],"wp:featuredmedia":[{"embeddable":true,"href":"https:\/\/rdnews.al\/index.php\/wp-json\/wp\/v2\/media\/10483"}],"wp:attachment":[{"href":"https:\/\/rdnews.al\/index.php\/wp-json\/wp\/v2\/media?parent=10482"}],"wp:term":[{"taxonomy":"category","embeddable":true,"href":"https:\/\/rdnews.al\/index.php\/wp-json\/wp\/v2\/categories?post=10482"},{"taxonomy":"post_tag","embeddable":true,"href":"https:\/\/rdnews.al\/index.php\/wp-json\/wp\/v2\/tags?post=10482"}],"curies":[{"name":"wp","href":"https:\/\/api.w.org\/{rel}","templated":true}]}}