{"id":104841,"date":"2025-02-17T11:14:49","date_gmt":"2025-02-17T11:14:49","guid":{"rendered":"https:\/\/rdnews.al\/?p=104841"},"modified":"2025-02-17T11:15:52","modified_gmt":"2025-02-17T11:15:52","slug":"shehu-mosmiratimi-i-rezolutes-per-gjenocidin-ne-kosove-njolle-e-zeze-per-kuvendin","status":"publish","type":"post","link":"https:\/\/rdnews.al\/index.php\/2025\/02\/17\/shehu-mosmiratimi-i-rezolutes-per-gjenocidin-ne-kosove-njolle-e-zeze-per-kuvendin\/","title":{"rendered":"Shehu: Mosmiratimi i rezolut\u00ebs p\u00ebr gjenocidin n\u00eb Kosov\u00eb, njoll\u00eb e zez\u00eb p\u00ebr Kuvendin!"},"content":{"rendered":"<p>Ddeputeti i PD, Tritan Shehu, n\u00eb fjal\u00ebn e tij n\u00eb Kuvend, ngriti nj\u00eb \u00e7\u00ebshtje t\u00eb r\u00ebnd\u00ebsishme lidhur me mosdiskutimin e nj\u00eb rezolute t\u00eb r\u00ebnd\u00ebsishme p\u00ebr gjenocidin serb n\u00eb Kosov\u00eb. Ai theksoi se, nd\u00ebrsa u trajtua pavar\u00ebsia e Kosov\u00ebs, nj\u00eb ngjarje historike, nuk u b\u00eb asnj\u00eb p\u00ebrpjekje p\u00ebr t\u00eb nd\u00ebshkuar nj\u00eb shkelje t\u00eb r\u00ebnd\u00eb t\u00eb procedurave parlamentare.<\/p>\n<p>Shehu e konsideroi k\u00ebt\u00eb nj\u00eb njoll\u00eb t\u00eb zez\u00eb p\u00ebr Kuvendin shqiptar, duke n\u00ebnvizuar se ky projekt-rezolut\u00eb ka mbetur i bllokuar n\u00ebp\u00ebr zyra, pa kaluar n\u00eb seanc\u00eb p\u00ebr miratim. Ai kritikoi faktin q\u00eb deputet\u00ebt nuk guxuan ta sillnin p\u00ebr diskutim k\u00ebt\u00eb \u00e7\u00ebshtje t\u00eb r\u00ebnd\u00ebsishme. N\u00eb fjal\u00ebn e tij, ai gjithashtu p\u00ebrmendi lidhjet q\u00eb kjo qeveri ka\u00a0me ata q\u00eb d\u00ebshirojn\u00eb t\u00eb pengojn\u00eb kalimin e k\u00ebsaj rezolute.<\/p>\n<p>\u201cSot n\u00eb fillim t\u00eb s\u00e9ances u fol p\u00ebr pavar\u00ebsin\u00eb e Kosov\u00ebs, nj\u00eb ngjarje e sh\u00ebnuar, e paraprir\u00eb nga deklarata e presidentit Bush, n\u00eb krah t\u00eb Sali Berish\u00ebs, k\u00ebtu n\u00eb Tiran\u00eb.<\/p>\n<p>Por nuk u fol p\u00ebr nj\u00eb turp t\u00eb parlamentit shqiptar, nuk u fol p\u00ebr nj\u00eb njoll\u00eb t\u00eb zez\u00eb t\u00eb parlamentit shqiptar, p\u00ebr nj\u00eb shkelje t\u00eb procedur\u00ebs s\u00eb parlamentit shqiptar, t\u00eb rregullores s\u00eb parlamentit shqiptar, t\u00eb moskalimit k\u00ebtu n\u00eb parlament t\u00eb rezolut\u00ebs p\u00ebr genocidin serb n\u00eb Kosov\u00eb.<br \/>\nTe asaj rezolute t\u00eb r\u00ebnd\u00ebsishme e cila denon nj\u00eb t\u00eb v\u00ebrtet\u00eb historike mbi t\u00eb cil\u00ebn u ngrit lufta \u00e7lirimtare e Kosov\u00ebs, mb\u00ebshtetja nd\u00ebrkomb\u00ebtare p\u00ebr Kosov\u00ebn, dhe q\u00eb i hapi rrug\u00ebn pik\u00ebrisht pavar\u00ebsis\u00eb s\u00eb Kosov\u00ebs, p\u00ebr t\u00eb cil\u00ebn u diskutua sot n\u00eb k\u00ebt\u00eb parlament pa p\u00ebrmendur rezolut\u00ebn ton\u00eb p\u00ebr t\u00eb d\u00ebnuar rezolut\u00ebn p\u00ebr t\u00eb d\u00ebnuar gjenocidin n\u00eb Kosov\u00eb.<\/p>\n<p>Un\u00eb mendoj q\u00eb kjo \u00ebsht\u00eb nj\u00eb njoll\u00eb e zez\u00eb e k\u00ebtij parlamenti q\u00eb nuk do shuhet kurr\u00eb. Ai projekt rezolut\u00eb \u00ebsht\u00eb k\u00ebtu akoma, n\u00eb zyrat e k\u00ebtij kuvendi, ai projekt rezolut\u00eb pret akoma t\u00eb kaloj\u00eb n\u00eb k\u00ebt\u00eb s\u00e9ance dhe t\u00eb miratohet p\u00ebr nderin ton\u00eb t\u00eb t\u00eb gjith\u00eb bashk\u00eb, nga t\u00eb gjith\u00eb deputet\u00ebt e parlamentit shqiptar.<\/p>\n<p>Fakti q\u00eb ju as nuk guxoni ta sillni k\u00ebtu at\u00eb rezolut\u00eb, pik\u00ebrisht tregon p\u00ebr vargonjt\u00eb q\u00eb ju lidhin me ata q\u00eb duan t\u00eb pengojn\u00eb k\u00ebt\u00eb rezolut\u00eb, me Vu\u00e7i\u00e7in i cili deklaroi q\u00eb do t\u00eb lejoj\u00eb q\u00eb parlamentet t\u00eb miratojn\u00eb nj\u00eb rezolut\u00eb t\u00eb till\u00eb\u201d, tha Shehu.<\/p>\n","protected":false},"excerpt":{"rendered":"<p>Ddeputeti i PD, Tritan Shehu, n\u00eb fjal\u00ebn e tij n\u00eb Kuvend, ngriti nj\u00eb \u00e7\u00ebshtje t\u00eb r\u00ebnd\u00ebsishme lidhur me mosdiskutimin e nj\u00eb rezolute t\u00eb r\u00ebnd\u00ebsishme p\u00ebr gjenocidin serb n\u00eb Kosov\u00eb. Ai theksoi se, nd\u00ebrsa u trajtua pavar\u00ebsia e Kosov\u00ebs, nj\u00eb ngjarje historike, nuk u b\u00eb asnj\u00eb p\u00ebrpjekje p\u00ebr t\u00eb nd\u00ebshkuar nj\u00eb shkelje t\u00eb r\u00ebnd\u00eb t\u00eb procedurave &hellip;<\/p>\n","protected":false},"author":4,"featured_media":95247,"comment_status":"closed","ping_status":"closed","sticky":false,"template":"","format":"standard","meta":{"footnotes":""},"categories":[37],"tags":[],"class_list":["post-104841","post","type-post","status-publish","format-standard","has-post-thumbnail","","category-politike"],"_links":{"self":[{"href":"https:\/\/rdnews.al\/index.php\/wp-json\/wp\/v2\/posts\/104841","targetHints":{"allow":["GET"]}}],"collection":[{"href":"https:\/\/rdnews.al\/index.php\/wp-json\/wp\/v2\/posts"}],"about":[{"href":"https:\/\/rdnews.al\/index.php\/wp-json\/wp\/v2\/types\/post"}],"author":[{"embeddable":true,"href":"https:\/\/rdnews.al\/index.php\/wp-json\/wp\/v2\/users\/4"}],"replies":[{"embeddable":true,"href":"https:\/\/rdnews.al\/index.php\/wp-json\/wp\/v2\/comments?post=104841"}],"version-history":[{"count":3,"href":"https:\/\/rdnews.al\/index.php\/wp-json\/wp\/v2\/posts\/104841\/revisions"}],"predecessor-version":[{"id":104844,"href":"https:\/\/rdnews.al\/index.php\/wp-json\/wp\/v2\/posts\/104841\/revisions\/104844"}],"wp:featuredmedia":[{"embeddable":true,"href":"https:\/\/rdnews.al\/index.php\/wp-json\/wp\/v2\/media\/95247"}],"wp:attachment":[{"href":"https:\/\/rdnews.al\/index.php\/wp-json\/wp\/v2\/media?parent=104841"}],"wp:term":[{"taxonomy":"category","embeddable":true,"href":"https:\/\/rdnews.al\/index.php\/wp-json\/wp\/v2\/categories?post=104841"},{"taxonomy":"post_tag","embeddable":true,"href":"https:\/\/rdnews.al\/index.php\/wp-json\/wp\/v2\/tags?post=104841"}],"curies":[{"name":"wp","href":"https:\/\/api.w.org\/{rel}","templated":true}]}}