{"id":104845,"date":"2025-02-17T11:20:01","date_gmt":"2025-02-17T11:20:01","guid":{"rendered":"https:\/\/rdnews.al\/?p=104845"},"modified":"2025-02-17T11:20:36","modified_gmt":"2025-02-17T11:20:36","slug":"takimi-me-shqiptaret-ne-casano-gjekmarkaj-dhe-lela-thirrje-emigranteve-te-regjistrohen-per-zgjedhjet-e-11-majit","status":"publish","type":"post","link":"https:\/\/rdnews.al\/index.php\/2025\/02\/17\/takimi-me-shqiptaret-ne-casano-gjekmarkaj-dhe-lela-thirrje-emigranteve-te-regjistrohen-per-zgjedhjet-e-11-majit\/","title":{"rendered":"Takimi me shqiptar\u00ebt n\u00eb Casano, Gjekmarkaj thirrje emigrant\u00ebve t\u00eb regjistrohen p\u00ebr zgjedhjet e 11 majit"},"content":{"rendered":"<p>N\u00ebnkryetari i PD, Agron Gjekmarkaj dhe drejtori i Komunikimit i Partis\u00eb Demokratike, Alfred Lela, kan\u00eb zhvilluar t\u00eb diel\u00ebn nj\u00eb takim me shqiptar\u00ebt e Casanos, provinc\u00eb e Milanos, n\u00eb Itali.<\/p>\n<p>Dy p\u00ebrfaq\u00ebsuesit e PD kan\u00eb theksuar p\u00ebr bashkatdhetar\u00ebt nevoj\u00ebn e regjistrimit n\u00eb platform\u00ebn PER t\u00eb KQZ, dhe u kan\u00eb shprehur t\u00eb pranishm\u00ebve gatishm\u00ebrin\u00eb e selis\u00eb qendrore t\u00eb PD n\u00eb Tiran\u00eb p\u00ebr t\u00eb ndihmuar me k\u00ebt\u00eb proces.<\/p>\n<p>N\u00eb takim \u00ebsht\u00eb folur p\u00ebr r\u00ebnd\u00ebsin\u00eb e Diaspor\u00ebs shqiptare n\u00eb Itali, me nj\u00eb tradit\u00eb t\u00eb shk\u00eblqyer, ur\u00eb mes Shqip\u00ebris\u00eb dhe Per\u00ebndimit, q\u00eb daton q\u00eb nga koha e Sk\u00ebnderbeut. Dy p\u00ebrfaq\u00ebsuesit e PD kan\u00eb folur p\u00ebr r\u00ebnd\u00ebsin\u00eb e jasht\u00ebzakonshme t\u00eb zgjedhjeve t\u00eb 11 majit dhe rolin ky\u00e7 t\u00eb Diaspor\u00ebs, si edhe p\u00ebr programin e PD, ku nj\u00eb vend t\u00eb ve\u00e7ant\u00eb z\u00eb edhe shpopullimi, diaspora dhe mund\u00ebsia e kthimit t\u00eb shqiptar\u00ebve n\u00eb atdhe.<\/p>\n<p>N\u00eb takim kan\u00eb marr\u00eb pjes\u00eb kryetari i Komun\u00ebs s\u00eb Casano d\u2019Ada, Fabio Colombo dhe k\u00ebshilltari komunal, shqiptaro-italiani Martin Gjoni.<\/p>\n","protected":false},"excerpt":{"rendered":"<p>N\u00ebnkryetari i PD, Agron Gjekmarkaj dhe drejtori i Komunikimit i Partis\u00eb Demokratike, Alfred Lela, kan\u00eb zhvilluar t\u00eb diel\u00ebn nj\u00eb takim me shqiptar\u00ebt e Casanos, provinc\u00eb e Milanos, n\u00eb Itali. Dy p\u00ebrfaq\u00ebsuesit e PD kan\u00eb theksuar p\u00ebr bashkatdhetar\u00ebt nevoj\u00ebn e regjistrimit n\u00eb platform\u00ebn PER t\u00eb KQZ, dhe u kan\u00eb shprehur t\u00eb pranishm\u00ebve gatishm\u00ebrin\u00eb e selis\u00eb qendrore &hellip;<\/p>\n","protected":false},"author":4,"featured_media":104846,"comment_status":"closed","ping_status":"closed","sticky":false,"template":"","format":"standard","meta":{"footnotes":""},"categories":[37],"tags":[],"class_list":["post-104845","post","type-post","status-publish","format-standard","has-post-thumbnail","","category-politike"],"_links":{"self":[{"href":"https:\/\/rdnews.al\/index.php\/wp-json\/wp\/v2\/posts\/104845","targetHints":{"allow":["GET"]}}],"collection":[{"href":"https:\/\/rdnews.al\/index.php\/wp-json\/wp\/v2\/posts"}],"about":[{"href":"https:\/\/rdnews.al\/index.php\/wp-json\/wp\/v2\/types\/post"}],"author":[{"embeddable":true,"href":"https:\/\/rdnews.al\/index.php\/wp-json\/wp\/v2\/users\/4"}],"replies":[{"embeddable":true,"href":"https:\/\/rdnews.al\/index.php\/wp-json\/wp\/v2\/comments?post=104845"}],"version-history":[{"count":2,"href":"https:\/\/rdnews.al\/index.php\/wp-json\/wp\/v2\/posts\/104845\/revisions"}],"predecessor-version":[{"id":104848,"href":"https:\/\/rdnews.al\/index.php\/wp-json\/wp\/v2\/posts\/104845\/revisions\/104848"}],"wp:featuredmedia":[{"embeddable":true,"href":"https:\/\/rdnews.al\/index.php\/wp-json\/wp\/v2\/media\/104846"}],"wp:attachment":[{"href":"https:\/\/rdnews.al\/index.php\/wp-json\/wp\/v2\/media?parent=104845"}],"wp:term":[{"taxonomy":"category","embeddable":true,"href":"https:\/\/rdnews.al\/index.php\/wp-json\/wp\/v2\/categories?post=104845"},{"taxonomy":"post_tag","embeddable":true,"href":"https:\/\/rdnews.al\/index.php\/wp-json\/wp\/v2\/tags?post=104845"}],"curies":[{"name":"wp","href":"https:\/\/api.w.org\/{rel}","templated":true}]}}