{"id":104851,"date":"2025-02-17T11:37:28","date_gmt":"2025-02-17T11:37:28","guid":{"rendered":"https:\/\/rdnews.al\/?p=104851"},"modified":"2025-02-17T11:37:28","modified_gmt":"2025-02-17T11:37:28","slug":"berisha-uron-pavaresine-e-kosoves-eshte-shembull-per-rajonin-tradhtia-e-tiranes-zyrtare-ndaj-saj-deshtoi-me-turp","status":"publish","type":"post","link":"https:\/\/rdnews.al\/index.php\/2025\/02\/17\/berisha-uron-pavaresine-e-kosoves-eshte-shembull-per-rajonin-tradhtia-e-tiranes-zyrtare-ndaj-saj-deshtoi-me-turp\/","title":{"rendered":"Berisha uron Pavar\u00ebsin\u00eb e Kosov\u00ebs: \u00cbsht\u00eb shembull p\u00ebr rajonin! Tradhtia e Tiran\u00ebs zyrtare ndaj saj d\u00ebshtoi me turp"},"content":{"rendered":"<p>Kryetari i PD, Sali Berisha, n\u00eb nj\u00eb konferenc\u00eb p\u00ebr gazetar\u00ebt, ka shp\u00ebrndar\u00eb nj\u00eb mesazh t\u00eb fuqish\u00ebm p\u00ebr Dit\u00ebn e Pavar\u00ebsis\u00eb s\u00eb Kosov\u00ebs. Ai e p\u00ebrshkroi pavar\u00ebsin\u00eb si ngjarjen m\u00eb t\u00eb madhe p\u00ebr kombin shqiptar pas asaj t\u00eb Shqip\u00ebris\u00eb. Berisha n\u00ebnvizoi se kjo pavar\u00ebsi u arrit me shum\u00eb sakrifica, duke kujtuar humbjen e jet\u00ebve dhe pasojat e gjenocidit serb.<\/p>\n<p>\u201cSot, jam para jush s\u00eb pari p\u00ebr t\u00eb p\u00ebrsh\u00ebndetur p\u00ebrzem\u00ebrsisht dhe p\u00ebr t\u00eb uruar qytetar\u00ebt e Kosov\u00ebs, mbar\u00eb shqiptar\u00ebt p\u00ebr Dit\u00ebn e Pavar\u00ebsis\u00eb.<\/p>\n<p>Pavar\u00ebsia e Kosov\u00ebs \u00ebsht\u00eb pa diskutim ngjarja m\u00eb e madhe p\u00ebr kombin shqiptar pas pavar\u00ebsis\u00eb s\u00eb Shqip\u00ebris\u00eb.<\/p>\n<p>Kjo pavar\u00ebsi pati \u00e7mimin m\u00eb t\u00eb lart\u00eb, qindra mij\u00ebra jet\u00eb, qindra mij\u00ebra t\u00eb tjer\u00eb etnikisht t\u00eb spastruar nga Kosova, njohu aparteidin dhe segregacionin, shtypjen m\u00eb t\u00eb eg\u00ebr, gjenocidin e nacionalizmit t\u00eb verb\u00ebr serb n\u00eb mes t\u00eb Kosov\u00ebs.<\/p>\n<p>Kjo pavar\u00ebsi para s\u00eb gjithash dhe mbi t\u00eb gjitha \u00ebsht\u00eb produkt i shpirtit t\u00eb pamposhtur t\u00eb qytetar\u00ebve t\u00eb Kosov\u00ebs.<\/p>\n<p>Por pavar\u00ebsia e Kosov\u00ebs ka nj\u00eb arkitekt, i cili ia doli n\u00eb rrug\u00eb paq\u00ebsore t\u00eb nd\u00ebrtoj\u00eb tek shqiptar\u00ebt e Kosov\u00ebs \u00ebndrr\u00ebn e shtetit t\u00eb tyre t\u00eb pavarur dhe ky \u00ebsht\u00eb Ibrahim Rugova.<\/p>\n<p>Presidenti Rugova n\u00eb nj\u00eb gjenialitet politik, zgjodhi rrug\u00ebn paq\u00ebsore p\u00ebr t\u00eb promovuar \u00e7\u00ebshtjen e drejt\u00eb t\u00eb qytetar\u00ebve t\u00eb Kosov\u00ebs n\u00eb t\u00eb gjitha kancelarit\u00eb e m\u00ebdha dhe institucionet kryesore nd\u00ebrkomb\u00ebtare.<\/p>\n<p>Ai nd\u00ebrtoi pushtetin paralel t\u00eb shqiptar\u00ebve n\u00eb Kosov\u00eb ndaj pushtetit t\u00eb pushtuesve.<\/p>\n<p>Sigurisht pavar\u00ebsia e Kosov\u00ebs nuk mund t\u00eb realizohej pa epopen\u00eb e komandantit legjendar Adem Jashari, luft\u00ebs \u00e7lirimtare, sakrificave dhe martirizimit t\u00eb mij\u00ebra bijave dhe bijve t\u00eb Kosov\u00ebs dhe nd\u00ebrhyrjes ushtarake t\u00eb aleanc\u00ebs s\u00eb Atlantikut t\u00eb Veriut, nd\u00ebrhyrja m\u00eb e fuqishme pas Luft\u00ebs s\u00eb Dyt\u00eb Bot\u00ebrore.<\/p>\n<p>Kosova n\u00eb k\u00ebto vite pavar\u00ebsi ka ecur me hapa t\u00eb m\u00ebdha. Ajo sot \u00ebsht\u00eb nj\u00eb demokraci n\u00eb konsolidim, por nj\u00eb shembull frym\u00ebzimi p\u00ebr vendet e tjera t\u00eb rajonit.<\/p>\n<p>Kosova u p\u00ebrball k\u00ebto vite me nj\u00eb tradhti t\u00eb Tiran\u00ebs zyrtare, bashk\u00ebrendim t\u00eb saj me Beogradin, p\u00ebrpjekje p\u00ebr destabilizim dhe t\u00eb gjitha k\u00ebto d\u00ebshtuan dhe faktikisht sot Kosova \u00ebsht\u00eb frym\u00ebzim p\u00ebr t\u00eb gjitha vendet e rajonit, p\u00ebr rritjen progresive t\u00eb mir\u00ebqenies, p\u00ebr funksionimin e shtetit ligjor.<\/p>\n<p>N\u00eb k\u00ebt\u00eb kuad\u00ebr un\u00eb dhe nj\u00ebher\u00eb p\u00ebrs\u00ebris urimin m\u00eb t\u00eb p\u00ebrzem\u00ebrt, nderimin m\u00eb t\u00eb madh p\u00ebr t\u00eb gjith\u00eb ata q\u00eb b\u00ebn\u00eb t\u00eb mundur k\u00ebt\u00eb aktin m\u00eb madhor n\u00eb historin\u00eb e kombit shqiptar pas shpalljes s\u00eb pavar\u00ebsis\u00eb s\u00eb Shqip\u00ebris\u00eb\u201d, tha Berisha.<\/p>\n","protected":false},"excerpt":{"rendered":"<p>Kryetari i PD, Sali Berisha, n\u00eb nj\u00eb konferenc\u00eb p\u00ebr gazetar\u00ebt, ka shp\u00ebrndar\u00eb nj\u00eb mesazh t\u00eb fuqish\u00ebm p\u00ebr Dit\u00ebn e Pavar\u00ebsis\u00eb s\u00eb Kosov\u00ebs. Ai e p\u00ebrshkroi pavar\u00ebsin\u00eb si ngjarjen m\u00eb t\u00eb madhe p\u00ebr kombin shqiptar pas asaj t\u00eb Shqip\u00ebris\u00eb. Berisha n\u00ebnvizoi se kjo pavar\u00ebsi u arrit me shum\u00eb sakrifica, duke kujtuar humbjen e jet\u00ebve dhe pasojat &hellip;<\/p>\n","protected":false},"author":4,"featured_media":104852,"comment_status":"closed","ping_status":"closed","sticky":false,"template":"","format":"standard","meta":{"footnotes":""},"categories":[37],"tags":[],"class_list":["post-104851","post","type-post","status-publish","format-standard","has-post-thumbnail","","category-politike"],"_links":{"self":[{"href":"https:\/\/rdnews.al\/index.php\/wp-json\/wp\/v2\/posts\/104851","targetHints":{"allow":["GET"]}}],"collection":[{"href":"https:\/\/rdnews.al\/index.php\/wp-json\/wp\/v2\/posts"}],"about":[{"href":"https:\/\/rdnews.al\/index.php\/wp-json\/wp\/v2\/types\/post"}],"author":[{"embeddable":true,"href":"https:\/\/rdnews.al\/index.php\/wp-json\/wp\/v2\/users\/4"}],"replies":[{"embeddable":true,"href":"https:\/\/rdnews.al\/index.php\/wp-json\/wp\/v2\/comments?post=104851"}],"version-history":[{"count":1,"href":"https:\/\/rdnews.al\/index.php\/wp-json\/wp\/v2\/posts\/104851\/revisions"}],"predecessor-version":[{"id":104853,"href":"https:\/\/rdnews.al\/index.php\/wp-json\/wp\/v2\/posts\/104851\/revisions\/104853"}],"wp:featuredmedia":[{"embeddable":true,"href":"https:\/\/rdnews.al\/index.php\/wp-json\/wp\/v2\/media\/104852"}],"wp:attachment":[{"href":"https:\/\/rdnews.al\/index.php\/wp-json\/wp\/v2\/media?parent=104851"}],"wp:term":[{"taxonomy":"category","embeddable":true,"href":"https:\/\/rdnews.al\/index.php\/wp-json\/wp\/v2\/categories?post=104851"},{"taxonomy":"post_tag","embeddable":true,"href":"https:\/\/rdnews.al\/index.php\/wp-json\/wp\/v2\/tags?post=104851"}],"curies":[{"name":"wp","href":"https:\/\/api.w.org\/{rel}","templated":true}]}}