{"id":104868,"date":"2025-02-17T12:14:37","date_gmt":"2025-02-17T12:14:37","guid":{"rendered":"https:\/\/rdnews.al\/?p=104868"},"modified":"2025-02-17T12:14:37","modified_gmt":"2025-02-17T12:14:37","slug":"berisha-mesazhi-i-jd-vance-ishte-i-qarte-si-kristali-fondet-e-usaid-moren-fund-delina-dhe-i-shoqi-te-kthejne-parate","status":"publish","type":"post","link":"https:\/\/rdnews.al\/index.php\/2025\/02\/17\/berisha-mesazhi-i-jd-vance-ishte-i-qarte-si-kristali-fondet-e-usaid-moren-fund-delina-dhe-i-shoqi-te-kthejne-parate\/","title":{"rendered":"Berisha: Mesazhi i JD Vance ishte i qart\u00eb si kristali! Fondet e USAID mor\u00ebn fund, Delina dhe i shoqi t\u00eb kthejn\u00eb parat\u00eb"},"content":{"rendered":"<p>Kryetari i PD, Sali Berisha, n\u00eb konferenc\u00eb p\u00ebr gazetar\u00ebt komentoi deklarat\u00ebn e JD Vance, duke e cil\u00ebsuar Shqip\u00ebrin\u00eb si nj\u00eb nga rastet m\u00eb klasik\u00eb t\u00eb shtypjes s\u00eb opozit\u00ebs n\u00eb bot\u00eb. Ai kritikoi ashp\u00ebr ardhjen e Antony Blinken n\u00eb Shqip\u00ebri, duke v\u00ebn\u00eb n\u00eb dukje se Sekretari Amerikan i Shtetit nuk takoi asnj\u00eb p\u00ebrfaq\u00ebsues t\u00eb opozit\u00ebs, por zgjodhi t\u00eb takohej me Altin Dumanin.<\/p>\n<p>Berisha: Mendoj se nuk ka informacion m\u00eb t\u00eb madh se deklarata e JD Vance. Ai tha se, armiku i brendsh\u00ebm \u00ebsht\u00eb ai q\u00eb arreston lider\u00ebt e opozit\u00ebs dhe do t\u00eb marr\u00eb mandat p\u00ebr opozit\u00ebn. N\u00ebse ka nj\u00eb rast m\u00eb klasik se Shqip\u00ebria, p\u00ebrve\u00e7 Bjellorusis\u00eb nuk ka tjet\u00ebr. K\u00ebshtu q\u00eb besoj se mesazhi ishte i qart\u00eb si kristali.<\/p>\n<p>Por nuk mund t\u00eb mos regjistrohet, ardhja\u00a0 n\u00eb Shqip\u00ebri direkt Antony Blinken pa takuar asnj\u00eb opozitar dhe takimi me Altin Dumanin dhe akordimi i \u00e7mimit t\u00eb antikorrupsionit nga nj\u00eb njeri q\u00eb vet\u00eb e la detyr\u00ebn si g\u00ebnjeshtar kryesor i atij vendi, manipulator i cili n\u00eb bindjen m\u00eb t\u00eb thell\u00eb meriton t\u00eb p\u00ebrballet me ligjin dhe drejt\u00ebsin\u00eb amerikane.<\/p>\n<p>K\u00ebto besoj se jan\u00eb t\u00eb\u00a0 mjaftueshme.<\/p>\n<p>Altin Dumani ju e dini si u zgjodh, ai nuk mori votat. Ai \u00ebsht\u00eb n\u00eb kund\u00ebrshtim t\u00eb hapur me kushtetut\u00ebn aty. Po ai nuk ka kushtetut\u00eb dhe akti m\u00eb i p\u00ebrgjegjsh\u00ebm i tij do t\u00eb ishte dor\u00ebheqja dhe m\u00eb pas p\u00ebrballja me t\u00eb gjitha t\u00eb tjerat.<\/p>\n<p>P\u00ebrsa i p\u00ebrket fondeve t\u00eb USAID mor\u00ebn fund. Nuk ka, ik\u00ebn fondet e USAID t\u00eb gjitha. Nuk ka m\u00eb ti shp\u00ebrdoroj\u00eb dhe ti b\u00ebj\u00eb sipas qejfit. Amerika nuk heq dor\u00eb nga mb\u00ebshtetja, por do krijoj\u00eb institucionet transparente, rigoroze. Jo t\u00eb financoj\u00eb Delin\u00ebn 10 mln dollar\u00eb. Edhe i shoqi i saj duhet t\u00eb jap\u00eb dor\u00ebheqjen menj\u00ebher\u00eb. T\u00eb kthej\u00eb parat\u00eb e marra.<\/p>\n<p>Ju faleminderit!<\/p>\n","protected":false},"excerpt":{"rendered":"<p>Kryetari i PD, Sali Berisha, n\u00eb konferenc\u00eb p\u00ebr gazetar\u00ebt komentoi deklarat\u00ebn e JD Vance, duke e cil\u00ebsuar Shqip\u00ebrin\u00eb si nj\u00eb nga rastet m\u00eb klasik\u00eb t\u00eb shtypjes s\u00eb opozit\u00ebs n\u00eb bot\u00eb. Ai kritikoi ashp\u00ebr ardhjen e Antony Blinken n\u00eb Shqip\u00ebri, duke v\u00ebn\u00eb n\u00eb dukje se Sekretari Amerikan i Shtetit nuk takoi asnj\u00eb p\u00ebrfaq\u00ebsues t\u00eb opozit\u00ebs, por &hellip;<\/p>\n","protected":false},"author":4,"featured_media":104869,"comment_status":"closed","ping_status":"closed","sticky":false,"template":"","format":"standard","meta":{"footnotes":""},"categories":[37],"tags":[],"class_list":["post-104868","post","type-post","status-publish","format-standard","has-post-thumbnail","","category-politike"],"_links":{"self":[{"href":"https:\/\/rdnews.al\/index.php\/wp-json\/wp\/v2\/posts\/104868","targetHints":{"allow":["GET"]}}],"collection":[{"href":"https:\/\/rdnews.al\/index.php\/wp-json\/wp\/v2\/posts"}],"about":[{"href":"https:\/\/rdnews.al\/index.php\/wp-json\/wp\/v2\/types\/post"}],"author":[{"embeddable":true,"href":"https:\/\/rdnews.al\/index.php\/wp-json\/wp\/v2\/users\/4"}],"replies":[{"embeddable":true,"href":"https:\/\/rdnews.al\/index.php\/wp-json\/wp\/v2\/comments?post=104868"}],"version-history":[{"count":1,"href":"https:\/\/rdnews.al\/index.php\/wp-json\/wp\/v2\/posts\/104868\/revisions"}],"predecessor-version":[{"id":104870,"href":"https:\/\/rdnews.al\/index.php\/wp-json\/wp\/v2\/posts\/104868\/revisions\/104870"}],"wp:featuredmedia":[{"embeddable":true,"href":"https:\/\/rdnews.al\/index.php\/wp-json\/wp\/v2\/media\/104869"}],"wp:attachment":[{"href":"https:\/\/rdnews.al\/index.php\/wp-json\/wp\/v2\/media?parent=104868"}],"wp:term":[{"taxonomy":"category","embeddable":true,"href":"https:\/\/rdnews.al\/index.php\/wp-json\/wp\/v2\/categories?post=104868"},{"taxonomy":"post_tag","embeddable":true,"href":"https:\/\/rdnews.al\/index.php\/wp-json\/wp\/v2\/tags?post=104868"}],"curies":[{"name":"wp","href":"https:\/\/api.w.org\/{rel}","templated":true}]}}