{"id":104875,"date":"2025-02-17T12:24:00","date_gmt":"2025-02-17T12:24:00","guid":{"rendered":"https:\/\/rdnews.al\/?p=104875"},"modified":"2025-02-17T12:24:15","modified_gmt":"2025-02-17T12:24:15","slug":"bylykbashi-mbi-34-mije-emigranteve-u-eshte-refuzuar-kerkesa-per-tu-regjistruar","status":"publish","type":"post","link":"https:\/\/rdnews.al\/index.php\/2025\/02\/17\/bylykbashi-mbi-34-mije-emigranteve-u-eshte-refuzuar-kerkesa-per-tu-regjistruar\/","title":{"rendered":"Bylykbashi: Mbi 34 mij\u00eb emigrant\u00ebve u \u00ebsht\u00eb refuzuar k\u00ebrkesa p\u00ebr t\u2019u regjistruar!"},"content":{"rendered":"<p>N\u00ebnkryetari i PD, Oerd Bylykbashi, i k\u00ebrkoi Komisionit Qendror t\u00eb Zgjedhjeve t\u00eb nd\u00ebrhyj\u00eb p\u00ebr t\u00eb ndihmuar t\u00eb gjith\u00eb emigrant\u00ebt p\u00ebr t\u2019u regjistruar si votues nga jasht\u00eb. N\u00eb replik\u00ebn e b\u00ebr\u00eb n\u00eb Kuvend, Bylykbashi tha se s\u00eb fundmi ka patur nj\u00eb ulje drastike t\u00eb numrit t\u00eb zgjedh\u00ebsve nga jasht\u00eb.<\/p>\n<p><strong>Replika e Oerd Bylykbashit n\u00eb Kuvend<\/strong><\/p>\n<p>KQZ duhet me prioritet absolut, pa humbur koh\u00eb dhe pa gjetur asnj\u00eb lloj justifikimi, t\u00eb merret n\u00eb m\u00ebnyr\u00eb t\u00eb fokusuar n\u00eb uljen drastike t\u00eb numrit t\u00eb personave q\u00eb u \u00ebsht\u00eb refuzuar k\u00ebrkesa p\u00ebr tu regjistruar si votues nga jasht\u00eb. Nga 181,746 zgjedh\u00ebs, me t\u00eb drejt\u00eb vote nga emigracioni q\u00eb deri pak m\u00eb par\u00eb kishin b\u00ebr\u00eb k\u00ebrkes\u00eb, 34,295 vet\u00ebve u \u00ebsht\u00eb refuzuar k\u00ebrkesa. Persona q\u00eb u \u00ebsht\u00eb refuzuar k\u00ebrkesa. Jan\u00eb gati 19% e zgjedh\u00ebsve q\u00eb kan\u00eb b\u00ebr\u00eb k\u00ebrkes\u00eb, u \u00ebsht\u00eb refuzuar e drejta p\u00ebr t\u2019u regjistruar. Ndoshta p\u00ebr probleme dokumentare. Pra 1 n\u00eb 5 u \u00ebsht\u00eb refuzuar.<\/p>\n<p>E kan\u00eb shprehur d\u00ebshir\u00ebn, e kan\u00eb shprehur vullnetin q\u00eb ta ken\u00eb dhe kontaktin me Shqip\u00ebrin\u00eb, por n\u00eb k\u00ebt\u00eb moment nuk e kan\u00eb. KQZ, patjet\u00ebr t\u00eb merret n\u00eb m\u00ebnyr\u00eb t\u00eb fokusuar duke kontaktuar nj\u00eb p\u00ebr nj\u00eb p\u00ebr ti ndihmuar q\u00eb t\u2019i kthejn\u00eb dhe ti b\u00ebjn\u00eb t\u00eb mundur regjistrimin. Madje, data 4 mars q\u00eb nuk \u00ebsht\u00eb fundi i afatit ligjor, nuk duhet ta pengoj\u00eb KQZ por deri n\u00eb p\u00ebrmbushjen e 60 dit\u00ebshit q\u00eb \u00ebsht\u00eb deri nga data 11 mars. Madje duhet t\u00eb merret me secilin prej k\u00ebtyre.<\/p>\n<p>K\u00ebta e kan\u00eb b\u00ebr\u00eb k\u00ebrkes\u00ebn. P\u00ebr k\u00ebta nuk \u00ebsht\u00eb m\u00eb \u00e7\u00ebshtje afati m\u00eb 4 mars. Duhet t\u00eb ndihmohen patjet\u00ebr sepse shumica e tyre e ka dokumentacionin. KQZ nuk duhet t\u00eb fshihet pas procedurave t\u00eb ftohta, por duhet ti kontaktoj\u00eb. N\u00eb qoft\u00eb se k\u00ebsaj qeveri nuk i intereson, do t\u00eb mbetet pasive dhe nuk do t\u00eb b\u00ebj\u00eb asgj\u00eb. N\u00eb qeoft\u00eb se KQZ do t\u00eb ndjek\u00eb k\u00ebt\u00eb linj\u00eb pasive, k\u00ebta 34 mij\u00eb zgjedh\u00ebs nuk dot votojn\u00eb dot. E kan\u00eb k\u00ebrkuar.<\/p>\n<p>Jan\u00eb rreth 200 mij\u00eb persona q\u00eb jan\u00eb pa dokumenta. Jan\u00eb shtetas shqiptar\u00eb. Jan\u00eb njer\u00ebz t\u00eb cil\u00ebt e duan t\u00eb drejt\u00ebn, \u00ebsht\u00eb teknikisht e mundur q\u00eb ata t\u00eb regjistrohen. Hapini rrug\u00ebn q\u00eb KQZ t\u00eb b\u00ebj\u00eb ndryshimet dhe ata t\u00eb regjistrohen. Mos b\u00ebni \u00e7do p\u00ebrpjekje q\u00eb t\u00eb kufizoni numrin dhe ta \u00e7oni tek ato q\u00eb keni kontrolluar me patronazhim. Parlamenti duhet t\u00eb b\u00ebj\u00eb \u00e7mos q\u00eb t\u00eb heq\u00eb \u00e7do barrier\u00eb q\u00eb t\u00eb gjith\u00eb ata q\u00eb duan t\u00eb votojn\u00eb, t\u00eb heq\u00eb \u00e7do barrier\u00eb t\u00eb ken\u00eb mund\u00ebsi t\u00eb regjistrohen dhe t\u00eb votojn\u00eb m\u00eb 11 maj.<\/p>\n","protected":false},"excerpt":{"rendered":"<p>N\u00ebnkryetari i PD, Oerd Bylykbashi, i k\u00ebrkoi Komisionit Qendror t\u00eb Zgjedhjeve t\u00eb nd\u00ebrhyj\u00eb p\u00ebr t\u00eb ndihmuar t\u00eb gjith\u00eb emigrant\u00ebt p\u00ebr t\u2019u regjistruar si votues nga jasht\u00eb. N\u00eb replik\u00ebn e b\u00ebr\u00eb n\u00eb Kuvend, Bylykbashi tha se s\u00eb fundmi ka patur nj\u00eb ulje drastike t\u00eb numrit t\u00eb zgjedh\u00ebsve nga jasht\u00eb. Replika e Oerd Bylykbashit n\u00eb Kuvend KQZ &hellip;<\/p>\n","protected":false},"author":4,"featured_media":85559,"comment_status":"closed","ping_status":"closed","sticky":false,"template":"","format":"standard","meta":{"footnotes":""},"categories":[37],"tags":[],"class_list":["post-104875","post","type-post","status-publish","format-standard","has-post-thumbnail","","category-politike"],"_links":{"self":[{"href":"https:\/\/rdnews.al\/index.php\/wp-json\/wp\/v2\/posts\/104875","targetHints":{"allow":["GET"]}}],"collection":[{"href":"https:\/\/rdnews.al\/index.php\/wp-json\/wp\/v2\/posts"}],"about":[{"href":"https:\/\/rdnews.al\/index.php\/wp-json\/wp\/v2\/types\/post"}],"author":[{"embeddable":true,"href":"https:\/\/rdnews.al\/index.php\/wp-json\/wp\/v2\/users\/4"}],"replies":[{"embeddable":true,"href":"https:\/\/rdnews.al\/index.php\/wp-json\/wp\/v2\/comments?post=104875"}],"version-history":[{"count":1,"href":"https:\/\/rdnews.al\/index.php\/wp-json\/wp\/v2\/posts\/104875\/revisions"}],"predecessor-version":[{"id":104876,"href":"https:\/\/rdnews.al\/index.php\/wp-json\/wp\/v2\/posts\/104875\/revisions\/104876"}],"wp:featuredmedia":[{"embeddable":true,"href":"https:\/\/rdnews.al\/index.php\/wp-json\/wp\/v2\/media\/85559"}],"wp:attachment":[{"href":"https:\/\/rdnews.al\/index.php\/wp-json\/wp\/v2\/media?parent=104875"}],"wp:term":[{"taxonomy":"category","embeddable":true,"href":"https:\/\/rdnews.al\/index.php\/wp-json\/wp\/v2\/categories?post=104875"},{"taxonomy":"post_tag","embeddable":true,"href":"https:\/\/rdnews.al\/index.php\/wp-json\/wp\/v2\/tags?post=104875"}],"curies":[{"name":"wp","href":"https:\/\/api.w.org\/{rel}","templated":true}]}}