{"id":104888,"date":"2025-02-17T16:31:32","date_gmt":"2025-02-17T16:31:32","guid":{"rendered":"https:\/\/rdnews.al\/?p=104888"},"modified":"2025-02-17T16:34:29","modified_gmt":"2025-02-17T16:34:29","slug":"menaxheri-i-fushates-se-trump-publikon-foton-e-rames-me-soros","status":"publish","type":"post","link":"https:\/\/rdnews.al\/index.php\/2025\/02\/17\/menaxheri-i-fushates-se-trump-publikon-foton-e-rames-me-soros\/","title":{"rendered":"Menaxheri i fushat\u00ebs s\u00eb Trump publikon foton e Ram\u00ebs me Soros"},"content":{"rendered":"<p>Menaxheri i fushat\u00ebs s\u00eb Trump dhe tani i fushat\u00ebs s\u00eb Berish\u00ebs, Chris LaCivita ka publikuar foton e fundit t\u00eb Doros me Ram\u00ebn me nj\u00eb koment \u201ckukulla dhe m\u00ebsuesi i kukulles\u201d.<\/p>\n","protected":false},"excerpt":{"rendered":"<p>Menaxheri i fushat\u00ebs s\u00eb Trump dhe tani i fushat\u00ebs s\u00eb Berish\u00ebs, Chris LaCivita ka publikuar foton e fundit t\u00eb Doros me Ram\u00ebn me nj\u00eb koment \u201ckukulla dhe m\u00ebsuesi i kukulles\u201d.<\/p>\n","protected":false},"author":3,"featured_media":104889,"comment_status":"closed","ping_status":"closed","sticky":false,"template":"","format":"standard","meta":{"footnotes":""},"categories":[37],"tags":[],"class_list":["post-104888","post","type-post","status-publish","format-standard","has-post-thumbnail","","category-politike"],"_links":{"self":[{"href":"https:\/\/rdnews.al\/index.php\/wp-json\/wp\/v2\/posts\/104888","targetHints":{"allow":["GET"]}}],"collection":[{"href":"https:\/\/rdnews.al\/index.php\/wp-json\/wp\/v2\/posts"}],"about":[{"href":"https:\/\/rdnews.al\/index.php\/wp-json\/wp\/v2\/types\/post"}],"author":[{"embeddable":true,"href":"https:\/\/rdnews.al\/index.php\/wp-json\/wp\/v2\/users\/3"}],"replies":[{"embeddable":true,"href":"https:\/\/rdnews.al\/index.php\/wp-json\/wp\/v2\/comments?post=104888"}],"version-history":[{"count":2,"href":"https:\/\/rdnews.al\/index.php\/wp-json\/wp\/v2\/posts\/104888\/revisions"}],"predecessor-version":[{"id":104891,"href":"https:\/\/rdnews.al\/index.php\/wp-json\/wp\/v2\/posts\/104888\/revisions\/104891"}],"wp:featuredmedia":[{"embeddable":true,"href":"https:\/\/rdnews.al\/index.php\/wp-json\/wp\/v2\/media\/104889"}],"wp:attachment":[{"href":"https:\/\/rdnews.al\/index.php\/wp-json\/wp\/v2\/media?parent=104888"}],"wp:term":[{"taxonomy":"category","embeddable":true,"href":"https:\/\/rdnews.al\/index.php\/wp-json\/wp\/v2\/categories?post=104888"},{"taxonomy":"post_tag","embeddable":true,"href":"https:\/\/rdnews.al\/index.php\/wp-json\/wp\/v2\/tags?post=104888"}],"curies":[{"name":"wp","href":"https:\/\/api.w.org\/{rel}","templated":true}]}}