{"id":104892,"date":"2025-02-17T17:21:21","date_gmt":"2025-02-17T17:21:21","guid":{"rendered":"https:\/\/rdnews.al\/?p=104892"},"modified":"2025-02-17T17:21:21","modified_gmt":"2025-02-17T17:21:21","slug":"kalaja-u-kallezova-pse-denoncova-orgjine-ne-bashkine-e-tiranes","status":"publish","type":"post","link":"https:\/\/rdnews.al\/index.php\/2025\/02\/17\/kalaja-u-kallezova-pse-denoncova-orgjine-ne-bashkine-e-tiranes\/","title":{"rendered":"Kalaja: U kall\u00ebzova pse denoncova orgjin\u00eb n\u00eb bashkin\u00eb e Tiran\u00ebs!"},"content":{"rendered":"<p>Kreytarja e Apelimit ne Partine Demokratike, Adriana Kalaja \u00ebsht\u00eb paraqitur n\u00eb Gjykat\u00ebn e Tiran\u00ebs n\u00eb dhom\u00ebn penale n\u00eb kuad\u00ebr t\u00eb nj\u00eb kall\u00ebzimi t\u00eb b\u00ebr\u00eb nga kryetari i arrestuar i Bashkis\u00eb s\u00eb Tiran\u00ebs Erion Veliaj.<\/p>\n<p>N\u00eb nj\u00eb deklarat\u00eb p\u00ebr media Kalaja ka sqaruar se, kall\u00ebzimi i Veliajt ka t\u00eb b\u00ebj\u00eb me nj\u00eb denoncim q\u00eb ka b\u00ebr\u00eb ajo n\u00eb lidhje me nj\u00eb fest\u00eb \u201corgji\u201d brenda ambienteve t\u00eb Bashkis\u00eb s\u00eb Kryeqytetit.<\/p>\n<p>Sipas Kalas\u00eb denoncimi \u00ebsht\u00eb b\u00ebr\u00eb n\u00eb baz\u00eb t\u00eb nj\u00eb materiali t\u00eb publikuar nga agjet\u00ebt e BKH, ku k\u00ebta t\u00eb fundit kan\u00eb par\u00eb video n\u00eb celular\u00ebt e drejtor\u00ebve t\u00eb bashkis\u00eb nga festa brenda ambienteve t\u00eb k\u00ebtij institucioni.<\/p>\n","protected":false},"excerpt":{"rendered":"<p>Kreytarja e Apelimit ne Partine Demokratike, Adriana Kalaja \u00ebsht\u00eb paraqitur n\u00eb Gjykat\u00ebn e Tiran\u00ebs n\u00eb dhom\u00ebn penale n\u00eb kuad\u00ebr t\u00eb nj\u00eb kall\u00ebzimi t\u00eb b\u00ebr\u00eb nga kryetari i arrestuar i Bashkis\u00eb s\u00eb Tiran\u00ebs Erion Veliaj. N\u00eb nj\u00eb deklarat\u00eb p\u00ebr media Kalaja ka sqaruar se, kall\u00ebzimi i Veliajt ka t\u00eb b\u00ebj\u00eb me nj\u00eb denoncim q\u00eb ka b\u00ebr\u00eb &hellip;<\/p>\n","protected":false},"author":4,"featured_media":99941,"comment_status":"closed","ping_status":"closed","sticky":false,"template":"","format":"standard","meta":{"footnotes":""},"categories":[37],"tags":[],"class_list":["post-104892","post","type-post","status-publish","format-standard","has-post-thumbnail","","category-politike"],"_links":{"self":[{"href":"https:\/\/rdnews.al\/index.php\/wp-json\/wp\/v2\/posts\/104892","targetHints":{"allow":["GET"]}}],"collection":[{"href":"https:\/\/rdnews.al\/index.php\/wp-json\/wp\/v2\/posts"}],"about":[{"href":"https:\/\/rdnews.al\/index.php\/wp-json\/wp\/v2\/types\/post"}],"author":[{"embeddable":true,"href":"https:\/\/rdnews.al\/index.php\/wp-json\/wp\/v2\/users\/4"}],"replies":[{"embeddable":true,"href":"https:\/\/rdnews.al\/index.php\/wp-json\/wp\/v2\/comments?post=104892"}],"version-history":[{"count":1,"href":"https:\/\/rdnews.al\/index.php\/wp-json\/wp\/v2\/posts\/104892\/revisions"}],"predecessor-version":[{"id":104893,"href":"https:\/\/rdnews.al\/index.php\/wp-json\/wp\/v2\/posts\/104892\/revisions\/104893"}],"wp:featuredmedia":[{"embeddable":true,"href":"https:\/\/rdnews.al\/index.php\/wp-json\/wp\/v2\/media\/99941"}],"wp:attachment":[{"href":"https:\/\/rdnews.al\/index.php\/wp-json\/wp\/v2\/media?parent=104892"}],"wp:term":[{"taxonomy":"category","embeddable":true,"href":"https:\/\/rdnews.al\/index.php\/wp-json\/wp\/v2\/categories?post=104892"},{"taxonomy":"post_tag","embeddable":true,"href":"https:\/\/rdnews.al\/index.php\/wp-json\/wp\/v2\/tags?post=104892"}],"curies":[{"name":"wp","href":"https:\/\/api.w.org\/{rel}","templated":true}]}}