{"id":104900,"date":"2025-02-17T17:37:19","date_gmt":"2025-02-17T17:37:19","guid":{"rendered":"https:\/\/rdnews.al\/?p=104900"},"modified":"2025-02-17T17:37:19","modified_gmt":"2025-02-17T17:37:19","slug":"berisha-thirreni-ramen-pyeteni-si-shkoi-udhetimi-ne-mynih-cuci-shit-cte-kesh-dhe-dorezo-parate-e-usaid-it","status":"publish","type":"post","link":"https:\/\/rdnews.al\/index.php\/2025\/02\/17\/berisha-thirreni-ramen-pyeteni-si-shkoi-udhetimi-ne-mynih-cuci-shit-cte-kesh-dhe-dorezo-parate-e-usaid-it\/","title":{"rendered":"Berisha: Thirreni Ram\u00ebn, pyeteni si shkoi udh\u00ebtimi n\u00eb Mynih! \u00c7u\u00e7i shit \u00e7\u2019t\u00eb kesh dhe dor\u00ebzo parat\u00eb e USAID-it!"},"content":{"rendered":"<p>Kryetari i PD, Sali Berisha nga foltorja e Kuvendit u shpreh se, Rama po i fsheh udh\u00ebtimet e tij, po fsheh 10 milion\u00eb euro t\u00eb vjedhura nga fondet e USAID, t\u00eb cilat u shp\u00ebrndan\u00eb dhe nuk dihet ku jan\u00eb.<\/p>\n<p>Berisha tha se\u00a0vjedhjet komb\u00ebtare dhe nd\u00ebrkomb\u00ebtare t\u00eb PS-s\u00eb jan\u00eb vepra m\u00eb e r\u00ebnd\u00eb kriminale q\u00eb ka ndodhur.<\/p>\n<p>\u201cAi nuk u tregon ju p\u00ebr udh\u00ebtimin e fundit. Nuk ju tregon. Ua fsheh! Po thirreni nj\u00ebher\u00eb, pyeteni pak. Si t\u00eb shkoi udh\u00ebtimi n\u00eb Mynih? Se n\u00eb fjal\u00eb ai ishte personazhi kryesor, pa em\u00ebr, sigurisht.<\/p>\n<p>Po k\u00ebto tjerat, jan\u00eb jo m\u00eb pak t\u00eb r\u00ebnda. Jan\u00eb 10 milion\u00eb euro vet\u00ebm me nj\u00eb projekt, gjasme ka paguar ndihm\u00ebsat. Antikushtetuese, antiligjor. Kushtetuta dhe ligji ka p\u00ebrcaktime t\u00eb qarta se kush mund t\u00eb jet\u00eb ndihm\u00ebs ligjor.<\/p>\n<p>Po si t\u00eb mbush\u00eb Delina xhepat, at\u00ebher\u00eb.<\/p>\n<p>A mund t\u00eb vazhdoni ju k\u00ebshtu, sikur t\u00eb mos ndodh\u00eb asgj\u00eb zot\u00ebri? A mund t\u00eb vazhdoni ju, kur \u00e7do dit\u00eb lajmet n\u00eb Uashington denoncojn\u00eb qeverin\u00eb shqiptare p\u00ebr koluzion t\u00eb tmerrsh\u00ebm korruptiv me Xhorxh\u00a0 Sorosin dhe programet e USAID-it?<\/p>\n<p>Si mund t\u00eb ecet n\u00eb k\u00ebt\u00eb m\u00ebnyr\u00eb? Ku \u00ebsht\u00eb \u00c7u\u00e7i?<\/p>\n<p>I them: shit \u00e7\u2019t\u00eb kesh, dor\u00ebzo parat\u00eb e USAID-it aty! 10 milionshin ua vodh\u00ebt taksapaguesve amerikan\u00eb.<\/p>\n<p>I ndat\u00eb dhe i shp\u00ebrndat\u00eb, ku jan\u00eb tani? Na\u00a0 thoni pak ju?<\/p>\n<p>E mor ju, q\u00eb hiqeshit si aleat\u00eb t\u00eb Amerik\u00ebs. Po ju jeni hajna mor, \u00e7far\u00eb aleance keni ju? Ja, ky \u00ebsht\u00eb rasti. Pse duhet t\u2019i p\u00ebrmendim ne ato, duhet t\u2019i p\u00ebrmendi ju t\u00eb par\u00ebt.<\/p>\n<p>Po ajo, zonja Rama. Cilat jan\u00eb burimet e pasurive t\u00eb saj nga Soros? Sa ka marr\u00eb nga Xhorxh Soros dhe sa ka marr\u00eb para t\u00eb bashkuar USAID dhe Soros?<\/p>\n<p>Si mund t\u00eb dal\u00ebsh k\u00ebtu dhe t\u2019u flas\u00ebsh socialist\u00ebve, nuk po p\u00ebrdor at\u00eb shprehjen. Si mund t\u2019ju thuash socialist\u00ebve ti? Socialist\u00ebve t\u2019u thuash k\u00ebto ti. Nuk u ngop\u00ebn me parat\u00eb e shqiptar\u00ebve, vodh\u00ebn dhe parat\u00eb e amerikan\u00ebve.<\/p>\n<p>Kjo \u00ebsht\u00eb e v\u00ebrteta, kjo \u00ebsht\u00eb faktuar<\/p>\n<p>A e kuptoni, apo jo?<\/p>\n<p>\u00c7\u2019keni ju lidhje me zgjedhjet, ju nuk keni asnj\u00eb lidhje. Ju jeni n\u00eb nj\u00eb rrokullisje t\u00eb madhe. Honet e historis\u00eb\u00eb ju ju presin, ua them un\u00eb ju. Dhe mos ecni si t\u00eb dehur, sikur nuk ka ndodhur gj\u00eb.<\/p>\n<p>Merreni dhe pyeteni, vet\u00ebm p\u00ebr Mynihun. Pyeteni, pyeteni pak.<\/p>\n<p>Ndaj, dhe kjo \u00e7\u00ebshtje \u00ebsht\u00eb p\u00ebr ne \u00e7\u00ebshtje kryesore.<\/p>\n<p>Vjedhjet komb\u00ebtare dhe nd\u00ebrkomb\u00ebtare tuajat jan\u00eb vepra m\u00eb e r\u00ebnd\u00eb kriminale q\u00eb ka ndodhur\u201d, tha Berisha.<\/p>\n<p>&nbsp;<\/p>\n","protected":false},"excerpt":{"rendered":"<p>Kryetari i PD, Sali Berisha nga foltorja e Kuvendit u shpreh se, Rama po i fsheh udh\u00ebtimet e tij, po fsheh 10 milion\u00eb euro t\u00eb vjedhura nga fondet e USAID, t\u00eb cilat u shp\u00ebrndan\u00eb dhe nuk dihet ku jan\u00eb. Berisha tha se\u00a0vjedhjet komb\u00ebtare dhe nd\u00ebrkomb\u00ebtare t\u00eb PS-s\u00eb jan\u00eb vepra m\u00eb e r\u00ebnd\u00eb kriminale q\u00eb ka &hellip;<\/p>\n","protected":false},"author":4,"featured_media":104901,"comment_status":"closed","ping_status":"closed","sticky":false,"template":"","format":"standard","meta":{"footnotes":""},"categories":[37],"tags":[],"class_list":["post-104900","post","type-post","status-publish","format-standard","has-post-thumbnail","","category-politike"],"_links":{"self":[{"href":"https:\/\/rdnews.al\/index.php\/wp-json\/wp\/v2\/posts\/104900","targetHints":{"allow":["GET"]}}],"collection":[{"href":"https:\/\/rdnews.al\/index.php\/wp-json\/wp\/v2\/posts"}],"about":[{"href":"https:\/\/rdnews.al\/index.php\/wp-json\/wp\/v2\/types\/post"}],"author":[{"embeddable":true,"href":"https:\/\/rdnews.al\/index.php\/wp-json\/wp\/v2\/users\/4"}],"replies":[{"embeddable":true,"href":"https:\/\/rdnews.al\/index.php\/wp-json\/wp\/v2\/comments?post=104900"}],"version-history":[{"count":1,"href":"https:\/\/rdnews.al\/index.php\/wp-json\/wp\/v2\/posts\/104900\/revisions"}],"predecessor-version":[{"id":104902,"href":"https:\/\/rdnews.al\/index.php\/wp-json\/wp\/v2\/posts\/104900\/revisions\/104902"}],"wp:featuredmedia":[{"embeddable":true,"href":"https:\/\/rdnews.al\/index.php\/wp-json\/wp\/v2\/media\/104901"}],"wp:attachment":[{"href":"https:\/\/rdnews.al\/index.php\/wp-json\/wp\/v2\/media?parent=104900"}],"wp:term":[{"taxonomy":"category","embeddable":true,"href":"https:\/\/rdnews.al\/index.php\/wp-json\/wp\/v2\/categories?post=104900"},{"taxonomy":"post_tag","embeddable":true,"href":"https:\/\/rdnews.al\/index.php\/wp-json\/wp\/v2\/tags?post=104900"}],"curies":[{"name":"wp","href":"https:\/\/api.w.org\/{rel}","templated":true}]}}