{"id":104910,"date":"2025-02-17T17:57:16","date_gmt":"2025-02-17T17:57:16","guid":{"rendered":"https:\/\/rdnews.al\/?p=104910"},"modified":"2025-02-17T17:57:16","modified_gmt":"2025-02-17T17:57:16","slug":"berisha-edhe-edi-rama-fatin-e-mcgonigal-do-pesoje","status":"publish","type":"post","link":"https:\/\/rdnews.al\/index.php\/2025\/02\/17\/berisha-edhe-edi-rama-fatin-e-mcgonigal-do-pesoje\/","title":{"rendered":"Berisha: Edhe Edi Rama fatin e McGonigal do p\u00ebsoj\u00eb!"},"content":{"rendered":"<p>Kryetari i PD, Sali Berisha i ka b\u00ebr\u00eb thirrje deputet\u00ebve t\u00eb Kuvendit t\u00eb Shqip\u00ebris\u00eb q\u00eb t\u00eb k\u00ebrkojn\u00eb llogari p\u00ebr vjedhjet q\u00eb kryeministri Edi Rama i ka b\u00ebr\u00eb parave t\u00eb taksapaguesve amerikan\u00eb.<\/p>\n<p>\u2018T\u2019i k\u00ebrkojm\u00eb llogari Edi Ram\u00ebs p\u00ebr vjedhjet e parave t\u00eb taksapaguesve amerikan\u00eb. Edhe ai fatin e McGonigal do p\u00ebsoj\u00eb\u2019, u shpreh Berisha gjat\u00eb fjal\u00ebs s\u00eb tij nga foltorja e Kuvendit.<\/p>\n<p><strong>Berisha:<\/strong>\u00a0Ju keni par\u00eb se Edi Rama \u00ebsht\u00eb l\u00ebshuar n\u00eb gjuh\u00eb shtaz\u00ebsh, shpend\u00ebsh, kafsh\u00ebsh, por un\u00eb goj\u00ebn time nuk e \u00e7oj atje. Nj\u00eb fans m\u00eb d\u00ebrgoi nj\u00eb mesazh dhe nj\u00eb fotografi. M\u00eb thot\u00eb, doktor thuaju socialist\u00ebve t\u00eb lexojn\u00eb pak p\u00ebr nj\u00eb shpend, shqep k\u00ebpuc\u00eb, se at\u00ebher\u00eb do t\u00eb kuptojn\u00eb se \u00e7\u2019po b\u00ebn Edi Rama me ta.<\/p>\n<p>Un\u00eb nuk e di se \u00e7far\u00eb \u00ebsht\u00eb ky shpend, nuk e di se \u00e7far\u00eb ka, por ju hyni n\u00eb google dhe shikoni pak se \u00e7far\u00eb \u00ebsht\u00eb.<\/p>\n<p>Pra, t\u00eb dashur qytetare dhe qytetar\u00eb!<\/p>\n<p>Pra problemi i tyre nuk jan\u00eb qytetar\u00ebt, pensioni 160 euro, nuk \u00ebsht\u00eb nafta m\u00eb e shtrenjt\u00eb n\u00eb Europ\u00eb, energjia elektrike m\u00eb e shtrenjt\u00eb n\u00eb rajon, problemi i tyre nuk jan\u00eb rrogat m\u00eb t\u00eb ul\u00ebta n\u00eb rajon.<\/p>\n<p>T\u00eb dashur rrog\u00ebtar\u00eb t\u00eb shtetit shqiptar, sot do t\u00eb ju jap nj\u00eb informacion shum\u00eb t\u00eb vyer. Fondi q\u00eb u p\u00ebrdor p\u00ebr rritjen e pagave, ju duhet ta dini se 50% e tij, u p\u00ebrdor p\u00ebr t\u00eb rritur pagat e ministrave, deputet\u00ebve, gjykat\u00ebsve dhe prokuror\u00ebve. Dhe 50% e tij mbeti p\u00ebr t\u00eb rritur pagat e 200 mij\u00eb punonj\u00ebsve.<\/p>\n<p>Kjo \u00ebsht\u00eb e v\u00ebrteta, rritja e pagave. Kjo tregon se sa ju plasi barku k\u00ebtyre p\u00ebr qytetarin.<\/p>\n<p>U ngrite n\u00eb seanc\u00ebn tjet\u00ebr, ish-pastor, por qytetar\u00ebt m\u00eb than\u00eb, pyete pak, at\u00eb vil\u00ebn me \u00e7a e ka ngritur pastori, pati ndonj\u00eb ndihm\u00eb nga Erion Veliaj?<\/p>\n<p>E sqaron ti vet\u00eb.<\/p>\n<p>Pra jan\u00eb k\u00ebto rrethana q\u00eb faktikisht e b\u00ebjn\u00eb k\u00ebt\u00eb parlament q\u00eb t\u00eb shp\u00ebrndahet nes\u00ebr. Mos e shp\u00ebrndani, k\u00ebt\u00eb do keni. Do themi t\u00eb v\u00ebrtetat q\u00eb ju fshihni.<\/p>\n<p>E mor\u00ebt vesh denoncimin q\u00eb i b\u00ebri presidenti Donald Trump dhe zv\/presidenti JD Vance censur\u00ebs n\u00eb Mynih dhe ai n\u00eb Uashington.<\/p>\n<p>E mor\u00ebt vet jush se p\u00ebrse e p\u00ebrdorni censur\u00ebn. Censur\u00ebn e keni p\u00ebr t\u00eb fshehur vjedhjet dhe abuzimet tuaja. Se censur\u00ebn e keni p\u00ebr t\u00eb mashtruar qytetarin. I mor\u00ebt vesh t\u00eb gjitha k\u00ebto.<\/p>\n<p>Por ne transparenc\u00eb do t\u00eb b\u00ebjm\u00eb. Nj\u00eb audit i plot\u00eb do t\u00eb b\u00ebhet pas 11 majit, jan\u00eb 64 miliard\u00eb euro t\u00eb vjedhura n\u00eb t\u00eb 4-an\u00ebt e nomenklatur\u00ebs.<\/p>\n<p>Prandaj mendoj t\u00eb th\u00ebrrasim k\u00ebtu kreun tuaj, ti k\u00ebrkojm\u00eb llogari p\u00ebr vjedhjet e parave t\u00eb taksapaguesve amerikane. Ti k\u00ebrkojm\u00eb llogari mbi udh\u00ebtimin e tij n\u00eb Mynih, suksesin e madh q\u00eb pati, q\u00eb u b\u00eb personazhi kryesor aty, si njeriu q\u00eb arreston lider t\u00eb opozit\u00ebs, q\u00eb mbyll tik tokun, q\u00eb arreston gazetar\u00ebt, si njeriu q\u00eb vendos censur\u00eb, e pat\u00eb vet\u00eb ju.<\/p>\n<p>K\u00ebt\u00eb dije, lexojeni pak k\u00ebt\u00eb t\u00eb dashur qytetar\u00eb, ata Boer\u00eb, se kush jan\u00eb Boer\u00ebt e di ti (drejtohet Taulant Ball\u00ebs).<\/p>\n<p>Meqen\u00ebse Rama nuk vjen, t\u00eb vij\u00eb \u00c7u\u00e7i, t\u00eb na thot\u00eb pak, se \u00e7far\u00eb ka nd\u00ebrmend t\u00eb b\u00ebj\u00eb ai, a do t\u00eb ja kthej\u00eb ai parat\u00eb taksapaguesve amerikan\u00eb.<\/p>\n<p>10 milion\u00eb dollar\u00eb vet\u00ebm nj\u00eb projekt. A mund t\u00eb ndodh\u00eb nj\u00eb gj\u00eb e till\u00eb. \u00cbsht\u00eb 100% e v\u00ebrtet\u00eb. Problemi \u00ebsht\u00eb ky, se tani u doli boja t\u00eb gjithave.<\/p>\n<p>Ai q\u00eb vinte dhe p\u00ebrg\u00ebzonte prokurorin se arrestove Sali Berish\u00ebn, q\u00eb vinte e mashtronte shqiptar\u00ebt se Edi Rama \u00ebsht\u00eb lider i jasht\u00ebzakonsh\u00ebm se kishte korruptuar McGonigalin, ai tani do t\u00eb shkoj\u00eb para drejt\u00ebsis\u00eb amerikane. Ai \u00ebsht\u00eb nj\u00eb \u2018non grata\u2019 nuk futet dot n\u00eb asnj\u00eb nd\u00ebrtes\u00eb qeveritare, ai miku juaj, ai miku q\u00eb korruptuat ju p\u00ebr t\u00eb sanksionuar Sali Berish\u00ebn.<\/p>\n<p>Por nuk jam k\u00ebtu p\u00ebr veten time. Jam p\u00ebr interesat e shqiptar\u00ebve dhe t\u00eb amerikan\u00ebve, nuk merrem me gj\u00ebra personale. Ndaj mos i ngat\u00ebrroni gj\u00ebrat, se po t\u00eb jet\u00eb p\u00ebr personale, kam t\u00eb tjera un\u00eb.<\/p>\n<p>Mendoni ju se, persekutori num\u00ebr 1, nga m\u00eb kryesor\u00ebt e presidentit Donald Trump, aventurierin McoGonigal, i korruptuari i Edi Ram\u00ebs. Nuk do e marr\u00eb Edin me vete, e keni gabim. Edi do t\u00eb shkoj\u00eb me t\u00eb, do t\u00eb shkoj\u00eb me t\u00eb. U p\u00ebrpoq, solli k\u00ebtu Blinkenin p\u00ebr t\u00eb ju th\u00ebn\u00eb shqiptar\u00ebve se Edi Rama \u00ebsht\u00eb udh\u00ebheq\u00ebs i jasht\u00ebzakonsh\u00ebm.<\/p>\n<p>Edhe Edi Rama fatin e tyre do t\u00eb p\u00ebsoj\u00eb.<\/p>\n<p>Me kaq e mbyll k\u00ebt\u00eb fjal\u00eb, me vendosm\u00ebrin\u00eb absolute se do t\u00eb ju shkojm\u00eb gjer n\u00eb fund, t\u00eb gjitha vjedhjeve q\u00eb keni b\u00ebr\u00eb, parave t\u00eb taksapaguesve shqiptar\u00eb dhe t\u00eb huaj.<\/p>\n<p>Faleminderit!<\/p>\n","protected":false},"excerpt":{"rendered":"<p>Kryetari i PD, Sali Berisha i ka b\u00ebr\u00eb thirrje deputet\u00ebve t\u00eb Kuvendit t\u00eb Shqip\u00ebris\u00eb q\u00eb t\u00eb k\u00ebrkojn\u00eb llogari p\u00ebr vjedhjet q\u00eb kryeministri Edi Rama i ka b\u00ebr\u00eb parave t\u00eb taksapaguesve amerikan\u00eb. \u2018T\u2019i k\u00ebrkojm\u00eb llogari Edi Ram\u00ebs p\u00ebr vjedhjet e parave t\u00eb taksapaguesve amerikan\u00eb. Edhe ai fatin e McGonigal do p\u00ebsoj\u00eb\u2019, u shpreh Berisha gjat\u00eb fjal\u00ebs &hellip;<\/p>\n","protected":false},"author":4,"featured_media":36879,"comment_status":"closed","ping_status":"closed","sticky":false,"template":"","format":"standard","meta":{"footnotes":""},"categories":[37],"tags":[],"class_list":["post-104910","post","type-post","status-publish","format-standard","has-post-thumbnail","","category-politike"],"_links":{"self":[{"href":"https:\/\/rdnews.al\/index.php\/wp-json\/wp\/v2\/posts\/104910","targetHints":{"allow":["GET"]}}],"collection":[{"href":"https:\/\/rdnews.al\/index.php\/wp-json\/wp\/v2\/posts"}],"about":[{"href":"https:\/\/rdnews.al\/index.php\/wp-json\/wp\/v2\/types\/post"}],"author":[{"embeddable":true,"href":"https:\/\/rdnews.al\/index.php\/wp-json\/wp\/v2\/users\/4"}],"replies":[{"embeddable":true,"href":"https:\/\/rdnews.al\/index.php\/wp-json\/wp\/v2\/comments?post=104910"}],"version-history":[{"count":1,"href":"https:\/\/rdnews.al\/index.php\/wp-json\/wp\/v2\/posts\/104910\/revisions"}],"predecessor-version":[{"id":104911,"href":"https:\/\/rdnews.al\/index.php\/wp-json\/wp\/v2\/posts\/104910\/revisions\/104911"}],"wp:featuredmedia":[{"embeddable":true,"href":"https:\/\/rdnews.al\/index.php\/wp-json\/wp\/v2\/media\/36879"}],"wp:attachment":[{"href":"https:\/\/rdnews.al\/index.php\/wp-json\/wp\/v2\/media?parent=104910"}],"wp:term":[{"taxonomy":"category","embeddable":true,"href":"https:\/\/rdnews.al\/index.php\/wp-json\/wp\/v2\/categories?post=104910"},{"taxonomy":"post_tag","embeddable":true,"href":"https:\/\/rdnews.al\/index.php\/wp-json\/wp\/v2\/tags?post=104910"}],"curies":[{"name":"wp","href":"https:\/\/api.w.org\/{rel}","templated":true}]}}