{"id":104912,"date":"2025-02-17T18:02:35","date_gmt":"2025-02-17T18:02:35","guid":{"rendered":"https:\/\/rdnews.al\/?p=104912"},"modified":"2025-02-17T18:02:35","modified_gmt":"2025-02-17T18:02:35","slug":"berisha-te-bashkojme-votat-per-te-votuar-besim-ndregjonin-si-avokat-te-popullit","status":"publish","type":"post","link":"https:\/\/rdnews.al\/index.php\/2025\/02\/17\/berisha-te-bashkojme-votat-per-te-votuar-besim-ndregjonin-si-avokat-te-popullit\/","title":{"rendered":"Berisha: T\u00eb bashkojm\u00eb votat p\u00ebr t\u00eb votuar Besim Ndregjonin si Avokat t\u00eb Popullit"},"content":{"rendered":"<p>Lideri i opozit\u00ebs, Sali Berisha i ka k\u00ebrkuar votat deputet\u00ebve t\u00eb Kuvendit t\u00eb Shqip\u00ebris\u00eb, p\u00ebr t\u00eb votuar Besim Ndregjonin si Avokat t\u00eb Popullit.<\/p>\n<p>\u2018N\u00eb detyrimin e k\u00ebtij parlamenti t\u00eb votoj\u00eb p\u00ebr avokat t\u00eb popullit p\u00ebrfaq\u00ebsuesin e asaj shtrese q\u00eb p\u00ebrjetoi kalvarin m\u00eb t\u00eb eg\u00ebr barbarit\u00eb m\u00eb t\u00eb m\u00ebdha n\u00eb t\u00eb gjith\u00eb Europ\u00ebn. Shekuj dhe mij\u00ebvje\u00e7ar burgje dhe vite rinie t\u00eb humbura. T\u00eb bashkojm\u00eb votat p\u00ebr t\u00eb votuar Besim Ndregjonin si Avokat t\u00eb Popullit\u2019, u shpreh Berisha n\u00eb fjal\u00ebn e tij.<\/p>\n<p>\u201cN\u00eb detyrimin e k\u00ebtij parlamenti t\u00eb votoj\u00eb p\u00ebr avokat t\u00eb popullit p\u00ebrfaq\u00ebsuesin e asaj shtrese q\u00eb p\u00ebrjetoi kalvarin m\u00eb t\u00eb eg\u00ebr barbarit\u00eb m\u00eb t\u00eb m\u00ebdha n\u00eb t\u00eb gjith\u00eb Europ\u00ebn.<\/p>\n<p>Shekuj dhe mij\u00ebvje\u00e7ar burgje dhe vite rinie t\u00eb humbura.<\/p>\n<p>Mij\u00ebra e mij\u00ebra jet\u00eb t\u00eb k\u00ebputura n\u00eb mes nga skuadrat e pushkatimit. Kampet e p\u00ebrqendrimit dhe gulag\u00ebt e regjimit t\u00eb shkuar jan\u00eb nj\u00eb rast p\u00ebr k\u00ebt\u00eb parlament p\u00ebr t\u00eb em\u00ebruar pik\u00ebrisht avokat t\u00eb t\u00eb drejtave t\u00eb shqiptar\u00ebve, t\u00eb drejtave themelore, nj\u00eb p\u00ebrfaq\u00ebsues t\u00eb shquar t\u00eb tyre, nj\u00eb p\u00ebrfaq\u00ebsues t\u00eb shquar t\u00eb nj\u00eb prej familjeve m\u00eb t\u00eb nderuara t\u00eb Dibr\u00ebs, dhe mendoj se nuk ka nevoj\u00eb t\u00eb p\u00ebrdoren votat sekrete, por t\u00eb votoni Besim Ndregjonin edhe si nj\u00eb akt ndjese detyrimi, ndjese p\u00ebr at\u00eb q\u00eb ka ndodhur, p\u00ebr dram\u00ebn e tmerrshme q\u00eb ka p\u00ebrjetuar shtresa e tyre.<\/p>\n<p>Ndaj dhe, them mos p\u00ebrdorni fsheht\u00ebsin\u00eb, por dilni haptas ta miratojm\u00eb me n\u00eb fund nj\u00eb p\u00ebrfaq\u00ebsues t\u00eb nj\u00eb shtrese t\u00eb martirizuar n\u00eb respekt p\u00ebr vuajtjet, sakrificat e tyre\u201d,tha Berisha.<\/p>\n<p>Pavar\u00ebsisht se ne jemi n\u00eb pozicione shum\u00eb t\u00eb ndryshme nga nj\u00ebri-tjetri, por n\u00eb k\u00ebt\u00eb rast, un\u00eb ftoj parlamentin t\u00eb bashkoj\u00eb votat p\u00ebr t\u00eb kaluar si p\u00ebrfaq\u00ebsues t\u00eb avokatit t\u00eb t\u00eb drejtave t\u00eb qytetar\u00ebve shqiptar\u00eb, Besim Ndregjonin I cili p\u00ebrfaq\u00ebson shpres\u00ebn e madhe t\u00eb ty\u00eb p\u00ebrndjekurve politik\u00eb&#8221;, tha Berisha.<\/p>\n","protected":false},"excerpt":{"rendered":"<p>Lideri i opozit\u00ebs, Sali Berisha i ka k\u00ebrkuar votat deputet\u00ebve t\u00eb Kuvendit t\u00eb Shqip\u00ebris\u00eb, p\u00ebr t\u00eb votuar Besim Ndregjonin si Avokat t\u00eb Popullit. \u2018N\u00eb detyrimin e k\u00ebtij parlamenti t\u00eb votoj\u00eb p\u00ebr avokat t\u00eb popullit p\u00ebrfaq\u00ebsuesin e asaj shtrese q\u00eb p\u00ebrjetoi kalvarin m\u00eb t\u00eb eg\u00ebr barbarit\u00eb m\u00eb t\u00eb m\u00ebdha n\u00eb t\u00eb gjith\u00eb Europ\u00ebn. Shekuj dhe mij\u00ebvje\u00e7ar &hellip;<\/p>\n","protected":false},"author":4,"featured_media":104901,"comment_status":"closed","ping_status":"closed","sticky":false,"template":"","format":"standard","meta":{"footnotes":""},"categories":[37],"tags":[],"class_list":["post-104912","post","type-post","status-publish","format-standard","has-post-thumbnail","","category-politike"],"_links":{"self":[{"href":"https:\/\/rdnews.al\/index.php\/wp-json\/wp\/v2\/posts\/104912","targetHints":{"allow":["GET"]}}],"collection":[{"href":"https:\/\/rdnews.al\/index.php\/wp-json\/wp\/v2\/posts"}],"about":[{"href":"https:\/\/rdnews.al\/index.php\/wp-json\/wp\/v2\/types\/post"}],"author":[{"embeddable":true,"href":"https:\/\/rdnews.al\/index.php\/wp-json\/wp\/v2\/users\/4"}],"replies":[{"embeddable":true,"href":"https:\/\/rdnews.al\/index.php\/wp-json\/wp\/v2\/comments?post=104912"}],"version-history":[{"count":1,"href":"https:\/\/rdnews.al\/index.php\/wp-json\/wp\/v2\/posts\/104912\/revisions"}],"predecessor-version":[{"id":104913,"href":"https:\/\/rdnews.al\/index.php\/wp-json\/wp\/v2\/posts\/104912\/revisions\/104913"}],"wp:featuredmedia":[{"embeddable":true,"href":"https:\/\/rdnews.al\/index.php\/wp-json\/wp\/v2\/media\/104901"}],"wp:attachment":[{"href":"https:\/\/rdnews.al\/index.php\/wp-json\/wp\/v2\/media?parent=104912"}],"wp:term":[{"taxonomy":"category","embeddable":true,"href":"https:\/\/rdnews.al\/index.php\/wp-json\/wp\/v2\/categories?post=104912"},{"taxonomy":"post_tag","embeddable":true,"href":"https:\/\/rdnews.al\/index.php\/wp-json\/wp\/v2\/tags?post=104912"}],"curies":[{"name":"wp","href":"https:\/\/api.w.org\/{rel}","templated":true}]}}