{"id":104914,"date":"2025-02-17T18:06:33","date_gmt":"2025-02-17T18:06:33","guid":{"rendered":"https:\/\/rdnews.al\/?p=104914"},"modified":"2025-02-17T18:06:33","modified_gmt":"2025-02-17T18:06:33","slug":"kuvendi-shkarkon-11-anetaret-e-keshillit-drejtues-te-rtsh","status":"publish","type":"post","link":"https:\/\/rdnews.al\/index.php\/2025\/02\/17\/kuvendi-shkarkon-11-anetaret-e-keshillit-drejtues-te-rtsh\/","title":{"rendered":"Kuvendi shkarkon 11 an\u00ebtar\u00ebt e K\u00ebshillit Drejtues t\u00eb RTSH"},"content":{"rendered":"<p>T\u00eb 11 an\u00ebtar\u00ebt e K\u00ebshillit Drejtues t\u00eb Radio Televizionit Shqiptar jan\u00eb shkarkuar nga Kuvendi, q\u00eb votoi n\u00eb seanc\u00ebn e k\u00ebsaj t\u00eb h\u00ebne projektvendimin e dor\u00ebzuar nga Komisioni i Medias.<\/p>\n<p>Pas nj\u00eb raportimi, deputet\u00ebt miratuan me votim t\u00eb fsheht\u00eb shkarkimin e t\u00eb 11 an\u00ebtar\u00ebve, nj\u00eb votim q\u00eb si rrall\u00ebher\u00eb solli konsensus midis maxhoranc\u00ebs dhe opozit\u00ebs n\u00eb Parlament.<\/p>\n<p><strong style=\"font-style: inherit;\">VOTIMI:<\/strong><\/p>\n<p>Leka Bungo\u00a0\u2013 95 pro, 5 abstenime, 3 kund\u00ebr<\/p>\n<p><span style=\"font-style: inherit; font-weight: inherit;\">Mevlan Shanaj\u00a0\u2013 64 pro, 12 abstenime, 15 kund\u00ebr<\/span><\/p>\n<p>G\u00ebzim Podgorica\u00a0\u2013 89 vota pro, 5 abstenime, 4 kund\u00ebr<\/p>\n<p>Genc P\u00ebrmeti\u00a0\u2013 91 vota pro, 0 abstenime, 4 kund\u00ebr<\/p>\n<p>Albert Minga\u00a0\u2013 88 vota pro, 6 abstenime, 6 kund\u00ebr<\/p>\n<p>Milena Selimi\u00a0\u2013 93 vota pro, 3 abstenime, 4 kund\u00ebr<\/p>\n<p>Ardita Re\u00e7i\u00a0\u2013 92 vota pro, 3 abstenime, 3 kund\u00ebr<\/p>\n<p>Dionis Papadhimitri \u2013 92 vota pro, 3 abstenime, 2 kund\u00ebr<\/p>\n<p>Edmond Tullumani\u00a0\u2013 96 pro, 3 kund\u00ebr, 1 abstenim<\/p>\n<p>Engj\u00ebll Ndocaj\u00a0\u2013 94 vota pro, 4 abstenime, 4 kund\u00ebr<\/p>\n<p>Ilir Keko\u00a0\u2013 89 vota pro, 3 abstenime, 11 kund\u00ebr<\/p>\n","protected":false},"excerpt":{"rendered":"<p>T\u00eb 11 an\u00ebtar\u00ebt e K\u00ebshillit Drejtues t\u00eb Radio Televizionit Shqiptar jan\u00eb shkarkuar nga Kuvendi, q\u00eb votoi n\u00eb seanc\u00ebn e k\u00ebsaj t\u00eb h\u00ebne projektvendimin e dor\u00ebzuar nga Komisioni i Medias. Pas nj\u00eb raportimi, deputet\u00ebt miratuan me votim t\u00eb fsheht\u00eb shkarkimin e t\u00eb 11 an\u00ebtar\u00ebve, nj\u00eb votim q\u00eb si rrall\u00ebher\u00eb solli konsensus midis maxhoranc\u00ebs dhe opozit\u00ebs n\u00eb &hellip;<\/p>\n","protected":false},"author":4,"featured_media":83805,"comment_status":"closed","ping_status":"closed","sticky":false,"template":"","format":"standard","meta":{"footnotes":""},"categories":[37],"tags":[],"class_list":["post-104914","post","type-post","status-publish","format-standard","has-post-thumbnail","","category-politike"],"_links":{"self":[{"href":"https:\/\/rdnews.al\/index.php\/wp-json\/wp\/v2\/posts\/104914","targetHints":{"allow":["GET"]}}],"collection":[{"href":"https:\/\/rdnews.al\/index.php\/wp-json\/wp\/v2\/posts"}],"about":[{"href":"https:\/\/rdnews.al\/index.php\/wp-json\/wp\/v2\/types\/post"}],"author":[{"embeddable":true,"href":"https:\/\/rdnews.al\/index.php\/wp-json\/wp\/v2\/users\/4"}],"replies":[{"embeddable":true,"href":"https:\/\/rdnews.al\/index.php\/wp-json\/wp\/v2\/comments?post=104914"}],"version-history":[{"count":1,"href":"https:\/\/rdnews.al\/index.php\/wp-json\/wp\/v2\/posts\/104914\/revisions"}],"predecessor-version":[{"id":104915,"href":"https:\/\/rdnews.al\/index.php\/wp-json\/wp\/v2\/posts\/104914\/revisions\/104915"}],"wp:featuredmedia":[{"embeddable":true,"href":"https:\/\/rdnews.al\/index.php\/wp-json\/wp\/v2\/media\/83805"}],"wp:attachment":[{"href":"https:\/\/rdnews.al\/index.php\/wp-json\/wp\/v2\/media?parent=104914"}],"wp:term":[{"taxonomy":"category","embeddable":true,"href":"https:\/\/rdnews.al\/index.php\/wp-json\/wp\/v2\/categories?post=104914"},{"taxonomy":"post_tag","embeddable":true,"href":"https:\/\/rdnews.al\/index.php\/wp-json\/wp\/v2\/tags?post=104914"}],"curies":[{"name":"wp","href":"https:\/\/api.w.org\/{rel}","templated":true}]}}