{"id":104952,"date":"2025-02-18T10:12:04","date_gmt":"2025-02-18T10:12:04","guid":{"rendered":"https:\/\/rdnews.al\/?p=104952"},"modified":"2025-02-18T10:13:53","modified_gmt":"2025-02-18T10:13:53","slug":"mediu-me-lideret-nderkombetare-ne-londer-ja-per-cfare-u-diskutua","status":"publish","type":"post","link":"https:\/\/rdnews.al\/index.php\/2025\/02\/18\/mediu-me-lideret-nderkombetare-ne-londer-ja-per-cfare-u-diskutua\/","title":{"rendered":"Mediu me lider\u00ebt nd\u00ebrkomb\u00ebtar\u00eb n\u00eb Lond\u00ebr, ja p\u00ebr \u00e7far\u00eb u diskutua"},"content":{"rendered":"<div id=\"rekl-49\"><\/div>\n<div>Kryetari i Partis\u00eb Republikane, Fatmir Mediu, ka marr\u00eb pjes\u00eb n\u00eb konferenc\u00ebn \u201cAleanca p\u00ebr qytetar\u00eb t\u00eb p\u00ebrgjegjsh\u00ebm\u201d q\u00eb u mbajt n\u00eb Lond\u00ebr, ku mor\u00ebn pjes\u00eb p\u00ebrfaq\u00ebsues nga mbi 90 shtete t\u00eb bot\u00ebs. Ai theksoi fjal\u00ebn e Kryetarit Mike Johnson, i cili foli p\u00ebr nevoj\u00ebn e ringritjes s\u00eb vlerave t\u00eb individit dhe liris\u00eb, duke u p\u00ebrballur me tendenc\u00ebn e kontrollit t\u00eb qeverive n\u00eb em\u00ebr t\u00eb globalizmit.<\/div>\n<div class=\"readmore-text-here\">\n<p>N\u00eb nj\u00eb postim n\u00eb rrjetet sociale,\u00a0Mediu vei n\u00eb dukje r\u00ebnd\u00ebsin\u00eb e ruajtjes s\u00eb vlerave familjare, tradit\u00ebs dhe identiteteve komb\u00ebtare, si dhe nevoj\u00ebn p\u00ebr nj\u00eb partneritet t\u00eb fort\u00eb midis Europ\u00ebs dhe SHBA-s\u00eb, t\u00eb bazuar n\u00eb k\u00ebto vlera. Ai p\u00ebrmendi gjithashtu fjal\u00ebn e lideres konservatore britanike Kemi Badenoch, e cila foli p\u00ebr rikthimin e konservator\u00ebve n\u00eb p\u00ebrgjigje t\u00eb sfidave t\u00eb shoq\u00ebris\u00eb moderne.<\/p>\n<p>Mediu gjithashtu tregoi p\u00ebr analiz\u00ebn e thell\u00eb t\u00eb Jordan Peterson mbi nevoj\u00ebn p\u00ebr ringritjen e vlerave njer\u00ebzore dhe forc\u00ebn e individit n\u00eb p\u00ebrballje me shp\u00ebrb\u00ebrjen e familjes dhe kombeve, duke e quajtur k\u00ebt\u00eb nj\u00eb \u00e7\u00ebshtje t\u00eb r\u00ebnd\u00ebsishme. N\u00eb p\u00ebrfundim, Mediu theksoi k\u00ebnaq\u00ebsin\u00eb e tij p\u00ebr takimet me personalitete t\u00eb shquara, si Kongresmenin Mike Cloud, Kongreswomen Harriet Hageman dhe Presidentin e Heritage Foundation, Kevin Roberts.<\/p>\n<p><img decoding=\"async\" src=\"https:\/\/www.syri.net\/uploads\/syri.net\/images\/2025\/February\/18\/auto_Screenshot_111739872226.jpg\" alt=\"Image\" \/><img decoding=\"async\" src=\"https:\/\/www.syri.net\/uploads\/syri.net\/images\/2025\/February\/18\/auto_Screenshot_101739872230.jpg\" alt=\"Image\" \/><\/p>\n<div id=\"rekl-13\">\n<div id=\"__sap-ad-15\" class=\"__sap-ads __sap-html inline tracked\" data-title=\"Credins desktop Brenda lajmit 08\">\n<div id=\"beacon_fdd386d7d9\"><strong>Postimi i plot\u00eb<\/strong><\/div>\n<\/div>\n<\/div>\n<p>Lond\u00ebr: Britani e Madhe<\/p>\n<p>Filloj konferenca\u201dAleanca p\u00ebr qytetar\u00eb t\u00eb p\u00ebrgjegjsh\u00ebm\u201d<br \/>\nKjo konferenc\u00eb ka b\u00ebr\u00eb s\u00eb bashku pjestar\u00eb nga mbi 90 v\u00ebnde t\u00eb bot\u00ebs.<br \/>\nAnltar\u00eb t\u00eb Kongresit Amerikan, politikan nga Britania, Europa dhe Australia<br \/>\nN\u00eb fjal\u00ebn e tij Kryetari Mike Johnson foli p\u00ebr p\u00ebr nevoj\u00ebn e ringritjes s\u00eb vlerave t\u00eb individit dhe liris\u00eb n\u00eb p\u00ebrballje me tendenc\u00ebn e kontrollit t\u00eb qeverive n\u00eb em\u00ebr t\u00eb globalizmit<\/p>\n<p>Nevoja p\u00ebr t\u00eb ruajtur vlerat familjare, tradit\u00ebn, kultur\u00ebn dhe identitetet komb\u00ebtare, si dhe nj\u00eb partneritet t\u00eb Europ\u00ebs me SHBA bazuar mbi k\u00ebto vlera.<br \/>\nPo ashtu t\u00eb nj\u00ebjtin q\u00ebbdrim o\u00ebr nevoj\u00ebn w rikthimi t\u00eb konservator\u00ebve Anglez foli dhe liderja e tyre Kemi Badenoch etj.<\/p>\n<p>Nj\u00eb analiz\u00eb t\u00eb thell\u00eb t\u00eb gj\u00ebndjes s\u00eb shoq\u00ebrive sot dhe nevoj\u00ebs s\u00eb ringritjes s\u00eb vlerave njer\u00ebzore bazuar mbi lirin\u00eb dhe forc\u00ebn e individit, n\u00eb p\u00ebrballje me tendencat e shp\u00ebrb\u00ebrjes s\u00eb familjes, shoq\u00ebrive dhe kombeve t\u00eb inspiruar nga e majta e prezantoj filizofi dhe analisti Kandez Jordan Peterson.<br \/>\nGjat\u00eb aktivitetit pata k\u00ebnaq\u00ebsin\u00eb t\u00eb takohesha me Kongresmenin nga Tx Mike Cloud dhe Kongreswomen Harriet Hageman, Prwsidentir e Heritage foundation Kevin Roberts, Lordin Dan Hannan, eurodeputet etj.<\/p>\n<\/div>\n","protected":false},"excerpt":{"rendered":"<p>Kryetari i Partis\u00eb Republikane, Fatmir Mediu, ka marr\u00eb pjes\u00eb n\u00eb konferenc\u00ebn \u201cAleanca p\u00ebr qytetar\u00eb t\u00eb p\u00ebrgjegjsh\u00ebm\u201d q\u00eb u mbajt n\u00eb Lond\u00ebr, ku mor\u00ebn pjes\u00eb p\u00ebrfaq\u00ebsues nga mbi 90 shtete t\u00eb bot\u00ebs. Ai theksoi fjal\u00ebn e Kryetarit Mike Johnson, i cili foli p\u00ebr nevoj\u00ebn e ringritjes s\u00eb vlerave t\u00eb individit dhe liris\u00eb, duke u p\u00ebrballur me &hellip;<\/p>\n","protected":false},"author":4,"featured_media":104953,"comment_status":"closed","ping_status":"closed","sticky":false,"template":"","format":"standard","meta":{"footnotes":""},"categories":[37],"tags":[],"class_list":["post-104952","post","type-post","status-publish","format-standard","has-post-thumbnail","","category-politike"],"_links":{"self":[{"href":"https:\/\/rdnews.al\/index.php\/wp-json\/wp\/v2\/posts\/104952","targetHints":{"allow":["GET"]}}],"collection":[{"href":"https:\/\/rdnews.al\/index.php\/wp-json\/wp\/v2\/posts"}],"about":[{"href":"https:\/\/rdnews.al\/index.php\/wp-json\/wp\/v2\/types\/post"}],"author":[{"embeddable":true,"href":"https:\/\/rdnews.al\/index.php\/wp-json\/wp\/v2\/users\/4"}],"replies":[{"embeddable":true,"href":"https:\/\/rdnews.al\/index.php\/wp-json\/wp\/v2\/comments?post=104952"}],"version-history":[{"count":3,"href":"https:\/\/rdnews.al\/index.php\/wp-json\/wp\/v2\/posts\/104952\/revisions"}],"predecessor-version":[{"id":104956,"href":"https:\/\/rdnews.al\/index.php\/wp-json\/wp\/v2\/posts\/104952\/revisions\/104956"}],"wp:featuredmedia":[{"embeddable":true,"href":"https:\/\/rdnews.al\/index.php\/wp-json\/wp\/v2\/media\/104953"}],"wp:attachment":[{"href":"https:\/\/rdnews.al\/index.php\/wp-json\/wp\/v2\/media?parent=104952"}],"wp:term":[{"taxonomy":"category","embeddable":true,"href":"https:\/\/rdnews.al\/index.php\/wp-json\/wp\/v2\/categories?post=104952"},{"taxonomy":"post_tag","embeddable":true,"href":"https:\/\/rdnews.al\/index.php\/wp-json\/wp\/v2\/tags?post=104952"}],"curies":[{"name":"wp","href":"https:\/\/api.w.org\/{rel}","templated":true}]}}