{"id":104957,"date":"2025-02-18T11:19:46","date_gmt":"2025-02-18T11:19:46","guid":{"rendered":"https:\/\/rdnews.al\/?p=104957"},"modified":"2025-02-18T11:20:07","modified_gmt":"2025-02-18T11:20:07","slug":"tragjedi-ne-shkoder-i-riu-qellon-te-dashuren-ne-makine-dhe-me-pas-vret-veten","status":"publish","type":"post","link":"https:\/\/rdnews.al\/index.php\/2025\/02\/18\/tragjedi-ne-shkoder-i-riu-qellon-te-dashuren-ne-makine-dhe-me-pas-vret-veten\/","title":{"rendered":"Tragjedi n\u00eb Shkod\u00ebr, i riu q\u00ebllon me arm\u00eb t\u00eb dashur\u00ebn n\u00eb makin\u00eb dhe m\u00eb pas vret veten"},"content":{"rendered":"<p>Nj\u00eb ngjarje e r\u00ebnd\u00eb ka ndodhur k\u00ebt\u00eb t\u00eb mart\u00eb n\u00eb Shkod\u00ebr. Ngjarja\u00a0 ka ndodhur n\u00eb lagjen \u201cMark Lula\u201d, nd\u00ebrsa m\u00ebsohet se nj\u00eb i ri ka q\u00eblluar me arm\u00eb t\u00eb dashur\u00ebn e tij, e m\u00eb pas ka vrar\u00eb veten.<\/p>\n<p>Policia e Shkodr\u00ebs ka dal\u00eb me nj\u00eb komunikat\u00eb p\u00ebr mediat n\u00eb lidhje me t\u00eb sht\u00ebnat me arm\u00eb zjarri t\u00eb regjistruara paraditen e sotme n\u00eb qytetin verior.<\/p>\n<p>Burimet zyrtare konfirmojn\u00eb se shtetasi\u00a0<strong>Kol\u00eb Manaj<\/strong>, 34 vje\u00e7 ka q\u00eblluar me arm\u00eb zjarri t\u00eb dashur\u00ebn e tij,\u00a0<strong>Anila Prendushi\u00a0<\/strong>dhe m\u00eb pas veten. 34-vje\u00e7ari ka humbur jet\u00ebn n\u00eb vendin e ngjarjes, nd\u00ebrsa vajza ka mbetur e plagosur r\u00ebnd\u00eb dhe \u00ebsht\u00eb d\u00ebrguar n\u00eb spital.<\/p>\n<p>Ngjarja ka ndodhur rreth or\u00ebs 11:15, n\u00eb lagjen \u201cMark Lula\u201d. N\u00eb momentin kur Kol\u00eb Manaj ka kryer aktin ekstrem, ka qen\u00eb bashk\u00eb me t\u00eb dashur\u00ebn e tij n\u00eb makin\u00eb.<\/p>\n<p><strong>Njoftimi:<\/strong><\/p>\n<p>Rreth or\u00ebs 11:15, n\u00eb lagjen \u201cMark Lula\u201d, jan\u00eb gjetur n\u00eb nj\u00eb automjet, shtetasi\u00a0<strong>Kol\u00eb Manaj<\/strong>, 34 vje\u00e7 dhe shtetasja\u00a0<strong>Anila Prendushi<\/strong>, me plag\u00eb t\u00eb shkaktuara nga arm\u00eb zjarri.<\/p>\n<p>Shtetasi K. M. ka humbur jet\u00ebn, nd\u00ebrsa shtetasja A. P. \u00ebsht\u00eb d\u00ebrguar n\u00eb spital, n\u00eb gjendje shum\u00eb t\u00eb r\u00ebnd\u00eb.<\/p>\n<p>Sh\u00ebrbimet e Policis\u00eb kan\u00eb shkuar menj\u00ebher\u00eb n\u00eb vendin e ngjarjes dhe po kryejn\u00eb veprimet hetimore p\u00ebr rastin.<\/p>\n<p>Nga veprimet e para rezulton se automjeti nuk ka d\u00ebmtime t\u00eb jashtme t\u00eb shkaktuara nga arm\u00eb zjarri. N\u00eb brend\u00ebsi t\u00eb automjetit \u00ebsht\u00eb gjetur nj\u00eb arm\u00eb zjarri pistolet\u00eb.<\/p>\n<p>Grupi hetimor, n\u00eb drejtimin e Prokuroris\u00eb, vijon punon p\u00ebr zbardhjen e rrethanave t\u00eb ngjarjes.<\/p>\n","protected":false},"excerpt":{"rendered":"<p>Nj\u00eb ngjarje e r\u00ebnd\u00eb ka ndodhur k\u00ebt\u00eb t\u00eb mart\u00eb n\u00eb Shkod\u00ebr. Ngjarja\u00a0 ka ndodhur n\u00eb lagjen \u201cMark Lula\u201d, nd\u00ebrsa m\u00ebsohet se nj\u00eb i ri ka q\u00eblluar me arm\u00eb t\u00eb dashur\u00ebn e tij, e m\u00eb pas ka vrar\u00eb veten. Policia e Shkodr\u00ebs ka dal\u00eb me nj\u00eb komunikat\u00eb p\u00ebr mediat n\u00eb lidhje me t\u00eb sht\u00ebnat me arm\u00eb &hellip;<\/p>\n","protected":false},"author":4,"featured_media":104958,"comment_status":"closed","ping_status":"closed","sticky":false,"template":"","format":"standard","meta":{"footnotes":""},"categories":[37],"tags":[],"class_list":["post-104957","post","type-post","status-publish","format-standard","has-post-thumbnail","","category-politike"],"_links":{"self":[{"href":"https:\/\/rdnews.al\/index.php\/wp-json\/wp\/v2\/posts\/104957","targetHints":{"allow":["GET"]}}],"collection":[{"href":"https:\/\/rdnews.al\/index.php\/wp-json\/wp\/v2\/posts"}],"about":[{"href":"https:\/\/rdnews.al\/index.php\/wp-json\/wp\/v2\/types\/post"}],"author":[{"embeddable":true,"href":"https:\/\/rdnews.al\/index.php\/wp-json\/wp\/v2\/users\/4"}],"replies":[{"embeddable":true,"href":"https:\/\/rdnews.al\/index.php\/wp-json\/wp\/v2\/comments?post=104957"}],"version-history":[{"count":2,"href":"https:\/\/rdnews.al\/index.php\/wp-json\/wp\/v2\/posts\/104957\/revisions"}],"predecessor-version":[{"id":104960,"href":"https:\/\/rdnews.al\/index.php\/wp-json\/wp\/v2\/posts\/104957\/revisions\/104960"}],"wp:featuredmedia":[{"embeddable":true,"href":"https:\/\/rdnews.al\/index.php\/wp-json\/wp\/v2\/media\/104958"}],"wp:attachment":[{"href":"https:\/\/rdnews.al\/index.php\/wp-json\/wp\/v2\/media?parent=104957"}],"wp:term":[{"taxonomy":"category","embeddable":true,"href":"https:\/\/rdnews.al\/index.php\/wp-json\/wp\/v2\/categories?post=104957"},{"taxonomy":"post_tag","embeddable":true,"href":"https:\/\/rdnews.al\/index.php\/wp-json\/wp\/v2\/tags?post=104957"}],"curies":[{"name":"wp","href":"https:\/\/api.w.org\/{rel}","templated":true}]}}