{"id":104961,"date":"2025-02-18T11:23:20","date_gmt":"2025-02-18T11:23:20","guid":{"rendered":"https:\/\/rdnews.al\/?p=104961"},"modified":"2025-02-18T11:23:20","modified_gmt":"2025-02-18T11:23:20","slug":"betoni-i-vangjush-dakos-ben-kerdine-vidhet-rera-dhe-shkaterrohet-bregdeti-ne-durres","status":"publish","type":"post","link":"https:\/\/rdnews.al\/index.php\/2025\/02\/18\/betoni-i-vangjush-dakos-ben-kerdine-vidhet-rera-dhe-shkaterrohet-bregdeti-ne-durres\/","title":{"rendered":"Betoni i Vangjush Dakos b\u00ebn k\u00ebrdin\u00eb! Vidhet r\u00ebra dhe shkat\u00ebrrohet bregdeti n\u00eb Durr\u00ebs"},"content":{"rendered":"<p>An\u00ebtarja e K\u00ebshillit Komb\u00ebtar t\u00eb PD, Ilirjana Ku\u00e7ana n\u00eb nj\u00eb deklarat\u00eb p\u00ebr media tha se, sh-kryebashkiaku Vangjush Dako, edhe pse nuk e ushtron m\u00eb detyr\u00ebn, duket se vazhdon t\u00eb jet\u00eb vendimmarr\u00ebsi kryesor n\u00eb qytetin bregdetar, pasi betoni i kompanive t\u00eb tij po mbush dhe sh\u00ebmton \u00e7do dit\u00eb e m\u00eb shum\u00eb hap\u00ebsir\u00ebn bregdetare dhe po largon r\u00ebr\u00ebn nga plazhi.<\/p>\n<p><strong>Deklarata\u00a0 e plot\u00eb<\/strong><\/p>\n<p>Bashkia e Durr\u00ebsit prej koh\u00ebsh ka mbyllur syt\u00eb dhe vesh\u00ebt p\u00ebrball\u00eb asaj q\u00eb po ndodh me bregdetin e k\u00ebtij qyteti.<\/p>\n<p>\u00c7do dit\u00eb, bregu po shkat\u00ebrrohet nga nd\u00ebrtimet pa kriter dhe m\u00eb skandalozja, pa leje nd\u00ebrtimore, mjedisore e zhvillimore.<\/p>\n<p>Ajo q\u00eb po ndodh me bregun n\u00eb Durr\u00ebs, nga Ura Dajlanit deri te Shk\u00ebmbi i Kavaj\u00ebs, nuk mund t\u00eb kaloj\u00eb vet\u00ebm me denoncime publike. Duhen dhe do t\u00eb b\u00ebhen menj\u00ebher\u00eb kall\u00ebzime penale n\u00eb Prokurori, ndaj subjekteve private q\u00eb pa asnj\u00eb kriter po shkat\u00ebrrojn\u00eb t\u00eb gjith\u00eb zon\u00ebn, por edhe p\u00ebr Bashkin\u00eb e cila jep viston, por nuk jep asnj\u00eb informacion p\u00ebr at\u00eb q\u00eb ndodh n\u00eb bregdet.<\/p>\n<p>Sigurisht, ajo q\u00eb ndodh n\u00eb Durr\u00ebs, gjithmon\u00eb e ka nj\u00eb shkaktar dhe nj\u00eb frym\u00ebzues.<\/p>\n<p>Ish-kryebashkiaku Vangjush Dako, dhe pse nuk e ushtron m\u00eb detyr\u00ebn, duket se vazhdon t\u00eb jet\u00eb vendimmarr\u00ebsi kryesor n\u00eb qytetin bregdetar, pasi betoni i kompanive t\u00eb tij po mbush dhe sh\u00ebmton \u00e7do dit\u00eb e m\u00eb shum\u00eb hap\u00ebsir\u00ebn bregdetare dhe po largon r\u00ebr\u00ebn nga plazhi.<\/p>\n<p>Mbushja e hap\u00ebsir\u00ebs bregdetare me betonin e Vangjus Dakos dhe largimi i r\u00ebr\u00ebs p\u00ebrpara Hotel \u2018Royal\u2019, ku sipas qytetar\u00ebve t\u00eb Durr\u00ebsit \u00ebsht\u00eb bashk\u00ebpronar pik\u00ebrisht \u201cbetonierja Dako\u201d, po d\u00ebmton edhe biznese t\u00eb tjera t\u00eb k\u00ebsaj zone.<\/p>\n<p>Disa pyetje publike p\u00ebr \u201cturist\u00ebt\u201d n\u00eb krye t\u00eb Bashkis\u00eb:<\/p>\n<p>A ka ndonj\u00eb leje nd\u00ebrtimi nga bashkia Durr\u00ebs, apo thjesht u jan\u00eb marr\u00eb parat\u00eb e caktuara subjekteve, dhe m\u00eb pas u \u00ebsht\u00eb \u2018dhuruar\u2019 hap\u00ebsira bregdetare?!<\/p>\n<p>A ka studime p\u00ebr sedimentologjin\u00eb e k\u00ebsaj zone, dhe sa d\u00ebme t\u00eb pariparueshme shkakton derdhja e k\u00ebsaj sasie betoni?<\/p>\n<p>N\u00ebse jo, at\u00ebher\u00eb vendimi i vler\u00ebsimit t\u00eb ndikimit n\u00eb mjedis \u00ebsht\u00eb nul! Pa k\u00ebt\u00eb vendim t\u00eb vler\u00ebsimit t\u00eb ndikimit n\u00eb mjedis, nuk mund t\u00eb merret nj\u00eb leje mjedisore dhe pa leje mjedisore nuk mund t\u00eb jepet leje nd\u00ebrtimi.<\/p>\n<p>Problemi kryesor \u00ebsht\u00eb masakra mjedisore q\u00eb po ndodh n\u00eb Durr\u00ebs, qoft\u00eb me betonizimet e bregut edhe me pontilet e \u00e7mendura n\u00eb zon\u00ebn e Qerretit dhe Malit t\u00eb Robit q\u00eb kan\u00eb ndaluar transportin e lir\u00eb t\u00eb r\u00ebr\u00ebs.<\/p>\n<p>Betonizuesit e Durr\u00ebsit jan\u00eb duke luftuar me natyr\u00ebn, duke nd\u00ebrprer\u00eb proceset mij\u00ebravje\u00e7are t\u00eb sedimentologjis\u00eb p\u00ebr interes t\u00eb xhepit t\u00eb pak hajdut\u00ebve, dhe vjedhjes s\u00eb milionave nga taksat e qytetareve p\u00ebr interesa t\u00eb disa hajduteve t\u00eb tjer\u00eb.<\/p>\n<p>M\u00eb 11 maj durrsak\u00ebt, t\u00eb cil\u00ebve po u vidhet r\u00ebra dhe u k\u00ebmbehet me beton, e kan\u00eb n\u00eb dor\u00eb p\u00ebrgjigjen p\u00ebr kriminel\u00ebt e mjedisit dhe t\u00eb taksave t\u00eb tyre.<\/p>\n","protected":false},"excerpt":{"rendered":"<p>An\u00ebtarja e K\u00ebshillit Komb\u00ebtar t\u00eb PD, Ilirjana Ku\u00e7ana n\u00eb nj\u00eb deklarat\u00eb p\u00ebr media tha se, sh-kryebashkiaku Vangjush Dako, edhe pse nuk e ushtron m\u00eb detyr\u00ebn, duket se vazhdon t\u00eb jet\u00eb vendimmarr\u00ebsi kryesor n\u00eb qytetin bregdetar, pasi betoni i kompanive t\u00eb tij po mbush dhe sh\u00ebmton \u00e7do dit\u00eb e m\u00eb shum\u00eb hap\u00ebsir\u00ebn bregdetare dhe po largon &hellip;<\/p>\n","protected":false},"author":4,"featured_media":72409,"comment_status":"closed","ping_status":"closed","sticky":false,"template":"","format":"standard","meta":{"footnotes":""},"categories":[37],"tags":[],"class_list":["post-104961","post","type-post","status-publish","format-standard","has-post-thumbnail","","category-politike"],"_links":{"self":[{"href":"https:\/\/rdnews.al\/index.php\/wp-json\/wp\/v2\/posts\/104961","targetHints":{"allow":["GET"]}}],"collection":[{"href":"https:\/\/rdnews.al\/index.php\/wp-json\/wp\/v2\/posts"}],"about":[{"href":"https:\/\/rdnews.al\/index.php\/wp-json\/wp\/v2\/types\/post"}],"author":[{"embeddable":true,"href":"https:\/\/rdnews.al\/index.php\/wp-json\/wp\/v2\/users\/4"}],"replies":[{"embeddable":true,"href":"https:\/\/rdnews.al\/index.php\/wp-json\/wp\/v2\/comments?post=104961"}],"version-history":[{"count":1,"href":"https:\/\/rdnews.al\/index.php\/wp-json\/wp\/v2\/posts\/104961\/revisions"}],"predecessor-version":[{"id":104962,"href":"https:\/\/rdnews.al\/index.php\/wp-json\/wp\/v2\/posts\/104961\/revisions\/104962"}],"wp:featuredmedia":[{"embeddable":true,"href":"https:\/\/rdnews.al\/index.php\/wp-json\/wp\/v2\/media\/72409"}],"wp:attachment":[{"href":"https:\/\/rdnews.al\/index.php\/wp-json\/wp\/v2\/media?parent=104961"}],"wp:term":[{"taxonomy":"category","embeddable":true,"href":"https:\/\/rdnews.al\/index.php\/wp-json\/wp\/v2\/categories?post=104961"},{"taxonomy":"post_tag","embeddable":true,"href":"https:\/\/rdnews.al\/index.php\/wp-json\/wp\/v2\/tags?post=104961"}],"curies":[{"name":"wp","href":"https:\/\/api.w.org\/{rel}","templated":true}]}}