{"id":104963,"date":"2025-02-18T11:32:41","date_gmt":"2025-02-18T11:32:41","guid":{"rendered":"https:\/\/rdnews.al\/?p=104963"},"modified":"2025-02-18T11:49:43","modified_gmt":"2025-02-18T11:49:43","slug":"detaje-nga-tragjedia-ne-shkoder-dhe-makina-ku-ndodhi-krimi","status":"publish","type":"post","link":"https:\/\/rdnews.al\/index.php\/2025\/02\/18\/detaje-nga-tragjedia-ne-shkoder-dhe-makina-ku-ndodhi-krimi\/","title":{"rendered":"Detaje nga tragjedia n\u00eb Shkod\u00ebr dhe makina ku ndodhi krimi"},"content":{"rendered":"<p>Kol\u00eb Manaj, 34 vje\u00e7, \u00ebsht\u00eb viktima e krimit t\u00eb pasionit q\u00eb ndodhi sot n\u00eb Shkod\u00ebr. Ai plagosi t\u00eb dashur\u00ebn e tij, Anila Prendushi, 44 vje\u00e7, e cila i ka mbijetuar plag\u00ebve, por ndodhet n\u00eb spital n\u00eb gjendje t\u00eb r\u00ebnd\u00eb.<\/p>\n<p>Raportohet se Anila s\u00eb bashku me Kol\u00eb Manaj bashk\u00ebjetonin prej 4 vitesh.<\/p>\n<p>Grupi hetimor i policis\u00eb ndodhet ende n\u00eb vendin ku ndodhi krimi i r\u00ebnd\u00eb n\u00eb Shkod\u00ebr.<\/p>\n<p>Ngjarja e r\u00ebnd\u00eb ka ndodhur brenda nj\u00eb automjeti tip \u2018Volkswagen\u2019, ngjyr\u00eb e zez\u00eb.<\/p>\n<p>Uniformat blu kan\u00eb rrethuar vendngjarjen, nd\u00ebrsa nuk lejojn\u00eb t\u00eb af\u00ebrmit t\u2019u afrohet makin\u00ebs ku i 34-vje\u00e7ari q\u00eblloi ndaj t\u00eb dashur\u00ebs s\u00eb tij Anila Prendushi, 44 vje\u00e7, dhe m\u00eb pas vrau veten.<\/p>\n<p>Kufoma e tij vijon ende t\u00eb q\u00ebndroj\u00eb aty, nd\u00ebrsa ndodhen edhe ekspert\u00ebt kriminalistik\u00eb ku po kryejn\u00eb veprimet hetimore.<\/p>\n<p><strong> 44 vje\u00e7arja n\u00eb gjendje t\u00eb r\u00ebnd\u00eb p\u00ebr jet\u00ebn<\/strong><\/p>\n<p>Anila Ndoka (Prendushi), 44 vje\u00e7, ndodhet n\u00eb gjendje t\u00eb r\u00ebnd\u00eb p\u00ebr jet\u00ebn, nd\u00ebrsa po merr trajtim n\u00eb reanimacionin e Spitalit t\u00eb Shkodr\u00ebs. Nga informacionet paraprake, u tha se Anila u q\u00ebllua me arm\u00eb n\u00eb kok\u00eb nga bashk\u00ebjetuesi i saj, Kol\u00eb Manaj, 34 vje\u00e7, nd\u00ebrsa ende nuk \u00ebsht\u00eb b\u00ebr\u00eb e ditur zyrtarisht nga policia.<\/p>\n<p>Sakaq, 44-vje\u00e7arja m\u00ebsohet se \u00ebsht\u00eb n\u00ebn\u00eb e tre f\u00ebmij\u00ebve dhe se ishte e divorcuar prej 6 vitesh.<\/p>\n<p>Pas ndarjes nga ish-bashk\u00ebshorti, Anila Prendushi m\u00ebsohet se kishte nisur bashk\u00ebjetes\u00ebn me t\u00eb dashurin e saj 10 vite m\u00eb t\u00eb vog\u00ebl, Kol\u00eb Manaj.<\/p>\n<p>Ata, sipas informacioneve, m\u00ebsohet se q\u00ebndron bashk\u00eb prej 5 vitesh. Nd\u00ebrsa ende nuk dihet se kush \u00ebsht\u00eb shkaku q\u00eb e ka shtyr\u00eb 34-vje\u00e7arin drejt k\u00ebtij krimi t\u00eb r\u00ebnd\u00eb.<\/p>\n<p>Anila punon si edukatore dhe ngjarja ka ndodhur ne brend\u00ebsi te automjetit tip \u2018Tiguan\u2019, q\u00eb \u00ebsht\u00eb n\u00eb pron\u00ebsi t\u00eb 44-vje\u00e7ares.<\/p>\n<p>Viktima dhe e plagosura m\u00ebsohet se nuk jan\u00eb banor\u00eb t\u00eb zon\u00ebs. Nga veprimet e para rezulton se automjeti nuk ka d\u00ebmtime t\u00eb jashtme t\u00eb shkaktuara nga arm\u00eb zjarri. N\u00eb brend\u00ebsi t\u00eb automjetit \u00ebsht\u00eb gjetur nj\u00eb arm\u00eb zjarri pistolet\u00eb. Grupi hetimor, n\u00eb drejtimin e Prokuroris\u00eb, vijon punon p\u00ebr zbardhjen\u00a0 e rrethanave t\u00eb ngjarjes.<\/p>\n<p>Sipas burimeve nga Spitali i Shkodr\u00ebs, Anila Prendushi (Ndoka) ka nj\u00eb plumb n\u00eb kok\u00eb dhe ndodhet ne reanimacion nd\u00ebrsa 34-vjecvari Kole Manaj ka humbur jet\u00ebn.<\/p>\n<figure id=\"attachment_104964\" aria-describedby=\"caption-attachment-104964\" style=\"width: 300px\" class=\"wp-caption alignnone\"><img loading=\"lazy\" decoding=\"async\" class=\"size-medium wp-image-104964\" src=\"https:\/\/rdnews.al\/wp-content\/uploads\/2025\/02\/an-300x208.jpg\" alt=\"\" width=\"300\" height=\"208\" srcset=\"https:\/\/rdnews.al\/wp-content\/uploads\/2025\/02\/an-300x208.jpg 300w, https:\/\/rdnews.al\/wp-content\/uploads\/2025\/02\/an-110x75.jpg 110w, https:\/\/rdnews.al\/wp-content\/uploads\/2025\/02\/an.jpg 448w\" sizes=\"auto, (max-width: 300px) 100vw, 300px\" \/><figcaption id=\"caption-attachment-104964\" class=\"wp-caption-text\"><strong><em>Anila Prendushi<\/em><\/strong><\/figcaption><\/figure>\n","protected":false},"excerpt":{"rendered":"<p>Kol\u00eb Manaj, 34 vje\u00e7, \u00ebsht\u00eb viktima e krimit t\u00eb pasionit q\u00eb ndodhi sot n\u00eb Shkod\u00ebr. Ai plagosi t\u00eb dashur\u00ebn e tij, Anila Prendushi, 44 vje\u00e7, e cila i ka mbijetuar plag\u00ebve, por ndodhet n\u00eb spital n\u00eb gjendje t\u00eb r\u00ebnd\u00eb. Raportohet se Anila s\u00eb bashku me Kol\u00eb Manaj bashk\u00ebjetonin prej 4 vitesh. Grupi hetimor i policis\u00eb &hellip;<\/p>\n","protected":false},"author":4,"featured_media":104965,"comment_status":"closed","ping_status":"closed","sticky":false,"template":"","format":"standard","meta":{"footnotes":""},"categories":[37],"tags":[],"class_list":["post-104963","post","type-post","status-publish","format-standard","has-post-thumbnail","","category-politike"],"_links":{"self":[{"href":"https:\/\/rdnews.al\/index.php\/wp-json\/wp\/v2\/posts\/104963","targetHints":{"allow":["GET"]}}],"collection":[{"href":"https:\/\/rdnews.al\/index.php\/wp-json\/wp\/v2\/posts"}],"about":[{"href":"https:\/\/rdnews.al\/index.php\/wp-json\/wp\/v2\/types\/post"}],"author":[{"embeddable":true,"href":"https:\/\/rdnews.al\/index.php\/wp-json\/wp\/v2\/users\/4"}],"replies":[{"embeddable":true,"href":"https:\/\/rdnews.al\/index.php\/wp-json\/wp\/v2\/comments?post=104963"}],"version-history":[{"count":3,"href":"https:\/\/rdnews.al\/index.php\/wp-json\/wp\/v2\/posts\/104963\/revisions"}],"predecessor-version":[{"id":104972,"href":"https:\/\/rdnews.al\/index.php\/wp-json\/wp\/v2\/posts\/104963\/revisions\/104972"}],"wp:featuredmedia":[{"embeddable":true,"href":"https:\/\/rdnews.al\/index.php\/wp-json\/wp\/v2\/media\/104965"}],"wp:attachment":[{"href":"https:\/\/rdnews.al\/index.php\/wp-json\/wp\/v2\/media?parent=104963"}],"wp:term":[{"taxonomy":"category","embeddable":true,"href":"https:\/\/rdnews.al\/index.php\/wp-json\/wp\/v2\/categories?post=104963"},{"taxonomy":"post_tag","embeddable":true,"href":"https:\/\/rdnews.al\/index.php\/wp-json\/wp\/v2\/tags?post=104963"}],"curies":[{"name":"wp","href":"https:\/\/api.w.org\/{rel}","templated":true}]}}