{"id":104973,"date":"2025-02-18T11:58:21","date_gmt":"2025-02-18T11:58:21","guid":{"rendered":"https:\/\/rdnews.al\/?p=104973"},"modified":"2025-02-18T11:58:32","modified_gmt":"2025-02-18T11:58:32","slug":"berisha-thirrje-diaspores-te-regjistrohet-per-te-votuar-te-firmosim-ndryshimin-e-madh-me-11-maj","status":"publish","type":"post","link":"https:\/\/rdnews.al\/index.php\/2025\/02\/18\/berisha-thirrje-diaspores-te-regjistrohet-per-te-votuar-te-firmosim-ndryshimin-e-madh-me-11-maj\/","title":{"rendered":"Berisha thirrje diaspor\u00ebs t\u00eb regjistrohet p\u00ebr t\u00eb votuar: T\u00eb firmosim ndryshimin e madh m\u00eb 11 maj"},"content":{"rendered":"<p>Kryetari i PD, Sali Berisha, n\u00eb nj\u00eb deklarat\u00eb shtypi i b\u00ebri thirrje diaspor\u00ebs q\u00eb t\u00eb regjistrohet p\u00ebr t\u00eb votuar.\u00a0\u00a0Berisha tha se, votoni t\u00eb firmosim ndryshimin e madh m\u00eb 11 maj.<\/p>\n<p><strong>\u201c<\/strong>Mir\u00ebdita, sot jam k\u00ebtu p\u00ebr t\u2019u drejtuar me nj\u00eb thirrje m\u00eb miq\u00ebsore t\u00eb gjith\u00eb emigranteve dhe emigrant\u00ebve, t\u00eb gjith\u00eb shqiptar\u00ebve jasht\u00eb Shqip\u00ebris\u00eb, n\u00eb diaspor\u00eb dhe emigracion.<\/p>\n<p>4 marsi \u00ebsht\u00eb nes\u00ebr n\u00eb kuptimin e asaj q\u00eb koha po ik\u00ebn me shpejt\u00ebsi.<\/p>\n<p>Ndaj dhe konsiderojeni 4 marsin si nj\u00eb dit\u00eb t\u00eb nes\u00ebrme n\u00eb m\u00ebnyr\u00eb q\u00eb t\u00eb regjistroheni vet\u00eb, t\u00eb regjistroni familjar\u00ebt tuaj, t\u00eb regjistroni dhe bisedoni me miqt\u00eb tuaj, t\u00eb regjistrohen p\u00ebr t\u00eb votuar, t\u00eb regjistrohen p\u00ebr t\u00eb ushtruar t\u00eb drejt\u00ebn e vot\u00ebs dhe firmosur ndryshimin e madh t\u00eb Shqip\u00ebris\u00eb.<\/p>\n<p>Vota juaj n\u00eb k\u00ebto zgjedhje ka pesh\u00ebn m\u00eb t\u00eb jasht\u00ebzakonshme.<\/p>\n<p>Shqip\u00ebria ka nevoj\u00eb p\u00ebr ndryshime t\u00eb jasht\u00ebzakonshme.<\/p>\n<p>Ndaj dhe iu drejtohem ju sot, kudo q\u00eb jeni, b\u00ebni gjith\u00e7ka dhe regjistrohuni n\u00eb portalin e KQZ, platform\u00ebn PER n\u00eb m\u00ebnyr\u00eb q\u00eb t\u00eb firmosni me 11 maj ndryshimin e madh, ndryshimin e shum\u00ebpritur t\u00eb Shqip\u00ebris\u00eb.<\/p>\n<p>Un\u00eb gjithashtu kam nj\u00eb thirrje p\u00ebr \u00e7do demokrate e demokrat, p\u00ebr \u00e7do mb\u00ebshtet\u00ebse dhe mb\u00ebshtet\u00ebs t\u00eb PD dhe opozit\u00ebs shqiptare, shfryt\u00ebzoni k\u00ebt\u00eb periudh\u00eb n\u00eb m\u00ebnyr\u00eb q\u00eb t\u00eb dy dhe trefishoni vot\u00ebn tuaj.<\/p>\n<p>\u00cbsht\u00eb nj\u00eb rast unik n\u00eb jet\u00eb, \u00ebsht\u00eb nj\u00eb rast q\u00eb ju shum\u00ebfishoni kontributin n\u00eb ndryshimin e Shqip\u00ebris\u00eb, n\u00eb interesin m\u00eb t\u00eb mir\u00eb tuajin dhe t\u00eb shqiptar\u00ebve.<\/p>\n<p>Ndaj dhe ndani nj\u00eb pjes\u00eb t\u00eb vog\u00ebl nga koha juaj p\u00ebr t\u2019u lidhur me familjar\u00ebt tuaj, me miqt\u00eb tuaj, kudo q\u00eb ndodhen n\u00eb bot\u00eb, p\u00ebr t\u2019u k\u00ebrkuar atyre njer\u00ebzisht q\u00eb t\u00eb regjistrohen, p\u00ebr t\u00eb ndihmuar ata q\u00eb t\u00eb regjistrohen.<\/p>\n<p>Un\u00eb garantoj shqiptar\u00ebt jasht\u00eb vendit se projekti i PD do t\u00eb jet\u00eb projekti m\u00eb madh\u00ebshtor, projekti m\u00eb transformues, projekti m\u00eb i bukur q\u00eb Shqip\u00ebria ka njohur n\u00eb t\u00ebr\u00eb historin\u00eb e saj.<\/p>\n<p>Nd\u00ebr t\u00eb tjera ky projekt parashikon nj\u00eb kuad\u00ebr ligjor, kuad\u00ebr fiskal, nj\u00eb kuad\u00ebr stimujsh p\u00ebr zbarkimin e but\u00eb t\u00eb shqiptar\u00ebve jasht\u00eb vendit, p\u00ebr kthimin e tyre t\u00eb but\u00eb n\u00eb Shqip\u00ebri, p\u00ebr integrimin e tyre n\u00eb t\u00eb gjitha fushat, at\u00eb ekonomike, akademike, kulturore, administrative, etj.<\/p>\n<p>Por mbi t\u00eb gjitha, programi i PD synon t\u00eb ngjis\u00eb Shqip\u00ebrin\u00eb n\u00eb majat e teknologjis\u00eb s\u00eb koh\u00ebs.<\/p>\n<p>Ta shnd\u00ebrroj\u00eb at\u00eb n\u00eb vendin e blackchain, bitcoin, internetit 3, data center, pra projekte t\u00eb m\u00ebdha presin vot\u00ebn e shqiptar\u00ebve.<\/p>\n<p>T\u00eb jeni t\u00eb sigurt se pas 11 majit, Shqip\u00ebria do ndryshoj\u00eb me shpejt\u00ebsi shum\u00eb t\u00eb madhe.<\/p>\n<p>Ndaj dhe nj\u00ebher\u00eb ftoj t\u00eb gjith\u00eb shqiptar\u00ebt jasht\u00eb vendit kudo q\u00eb jan\u00eb, i b\u00ebj thirrje patriotizmit t\u00eb tyre, iu b\u00ebj thirrje idealeve t\u00eb tyre demokratike, idealeve t\u00eb tyre t\u00eb liris\u00eb, t\u00eb regjistrohen n\u00eb m\u00ebnyr\u00eb q\u00eb me vot\u00eb t\u00eb largojm\u00eb nga pushteti nj\u00eb regjim kukull, regjimin e republik\u00ebs s\u00eb Xhorxh Sorosit.<\/p>\n<p>Nj\u00eb narko-regjim q\u00eb \u00ebsht\u00eb i vet\u00ebm n\u00eb Europ\u00eb dhe q\u00eb \u00e7do dit\u00eb b\u00ebhet m\u00eb i papranuesh\u00ebm nga shqiptar\u00ebt\u201d, u shpreh Berisha.<\/p>\n","protected":false},"excerpt":{"rendered":"<p>Kryetari i PD, Sali Berisha, n\u00eb nj\u00eb deklarat\u00eb shtypi i b\u00ebri thirrje diaspor\u00ebs q\u00eb t\u00eb regjistrohet p\u00ebr t\u00eb votuar.\u00a0\u00a0Berisha tha se, votoni t\u00eb firmosim ndryshimin e madh m\u00eb 11 maj. \u201cMir\u00ebdita, sot jam k\u00ebtu p\u00ebr t\u2019u drejtuar me nj\u00eb thirrje m\u00eb miq\u00ebsore t\u00eb gjith\u00eb emigranteve dhe emigrant\u00ebve, t\u00eb gjith\u00eb shqiptar\u00ebve jasht\u00eb Shqip\u00ebris\u00eb, n\u00eb diaspor\u00eb dhe &hellip;<\/p>\n","protected":false},"author":4,"featured_media":104974,"comment_status":"closed","ping_status":"closed","sticky":false,"template":"","format":"standard","meta":{"footnotes":""},"categories":[37],"tags":[],"class_list":["post-104973","post","type-post","status-publish","format-standard","has-post-thumbnail","","category-politike"],"_links":{"self":[{"href":"https:\/\/rdnews.al\/index.php\/wp-json\/wp\/v2\/posts\/104973","targetHints":{"allow":["GET"]}}],"collection":[{"href":"https:\/\/rdnews.al\/index.php\/wp-json\/wp\/v2\/posts"}],"about":[{"href":"https:\/\/rdnews.al\/index.php\/wp-json\/wp\/v2\/types\/post"}],"author":[{"embeddable":true,"href":"https:\/\/rdnews.al\/index.php\/wp-json\/wp\/v2\/users\/4"}],"replies":[{"embeddable":true,"href":"https:\/\/rdnews.al\/index.php\/wp-json\/wp\/v2\/comments?post=104973"}],"version-history":[{"count":1,"href":"https:\/\/rdnews.al\/index.php\/wp-json\/wp\/v2\/posts\/104973\/revisions"}],"predecessor-version":[{"id":104975,"href":"https:\/\/rdnews.al\/index.php\/wp-json\/wp\/v2\/posts\/104973\/revisions\/104975"}],"wp:featuredmedia":[{"embeddable":true,"href":"https:\/\/rdnews.al\/index.php\/wp-json\/wp\/v2\/media\/104974"}],"wp:attachment":[{"href":"https:\/\/rdnews.al\/index.php\/wp-json\/wp\/v2\/media?parent=104973"}],"wp:term":[{"taxonomy":"category","embeddable":true,"href":"https:\/\/rdnews.al\/index.php\/wp-json\/wp\/v2\/categories?post=104973"},{"taxonomy":"post_tag","embeddable":true,"href":"https:\/\/rdnews.al\/index.php\/wp-json\/wp\/v2\/tags?post=104973"}],"curies":[{"name":"wp","href":"https:\/\/api.w.org\/{rel}","templated":true}]}}