{"id":104992,"date":"2025-02-18T13:14:10","date_gmt":"2025-02-18T13:14:10","guid":{"rendered":"https:\/\/rdnews.al\/?p=104992"},"modified":"2025-02-18T13:14:10","modified_gmt":"2025-02-18T13:14:10","slug":"balliu-denoncon-aferen-e-ballukut-dhe-lidhjet-me-ish-kryeprokurorin-e-vlores-si-u-emerua-drejtori-i-kesh","status":"publish","type":"post","link":"https:\/\/rdnews.al\/index.php\/2025\/02\/18\/balliu-denoncon-aferen-e-ballukut-dhe-lidhjet-me-ish-kryeprokurorin-e-vlores-si-u-emerua-drejtori-i-kesh\/","title":{"rendered":"Balliu denoncon afer\u00ebn e Ballukut dhe lidhjet me ish-kryeprokurorin e Vlor\u00ebs: Si u em\u00ebrua drejtori i KESH?"},"content":{"rendered":"<p><strong>Deklarata e koordinatorit rajonal t\u00eb Tiran\u00ebs, Klevis Balliu:<\/strong><\/p>\n<p>Me dat\u00ebn 13 Mars 2024 Erind Sulo em\u00ebrohet administrator dhe drejtor i ri i Koorporate\u00ebs Elektroenergjitike shqiptare.<\/p>\n<p>Por p\u00ebr habin\u00eb e t\u00eb gjith\u00ebve, ai shkarkohet nga kjo detyr\u00eb 4 muaj m\u00eb pas, motivacioni i shkarkimit t\u00eb tij mbeti mister, pasi nuk rezultonte q\u00eb ai te kishte ndonj\u00eb problem, nuk rezultonte t\u00eb kishte mosmarr\u00ebveshje me ministren e Energjis\u00eb Belinda Balluku, p\u00ebrkundrazi ai u pa n\u00eb rrethin e ngusht\u00eb t\u00eb Ballukut dhe mori mb\u00ebshtetjen e saj pas shkarkimit.<\/p>\n<p>Por motivi i shkarkimit t\u00eb Erindi Sulos do mbetej mister deri sa nj\u00eb informacion i siguruar nga burime shikohet nga aktet zyrtare se shkarkimi i Erind Sulos mund t\u00eb lidhet n\u00eb fakt edhe me loj\u00ebn e b\u00ebr\u00eb ndaj Fredi Belerit, q\u00eb rezulton se arkitekt\u00eb mund t\u00eb jen\u00eb, jo vet\u00ebm Edi Rama por dhe Belinda Balluku.<\/p>\n<p>N\u00eb vitin 2023, dy ishin funksionaret e policis\u00eb dhe prokuroris\u00eb t\u00eb cil\u00ebt dyshohet se kurdis\u00ebn kurthin ndaj Fredi Belerit.<\/p>\n<p>Ish-shefi i Operacionales Oltion Bistri, i promovuar n\u00eb k\u00ebt\u00eb detyr\u00eb nga Belinda Balluku.<\/p>\n<p>Ish-prokurori i rrethit t\u00eb Vlor\u00ebs, Aurel Zarka, gjithashtu i lidhur me Belinda Ballukun dyshohet n\u00ebp\u00ebrmjet kunatit t\u00eb tij t\u00eb quajtur Erald Elezi, i cili n\u00eb vitin 2023 punonte n\u00eb ARRSH me em\u00ebrim direkt t\u00eb Ballukut.<\/p>\n<p>Nj\u00eb vit m\u00eb von\u00eb me 29 korrik 2024 ndodhi q\u00eb Prokuroria e Posa\u00e7me shqiptare SPAK arrestoi prokurorin e Vlor\u00ebs, Aurel Zarka n\u00eb baz\u00eb t\u00eb nj\u00eb procedimi t\u00eb autoriteteve belge n\u00eb lidhje me transkiptimet e telefonave SKY ENCRO.<\/p>\n<p>Vet\u00ebm 24 or\u00eb m\u00eb von\u00eb nga arrestimi i prokurorit Zarkaj, rezulton se \u00ebsht\u00eb mbledhur bordi drejtues i Koorporates Elektroenergjitike Shqiptare KESH dhe ka shkarkuar nga detyra drejtorin Erindi Sulo, p\u00ebr ta z\u00ebvend\u00ebsuar at\u00eb me urgjenc\u00eb me kunatin e prokurorit t\u00eb arrestuar Aurel Zarka.<\/p>\n<p>Nga aktet zyrtare rezulton se me dat\u00ebn 30 korrik 2024, bordi drejtues i KESH ka b\u00ebr\u00eb em\u00ebrimin e drejtorit dhe administratorit te ri t\u00eb k\u00ebtij institucioni Erald Elezi.<\/p>\n<p>Shtetasi Erald Elezi rezulton kunati i prokurorit t\u00eb arrestuar Aurel Zarka.<\/p>\n<p>Ne deklarimin e pasuris\u00eb q\u00eb ka b\u00ebr\u00eb n\u00eb institucionet shtet\u00ebrore, n\u00eb deklarat\u00eb gjenden dhe te ardhurat e detajuara t\u00eb bashk\u00ebshortes s\u00eb zotit Zarka, shtetases Suela Zarka (Elezi) e cila rezulton e bija e Hysni dhe Hurma Elezit, e dat\u00eblindjes 11 Qershor 1981.<\/p>\n<p>Nj\u00ebsoj rezulton dhe drejtori i KESH, i biri i Hysni dhe Hurma Elezit, i lindur me 13 Janar 1992.<\/p>\n<p>Pra rezulton se prokurori Aurel Zarkaj ka p\u00ebr grua t\u00eb motr\u00ebn e Erald Elezit, i cili \u00ebsht\u00eb em\u00ebruar drejtor i KESH, 24 or\u00eb pas arrestimit t\u00eb prokurorit Zarka.<\/p>\n<p>Po ashtu, nga administrimi i t\u00eb dh\u00ebnave zyrtare rezulton se n\u00eb Dhjetor 2023, dy motrat Suela Zarka dhe Algerta Elezi, kan\u00eb themeluar n\u00eb Tiran\u00eb kompanin\u00eb tregtare CITY LOCKERS, \u00e7\u2019ka \u00ebsht\u00eb tregues se t\u00eb dy motrat me t\u00eb v\u00ebllan\u00eb jan\u00eb n\u00eb marr\u00ebdh\u00ebnie t\u00eb ngushta jo vet\u00ebm si lidhje biologjike, por dhe si lidhje biznesi.<\/p>\n<p>Nga sa me sip\u00ebr mund t\u00eb arsyetohet se urdhrin e Ram\u00ebs nga pik\u00ebpamja operative e ka ndjekur Lubi Balluku.<\/p>\n<p>Kur ndodhi e papritura nj\u00eb vit m\u00eb von\u00eb, dhe SPAK arrestoi me 29 korrik 2024 prokurorin Zarka, Belinda Balluku p\u00ebr 24 or\u00eb i ka em\u00ebruar e tij kunatin Erald Elezi, si drejtor t\u00eb Koorporat\u00ebs Elektroenergjitike Shqiptare p\u00ebr t\u2019i dh\u00ebn\u00eb garanci se nuk e kishte shitur dhe as e kishte l\u00ebshuar.<\/p>\n<p>Erald Elezit i \u00ebsht\u00eb dh\u00ebn\u00eb aseti m\u00eb i r\u00ebnd\u00ebsish\u00ebm i infrastruktur\u00ebs kritike t\u00eb energjis\u00eb, mbase si garanci q\u00eb Aurel Zarka t\u00eb mos flas\u00eb dhe t\u00eb mos tregoj\u00eb t\u00eb v\u00ebrtetat q\u00eb di ai.<\/p>\n<p>U b\u00ebjm\u00eb thirrje organeve ligjazbatuese q\u00eb t\u00eb hetojn\u00eb lidhjet e Belinda Ballukut me k\u00ebto aksione.<\/p>\n","protected":false},"excerpt":{"rendered":"<p>Deklarata e koordinatorit rajonal t\u00eb Tiran\u00ebs, Klevis Balliu: Me dat\u00ebn 13 Mars 2024 Erind Sulo em\u00ebrohet administrator dhe drejtor i ri i Koorporate\u00ebs Elektroenergjitike shqiptare. Por p\u00ebr habin\u00eb e t\u00eb gjith\u00ebve, ai shkarkohet nga kjo detyr\u00eb 4 muaj m\u00eb pas, motivacioni i shkarkimit t\u00eb tij mbeti mister, pasi nuk rezultonte q\u00eb ai te kishte ndonj\u00eb &hellip;<\/p>\n","protected":false},"author":4,"featured_media":104993,"comment_status":"closed","ping_status":"closed","sticky":false,"template":"","format":"standard","meta":{"footnotes":""},"categories":[37],"tags":[],"class_list":["post-104992","post","type-post","status-publish","format-standard","has-post-thumbnail","","category-politike"],"_links":{"self":[{"href":"https:\/\/rdnews.al\/index.php\/wp-json\/wp\/v2\/posts\/104992","targetHints":{"allow":["GET"]}}],"collection":[{"href":"https:\/\/rdnews.al\/index.php\/wp-json\/wp\/v2\/posts"}],"about":[{"href":"https:\/\/rdnews.al\/index.php\/wp-json\/wp\/v2\/types\/post"}],"author":[{"embeddable":true,"href":"https:\/\/rdnews.al\/index.php\/wp-json\/wp\/v2\/users\/4"}],"replies":[{"embeddable":true,"href":"https:\/\/rdnews.al\/index.php\/wp-json\/wp\/v2\/comments?post=104992"}],"version-history":[{"count":1,"href":"https:\/\/rdnews.al\/index.php\/wp-json\/wp\/v2\/posts\/104992\/revisions"}],"predecessor-version":[{"id":104994,"href":"https:\/\/rdnews.al\/index.php\/wp-json\/wp\/v2\/posts\/104992\/revisions\/104994"}],"wp:featuredmedia":[{"embeddable":true,"href":"https:\/\/rdnews.al\/index.php\/wp-json\/wp\/v2\/media\/104993"}],"wp:attachment":[{"href":"https:\/\/rdnews.al\/index.php\/wp-json\/wp\/v2\/media?parent=104992"}],"wp:term":[{"taxonomy":"category","embeddable":true,"href":"https:\/\/rdnews.al\/index.php\/wp-json\/wp\/v2\/categories?post=104992"},{"taxonomy":"post_tag","embeddable":true,"href":"https:\/\/rdnews.al\/index.php\/wp-json\/wp\/v2\/tags?post=104992"}],"curies":[{"name":"wp","href":"https:\/\/api.w.org\/{rel}","templated":true}]}}