{"id":105001,"date":"2025-02-18T17:23:14","date_gmt":"2025-02-18T17:23:14","guid":{"rendered":"https:\/\/rdnews.al\/?p=105001"},"modified":"2025-02-18T17:23:14","modified_gmt":"2025-02-18T17:23:14","slug":"veliaj-vijon-ofendimet-dhe-akuzat-ndaj-prokurorit-te-ceshtjes-se-tij-ols-dado","status":"publish","type":"post","link":"https:\/\/rdnews.al\/index.php\/2025\/02\/18\/veliaj-vijon-ofendimet-dhe-akuzat-ndaj-prokurorit-te-ceshtjes-se-tij-ols-dado\/","title":{"rendered":"Veliaj vijon ofendimet dhe akuzat ndaj prokurorit t\u00eb \u00e7\u00ebshtjes s\u00eb tij, Ols Dado"},"content":{"rendered":"<p>Erion Veliaj ka reaguar s\u00ebrish nga qelia, ku nuk ndal ofendimet dhe akuzat ndaj prokurorit t\u00eb \u00e7\u00ebshtjes s\u00eb tij, Ols Dado, teksa tenton t\u00eb manipuloj\u00eb opinionin publik, duke u justifikuar mbi faktet q\u00eb gjenden n\u00eb dosje.<\/p>\n<p>N\u00eb postimin e tij, Veliaj deklaron se n\u00eb dosjen e SPAK p\u00ebrmendet dhe se sinjali i telefonit t\u00eb tij, gjat\u00eb muajve prill-maj 2023, ka l\u00ebshuar sinjal 87 her\u00eb n\u00eb zon\u00ebn Kavaj\u00eb, Lekaj, Golem, Harizaj, Mali i Robit, Gos\u00eb, Synej.<\/p>\n<p>Veliaj justifikohet se si drejtuesi i fushat\u00ebs s\u00eb PS-s\u00eb p\u00ebr Tiran\u00ebn ka drejtuar fushat\u00ebn zgjedhore n\u00eb Kavaj\u00eb dhe n\u00eb Rrogozhin\u00eb. Gjithsesi, duhet theksuar se sinjalet e telefonit jan\u00eb fakt mb\u00ebshtet\u00ebs se vila n\u00eb Qerret ka pronar indirekt Veliajn, pasi p\u00ebr k\u00ebt\u00eb rezultojn\u00eb nj\u00eb s\u00ebr\u00eb d\u00ebshmish dhe faktesh t\u00eb tjera.<\/p>\n<p>Erion Veliaj e konsideron prokurorin Dado si skuth, injorant, arrogant, muzikant i d\u00ebshtuar, nd\u00ebrtues i padeklaruar dhe prokuror i korruptuar. Ai hedh m\u00eb tej akuzat se Ols Dadon e kan\u00eb b\u00ebr\u00eb prokuror shoqet dhe e kan\u00eb marr\u00eb n\u00eb SPAK shok\u00ebt, pa kriter dhe pa procedur\u00eb.<\/p>\n","protected":false},"excerpt":{"rendered":"<p>Erion Veliaj ka reaguar s\u00ebrish nga qelia, ku nuk ndal ofendimet dhe akuzat ndaj prokurorit t\u00eb \u00e7\u00ebshtjes s\u00eb tij, Ols Dado, teksa tenton t\u00eb manipuloj\u00eb opinionin publik, duke u justifikuar mbi faktet q\u00eb gjenden n\u00eb dosje. N\u00eb postimin e tij, Veliaj deklaron se n\u00eb dosjen e SPAK p\u00ebrmendet dhe se sinjali i telefonit t\u00eb tij, &hellip;<\/p>\n","protected":false},"author":4,"featured_media":105002,"comment_status":"closed","ping_status":"closed","sticky":false,"template":"","format":"standard","meta":{"footnotes":""},"categories":[37],"tags":[],"class_list":["post-105001","post","type-post","status-publish","format-standard","has-post-thumbnail","","category-politike"],"_links":{"self":[{"href":"https:\/\/rdnews.al\/index.php\/wp-json\/wp\/v2\/posts\/105001","targetHints":{"allow":["GET"]}}],"collection":[{"href":"https:\/\/rdnews.al\/index.php\/wp-json\/wp\/v2\/posts"}],"about":[{"href":"https:\/\/rdnews.al\/index.php\/wp-json\/wp\/v2\/types\/post"}],"author":[{"embeddable":true,"href":"https:\/\/rdnews.al\/index.php\/wp-json\/wp\/v2\/users\/4"}],"replies":[{"embeddable":true,"href":"https:\/\/rdnews.al\/index.php\/wp-json\/wp\/v2\/comments?post=105001"}],"version-history":[{"count":1,"href":"https:\/\/rdnews.al\/index.php\/wp-json\/wp\/v2\/posts\/105001\/revisions"}],"predecessor-version":[{"id":105003,"href":"https:\/\/rdnews.al\/index.php\/wp-json\/wp\/v2\/posts\/105001\/revisions\/105003"}],"wp:featuredmedia":[{"embeddable":true,"href":"https:\/\/rdnews.al\/index.php\/wp-json\/wp\/v2\/media\/105002"}],"wp:attachment":[{"href":"https:\/\/rdnews.al\/index.php\/wp-json\/wp\/v2\/media?parent=105001"}],"wp:term":[{"taxonomy":"category","embeddable":true,"href":"https:\/\/rdnews.al\/index.php\/wp-json\/wp\/v2\/categories?post=105001"},{"taxonomy":"post_tag","embeddable":true,"href":"https:\/\/rdnews.al\/index.php\/wp-json\/wp\/v2\/tags?post=105001"}],"curies":[{"name":"wp","href":"https:\/\/api.w.org\/{rel}","templated":true}]}}