{"id":105007,"date":"2025-02-18T17:37:51","date_gmt":"2025-02-18T17:37:51","guid":{"rendered":"https:\/\/rdnews.al\/?p=105007"},"modified":"2025-02-18T17:37:51","modified_gmt":"2025-02-18T17:37:51","slug":"fakte-dhe-dokumente-cfare-ka-bere-erion-veliaj-cdo-fundjave-ne-qerret","status":"publish","type":"post","link":"https:\/\/rdnews.al\/index.php\/2025\/02\/18\/fakte-dhe-dokumente-cfare-ka-bere-erion-veliaj-cdo-fundjave-ne-qerret\/","title":{"rendered":"Fakte dhe dokumente\/ \u00c7far\u00eb ka b\u00ebr\u00eb Erion Veliaj \u00e7do fundjav\u00eb n\u00eb Qerret?"},"content":{"rendered":"<p><em><strong>Kryebashkiaku Erion Veliaj \u00ebsht\u00eb kapur s\u00ebrish duke g\u00ebnjyer.<\/strong><\/em><\/p>\n<p>N\u00eb nj\u00eb reagim t\u00eb b\u00ebr\u00eb s\u00eb fundi n\u00eb rrjetet sociale, ku sulmon me nj\u00eb gjuh\u00eb intimiduese prokurorin Olsi Dado, thot\u00eb se qelizat telefonike t\u00eb publikuara n\u00eb dosjen hetimore t\u00eb SPAK-ut q\u00eb tregojn\u00eb se \u00ebsht\u00eb zot\u00ebrues i vil\u00ebs n\u00eb Qerret jan\u00eb b\u00ebr\u00eb n\u00eb koh\u00eb fushate.<\/p>\n<p>Por faktet e zbardhura n\u00eb vendimin e gjykat\u00ebs tregojn\u00eb krejt t\u00eb kund\u00ebrt\u00ebn.<\/p>\n<p><em><strong>Sipas t\u00eb dh\u00ebnave t\u00eb marra nga SPAK-u n\u00eb kompanin\u00eb telefonike ka rezultuar se numri i Veliajt ka pasur logime t\u00eb shpeshta n\u00eb zon\u00ebn e Qerretit. Nga kjo analiz\u00eb rezulton se k\u00ebto logime jan\u00eb kryesisht gjat\u00eb fundjavave, por ka edhe logime t\u00eb cilat jan\u00eb gjat\u00eb dit\u00ebve t\u00eb caktuara t\u00eb jav\u00ebs t\u00eb vitit 2023 etj.<\/strong><\/em><\/p>\n<p><em><strong>\u00c7far\u00eb ka b\u00ebr\u00eb Erion Veliaj n\u00eb Qerret fundjavave?<\/strong><\/em><\/p>\n<p><em><strong><img decoding=\"async\" src=\"https:\/\/media.cna.al\/cna.al\/media3\/-640-0-1739888168xlogime-telefoni-i-veliajt-logo-582.jpg\" alt=\"Veliaj kapet s\u00ebrish duke g\u00ebnjyer\" width=\"100%\" data-size=\"x\" data-id=\"470623\" \/><\/strong><\/em><\/p>\n<div class=\"insertion-box\">\n<div class=\"\">\n<div id=\"t67b4c47ba1fa4\" data-p=\"100\">\n<div class=\"adsbyvli\" data-ad-slot=\"vi_1358095021\" data-id=\"vi_1358095021_1\">\n<div class=\"vi_passback vliIgnore\">\n<div id=\"95021_pb_1\" class=\"adsbypocpoc\" data-width=\"300\" data-height=\"250\" data-ad-slot=\"vli1-95021\" data-id=\"95021_pb_1\" data-used=\"true\" data-mode=\"fixed\">\n<div class=\"display_ad_place\" data-ad-system=\"ob\" data-width=\"300\" data-height=\"250\" data-used=\"true\"><\/div>\n<\/div>\n<\/div>\n<\/div>\n<\/div>\n<\/div>\n<\/div>\n<p><em><strong><img decoding=\"async\" src=\"https:\/\/media.cna.al\/cna.al\/media3\/-640-0-1739888366xveliaj-51-607.jpg\" alt=\"Veliaj kapet s\u00ebrish duke g\u00ebnjyer\" width=\"100%\" data-size=\"x\" data-id=\"470626\" \/><\/strong><\/em><\/p>\n<p><em><strong><img decoding=\"async\" src=\"https:\/\/media.cna.al\/cna.al\/media3\/-640-0-1739888420x52-logo-145.jpg\" alt=\"Veliaj kapet s\u00ebrish duke g\u00ebnjyer\" width=\"100%\" data-size=\"x\" data-id=\"470627\" \/><\/strong><\/em><\/p>\n<p><em><strong><img decoding=\"async\" src=\"https:\/\/media.cna.al\/cna.al\/media3\/-640-0-1739888457x53-logo-222.jpg\" alt=\"Veliaj kapet s\u00ebrish duke g\u00ebnjyer\" width=\"100%\" data-size=\"x\" data-id=\"470628\" \/><\/strong><\/em><\/p>\n<p><em><strong><img decoding=\"async\" src=\"https:\/\/media.cna.al\/cna.al\/media3\/-640-0-1739888868x54-808.png\" alt=\"Veliaj kapet s\u00ebrish duke g\u00ebnjyer\" width=\"100%\" data-size=\"x\" data-id=\"470631\" \/><\/strong><\/em><\/p>\n<p><em><strong><img decoding=\"async\" src=\"https:\/\/media.cna.al\/cna.al\/media3\/-640-0-1739888874x55-254.png\" alt=\"Veliaj kapet s\u00ebrish duke g\u00ebnjyer\" width=\"100%\" data-size=\"x\" data-id=\"470632\" \/><\/strong><\/em><\/p>\n<p><em><strong>N\u00eb qeliza tregohet se Ajola Xoxa n\u00eb vitin 2020 ka qen\u00eb n\u00eb Qerret. K\u00ebshtu tregohet dhe nga komunikimet q\u00eb shoferi i Ajol\u00ebs ka shk\u00ebmbyer me Olsi Eftimin, personin q\u00eb merrej me punimet n\u00eb vil\u00eb.<\/strong><\/em><\/p>\n<blockquote><p>\u201cShtetasi Armand Manahasa shpjegon nd\u00ebr t\u00eb tjera se nga muaji shkurt i vitit 2019 deri n\u00eb n\u00ebntor t\u00eb vitit 2021 ka qen\u00eb i pun\u00ebsuar si shofer personal i shtetases Ajola Xoxa. K\u00ebt\u00eb shtetase e njeh n\u00ebp\u00ebrmjet babait t\u00eb saj, Arben Xoxa, i cili ka vdekur n\u00eb muajin shkurt t\u00eb vitit 2019. Shtetasi Armand Manahasa ka shpjeguar se e ka shoq\u00ebruar shtetasen Ajola Xoxa, p\u00ebrve\u00e7 sht\u00ebpis\u00eb s\u00eb saj tek &#8216;Kodra e Diellit&#8217; dhe zyrat n\u00eb &#8216;Sky Tower&#8217;, edhe n\u00eb fshatin Qerret, tek nj\u00eb vil\u00eb brenda kompleksit &#8216;Marea&#8217;. Deklaruesi shprehet se ka filluar t\u00eb shoq\u00ebroj\u00eb shtetasen Ajola Xoxa dhe n\u00ebn\u00ebn e saj n\u00eb Qerret, tek kompleksi n\u00eb fjal\u00eb, n\u00eb periudh\u00ebn 2019-2020, Gjithashtu, n\u00eb disa raste ka shoq\u00ebruar dhe pastruesen e saj q\u00eb quhej Ela. Deklaruesi shprehet se shpesh ka transportuar n\u00eb vil\u00ebn brenda kompleksit edhe sende personale sht\u00ebpiake si edhe rroba t\u00eb ndryshme.<\/p>\n<p>I pyetur rreth nj\u00eb mesazhi t\u00eb shk\u00ebmbyer me shtetasin Olsi Efthimi m\u00eb dat\u00eb 16.07.2020, ku i drejtohet duke e pyetur &#8216;Do shkoni n\u00eb Qerret sot?&#8217;, t\u00eb cilit Olsi Efthimi i p\u00ebrgjigjet &#8216;Jo nuk do shkojm\u00eb se ka dit\u00eblindjen&#8217;, deklaruesi shprehet se komunikimi \u00ebsht\u00eb b\u00ebr\u00eb me k\u00ebt\u00eb shtetas pasi ai shoq\u00ebrohej her\u00eb pas here me Ajola Xox\u00ebn, dhe n\u00eb dijenin\u00eb e tij shkonte (Olsi Efthimi) tek vila n\u00eb Qerret, pasi merrej me arredimin e saj, me pun\u00eb dhe aspekte t\u00eb tjera. I pyetur n\u00ebse kishte qen\u00eb n\u00eb ambientet e brendshme t\u00eb banes\u00ebs shtetases Ajola Xoxa, deklaruesi shprehet se nuk ka qen\u00eb asnj\u00ebher\u00eb. Deklaruesi ka shtuar se banesa ndodhej n\u00eb katin e dyt\u00eb t\u00eb banimit, nd\u00ebrsa n\u00eb katin tjet\u00ebr sip\u00ebr-katit t\u00eb banimit ku banonte Ajola, ajo po kryente punime t\u00eb cilat ndiqeshin nga shtetasi Olsi Efthimi\u201d, thuhet n\u00eb dosjen hetimore.<\/p><\/blockquote>\n<p><img decoding=\"async\" src=\"https:\/\/media.cna.al\/cna.al\/media3\/-640-0-1739888215x2020-logo-897.jpg\" alt=\"Veliaj kapet s\u00ebrish duke g\u00ebnjyer\" width=\"100%\" data-size=\"x\" data-id=\"470624\" \/><\/p>\n<p><em><strong>\u00c7far\u00eb fushate kishte n\u00eb koh\u00eb pandemie, po n\u00eb 2022-shin cila fushat\u00eb ishte q\u00eb dalin qelizat atje.<\/strong><\/em><\/p>\n<p><em><strong>Se mir\u00eb Erion Veliaj justifikohet p\u00ebr 2023-shin, por n\u00eb koh\u00ebt e tjera?<\/strong><\/em><\/p>\n<p><em><strong>Mos vall\u00eb SPAK-u ka ndonj\u00eb qeliz\u00eb tjet\u00ebr q\u00eb na del atje pik\u00ebrisht te dera e sht\u00ebpis\u00eb? Se mos ka dhe ndonj\u00eb foto pastaj dhe si do ta justifikoj\u00eb i shkreti?<\/strong><\/em><\/p>\n<h3>N\u00eb komunikimet e Ajola Xox\u00ebs me Driant Zenelin kjo e fundit shprehet qart\u00eb se vila n\u00eb Qerret \u00ebsht\u00eb e tyre.<\/h3>\n<blockquote><p>\u201cKonkretisht, m\u00eb dat\u00eb 01.08.2021, ora 7:52 p.m., shtetasi Driant Zeneli i shkruan Ajola Xox\u00ebs:<\/p>\n<p>Driant Zeneli-A t\u00eb ka marr\u00eb malli p\u00ebr Qerretin? -Ne erdhem sot.<\/p>\n<p>Ajola Xoxa i p\u00ebrgjigjet: Ajo aty n\u00eb fund \u00ebsht\u00eb sht\u00ebpia jon\u00eb\u201d, sqarohet n\u00eb dosje.<\/p><\/blockquote>\n<p><img decoding=\"async\" src=\"https:\/\/media.cna.al\/cna.al\/media3\/-640-0-1739888279xkomunikimet-per-vilen-e-lalit-erit-logo-156.jpg\" alt=\"Veliaj kapet s\u00ebrish duke g\u00ebnjyer\" width=\"100%\" data-size=\"x\" data-id=\"470625\" \/><\/p>\n<p><em><strong>Sipas t\u00eb dh\u00ebnave, ashtu si\u00e7 e p\u00ebrmend\u00ebm m\u00eb lart, edhe d\u00ebshmitar\u00eb t\u00eb tjer\u00eb e identifikojn\u00eb vil\u00ebn n\u00eb Qerret si e Erionit, vet\u00eb Erioni n\u00eb gjykat\u00eb tha ajo \u00ebsht\u00eb vila ime.<\/strong><\/em><\/p>\n<p><em><strong><img decoding=\"async\" src=\"https:\/\/media.cna.al\/cna.al\/media3\/-640-0-1739888584xajola-veliaj-logo-108.jpg\" alt=\"Veliaj kapet s\u00ebrish duke g\u00ebnjyer\" width=\"100%\" data-size=\"x\" data-id=\"470629\" \/><\/strong><\/em><\/p>\n<p><em><strong>Ai mund t\u00eb ket\u00eb qen\u00eb 87 her\u00eb n\u00eb zonat q\u00eb pretendon, por ka dhe qelizat e tij q\u00eb i ka n\u00eb Qerret.\u00a0<\/strong><\/em><em><strong>Erion Veliaj k\u00ebrkon t\u00eb fokusohet vet\u00ebm te qelizat e fushat\u00ebs q\u00eb t\u00eb justifikoj\u00eb veten.<\/strong><\/em><\/p>\n<p><em><strong>Vila q\u00eb quhej vila e Erionit tani ekzistoka, por nuk \u00ebsht\u00eb e Erionit, por e vjehrrit t\u00eb tij t\u00eb ndjer\u00eb.<\/strong><\/em><\/p>\n<p><em><strong>Ajola shkonte atje se ashtu kishte ca pun\u00eb dhe Erioni shkonte atje me celular se ashtu kishte disa pun\u00eb.<\/strong><\/em><\/p>\n<p><em><strong>K\u00ebshtu e justifikon Erioni meqen\u00ebse kam qen\u00eb n\u00eb fushat\u00eb t\u00eb Kavaj\u00ebs paskam qen\u00eb n\u00eb Qerret te vila.<\/strong><\/em><\/p>\n<p><em><strong>K\u00ebto jan\u00eb vet\u00ebm disa nga faktet q\u00eb v\u00ebrtetojn\u00eb se Erion Veliaj po g\u00ebnjen s\u00ebrish p\u00ebr vil\u00ebn e tij n\u00eb Qerret t\u00eb cil\u00ebn do t\u2019ia faturoj\u00eb Arben Xox\u00ebs.<\/strong><\/em><\/p>\n<p>Por k\u00ebto nuk jan\u00eb asgj\u00eb m\u00eb shum\u00eb e as m\u00eb pak se budallall\u00ebqet e radh\u00ebs q\u00eb thjesht dhe vet\u00ebm m\u00eb shum\u00eb sesa mbrojtje po e fundosin kryebashkiakun e Tiran\u00ebs n\u00eb detyr\u00eb, i cili ndodhet pas hekurave n\u00eb paraburgimin e Durr\u00ebsit.\/\u00a0<strong>CNA<\/strong><\/p>\n<div id=\"galeria\">\n<div id=\"img1\" class=\"content-gallery\">\n<div class=\"gallery-wrapper\">\n<div class=\"gallery-nav\">\n<div class=\"gallery-button-next\"><\/div>\n<\/div>\n<\/div>\n<\/div>\n<\/div>\n<div class=\"addthis-blck\">\n<div class=\"addthis_inline_share_toolbox\"><\/div>\n<\/div>\n<div class=\"insertion-box\">\n<div class=\"\">\n<div id=\"t67b4c47ba1f85\" data-p=\"100\"><\/div>\n<\/div>\n<\/div>\n<div><\/div>\n","protected":false},"excerpt":{"rendered":"<p>Kryebashkiaku Erion Veliaj \u00ebsht\u00eb kapur s\u00ebrish duke g\u00ebnjyer. N\u00eb nj\u00eb reagim t\u00eb b\u00ebr\u00eb s\u00eb fundi n\u00eb rrjetet sociale, ku sulmon me nj\u00eb gjuh\u00eb intimiduese prokurorin Olsi Dado, thot\u00eb se qelizat telefonike t\u00eb publikuara n\u00eb dosjen hetimore t\u00eb SPAK-ut q\u00eb tregojn\u00eb se \u00ebsht\u00eb zot\u00ebrues i vil\u00ebs n\u00eb Qerret jan\u00eb b\u00ebr\u00eb n\u00eb koh\u00eb fushate. Por faktet e &hellip;<\/p>\n","protected":false},"author":4,"featured_media":96517,"comment_status":"closed","ping_status":"closed","sticky":false,"template":"","format":"standard","meta":{"footnotes":""},"categories":[37],"tags":[],"class_list":["post-105007","post","type-post","status-publish","format-standard","has-post-thumbnail","","category-politike"],"_links":{"self":[{"href":"https:\/\/rdnews.al\/index.php\/wp-json\/wp\/v2\/posts\/105007","targetHints":{"allow":["GET"]}}],"collection":[{"href":"https:\/\/rdnews.al\/index.php\/wp-json\/wp\/v2\/posts"}],"about":[{"href":"https:\/\/rdnews.al\/index.php\/wp-json\/wp\/v2\/types\/post"}],"author":[{"embeddable":true,"href":"https:\/\/rdnews.al\/index.php\/wp-json\/wp\/v2\/users\/4"}],"replies":[{"embeddable":true,"href":"https:\/\/rdnews.al\/index.php\/wp-json\/wp\/v2\/comments?post=105007"}],"version-history":[{"count":1,"href":"https:\/\/rdnews.al\/index.php\/wp-json\/wp\/v2\/posts\/105007\/revisions"}],"predecessor-version":[{"id":105008,"href":"https:\/\/rdnews.al\/index.php\/wp-json\/wp\/v2\/posts\/105007\/revisions\/105008"}],"wp:featuredmedia":[{"embeddable":true,"href":"https:\/\/rdnews.al\/index.php\/wp-json\/wp\/v2\/media\/96517"}],"wp:attachment":[{"href":"https:\/\/rdnews.al\/index.php\/wp-json\/wp\/v2\/media?parent=105007"}],"wp:term":[{"taxonomy":"category","embeddable":true,"href":"https:\/\/rdnews.al\/index.php\/wp-json\/wp\/v2\/categories?post=105007"},{"taxonomy":"post_tag","embeddable":true,"href":"https:\/\/rdnews.al\/index.php\/wp-json\/wp\/v2\/tags?post=105007"}],"curies":[{"name":"wp","href":"https:\/\/api.w.org\/{rel}","templated":true}]}}