{"id":105018,"date":"2025-02-18T21:33:44","date_gmt":"2025-02-18T21:33:44","guid":{"rendered":"https:\/\/rdnews.al\/?p=105018"},"modified":"2025-02-18T21:41:58","modified_gmt":"2025-02-18T21:41:58","slug":"si-rama-nuk-u-lejua-ne-darken-e-organizuar-nga-jd-vance-dhe-rubio-ne-mynih","status":"publish","type":"post","link":"https:\/\/rdnews.al\/index.php\/2025\/02\/18\/si-rama-nuk-u-lejua-ne-darken-e-organizuar-nga-jd-vance-dhe-rubio-ne-mynih\/","title":{"rendered":"Si Rama nuk u lejua n\u00eb dark\u00ebn e organizuar nga JD Vance dhe Rubio n\u00eb Mynih"},"content":{"rendered":"<p>I ftuar n\u00eb emisionin Task Force, Sekretari p\u00ebr Marr\u00ebdh\u00ebniet me Jasht\u00eb n\u00eb PD, Enri \u00c7eno dha detaje nga Konferenca e Siguris\u00eb n\u00eb Mynih t\u00eb Gjermanis\u00eb, ku pjes\u00ebmarr\u00ebs ishin edhe z\u00ebvend\u00ebspresidenti amerikan JD Vance dhe sekretari i Shtetit, Marco Rubio, p\u00ebr t\u00eb cil\u00ebt tha q\u00eb ka pasur tentativa q\u00eb kryeministri Rama t\u00eb takohej me ta, nj\u00eb takim q\u00eb u anulua n\u00eb momentet e fundit.<\/p>\n<p>Sipas \u00c7enos, Rama p\u00ebrmes lobimeve ka tentuar fort t\u00eb realizonte nj\u00eb takim me delegacionin amerikan, pjes\u00eb e s\u00eb cil\u00ebs ka qen\u00eb JD Vance dhe Rubio.<\/p>\n<p>\u2018Pash\u00eb nj\u00eb Ram\u00eb t\u00eb lodhur, t\u00eb nxir\u00eb, t\u00eb rraskapitur. Realisht \u00ebsht\u00eb tentuar fort p\u00ebr t\u00eb realizuar nj\u00eb takim me JD Vance dhe Rubio, \u00ebsht\u00eb tentuar. \u00cbsht\u00eb nd\u00ebrhyr\u00eb nga krahu tjet\u00ebr p\u00ebr ta ndaluar k\u00ebt\u00eb takim. P\u00ebrzgjedhja q\u00eb \u00ebsht\u00eb b\u00ebr\u00eb p\u00ebr administrat\u00ebn e re nga Trump, \u00ebsht\u00eb b\u00ebr\u00eb shum\u00eb e kujdesshme.<\/p>\n<p>U d\u00ebrguan informacionet e duhura p\u00ebrmes miqve, dhe administrate u vu n\u00eb dijeni dhe parandaloi nj\u00eb dark\u00eb q\u00eb thuajse ishte e realizuar. Dhoma e Tregtis\u00eb Amerikane kishte organizuar nj\u00eb dark\u00eb ku ishte JD Vance dhe Rubio, si dhe nj\u00eb pjes\u00eb e madhe e delegacionit dhe u mundua p\u00ebrmes lobimit t\u00eb Ram\u00ebs, q\u00eb Rama t\u00eb merrte pjes\u00eb n\u00eb takim. Gj\u00eb q\u00eb nuk u realizua\u2019,\u00a0u shpreh ai.<\/p>\n<p>\u00c7eno u ndal edhe n\u00eb zhvillimet q\u00eb po ndodhin n\u00eb politik\u00ebn bot\u00ebrore, p\u00ebr t\u00eb cil\u00ebn theksoi se epok\u00ebs s\u00eb liberalizmit tashm\u00eb i ka ardhur fundi, pjes\u00eb e s\u00eb cil\u00ebs \u00ebsht\u00eb edhe Rama dhe PS, nd\u00ebrsa shtoi se i takon PD dhe opozit\u00ebs q\u00eb t\u00eb q\u00ebndroj\u00eb p\u00ebrkrah forcave fituese.<\/p>\n<p><em>\u2018<\/em>5 n\u00ebntori i 2024, t\u00eb pakt\u00ebn sipas analiz\u00ebs sime, ka t\u00eb njjt\u00ebn r\u00ebnd\u00ebsi si zgjedhjet e 6 qershorit 1964. Zgjedhjet n\u00ebn SHBA, kan\u00eb r\u00ebnd\u00ebsi si zbarkimi i trupave aleate n\u00eb Normadi. N\u00ebse rezultati i k\u00ebtyre zgjedhjeve do ishin ndryshe, s\u2019do flsinim si\u00e7 do flisnim sot, s\u2019do kishim k\u00ebto liri. Ajo q\u00eb po ndodh n\u00eb bot\u00eb \u00ebsht\u00eb nj\u00eb \u2018Jalt\u00eb e dyt\u00eb\u2019. \u00cbsht\u00eb nj\u00eb moment historik, ku gjeopolitika po ndryshon. Fuqite e m\u00ebdha po ridimensionohen, po ndahen hap\u00ebsirat fiziko-kohore. Po ndodh nj\u00eb \u2018Jalt\u00eb e dyt\u00eb\u2019, pam\u00eb n\u00eb Arabi fuqit\u00eb, SHBA- Rusi. Ajo q\u00eb po ndodh tashm\u00eb, epoka e liberalizmit politik i erdhi fundi, dhe nj\u00eb epok\u00eb e re po fillon, dhe kjo nisi m\u00eb 5 n\u00ebntor. Rama, PS jan\u00eb pjes\u00eb e globalizmit bot\u00ebror, e jan\u00eb pal\u00eb humb\u00ebse. Na takon ne si e djatht\u00eb, si opozit\u00eb, p\u00ebr t\u00eb qen\u00eb t\u00eb aft\u00eb mjaftuesh\u00ebm, p\u00ebr ta kapitalizuar dhe p\u00ebr t\u00eb q\u00ebndruar krah forcave fituese, sic \u00ebsht\u00eb konservatorizmi\u2019, theksoi \u00c7eno.<\/p>\n","protected":false},"excerpt":{"rendered":"<p>I ftuar n\u00eb emisionin Task Force, Sekretari p\u00ebr Marr\u00ebdh\u00ebniet me Jasht\u00eb n\u00eb PD, Enri \u00c7eno dha detaje nga Konferenca e Siguris\u00eb n\u00eb Mynih t\u00eb Gjermanis\u00eb, ku pjes\u00ebmarr\u00ebs ishin edhe z\u00ebvend\u00ebspresidenti amerikan JD Vance dhe sekretari i Shtetit, Marco Rubio, p\u00ebr t\u00eb cil\u00ebt tha q\u00eb ka pasur tentativa q\u00eb kryeministri Rama t\u00eb takohej me ta, nj\u00eb &hellip;<\/p>\n","protected":false},"author":3,"featured_media":105019,"comment_status":"closed","ping_status":"closed","sticky":false,"template":"","format":"standard","meta":{"footnotes":""},"categories":[37],"tags":[],"class_list":["post-105018","post","type-post","status-publish","format-standard","has-post-thumbnail","","category-politike"],"_links":{"self":[{"href":"https:\/\/rdnews.al\/index.php\/wp-json\/wp\/v2\/posts\/105018","targetHints":{"allow":["GET"]}}],"collection":[{"href":"https:\/\/rdnews.al\/index.php\/wp-json\/wp\/v2\/posts"}],"about":[{"href":"https:\/\/rdnews.al\/index.php\/wp-json\/wp\/v2\/types\/post"}],"author":[{"embeddable":true,"href":"https:\/\/rdnews.al\/index.php\/wp-json\/wp\/v2\/users\/3"}],"replies":[{"embeddable":true,"href":"https:\/\/rdnews.al\/index.php\/wp-json\/wp\/v2\/comments?post=105018"}],"version-history":[{"count":2,"href":"https:\/\/rdnews.al\/index.php\/wp-json\/wp\/v2\/posts\/105018\/revisions"}],"predecessor-version":[{"id":105024,"href":"https:\/\/rdnews.al\/index.php\/wp-json\/wp\/v2\/posts\/105018\/revisions\/105024"}],"wp:featuredmedia":[{"embeddable":true,"href":"https:\/\/rdnews.al\/index.php\/wp-json\/wp\/v2\/media\/105019"}],"wp:attachment":[{"href":"https:\/\/rdnews.al\/index.php\/wp-json\/wp\/v2\/media?parent=105018"}],"wp:term":[{"taxonomy":"category","embeddable":true,"href":"https:\/\/rdnews.al\/index.php\/wp-json\/wp\/v2\/categories?post=105018"},{"taxonomy":"post_tag","embeddable":true,"href":"https:\/\/rdnews.al\/index.php\/wp-json\/wp\/v2\/tags?post=105018"}],"curies":[{"name":"wp","href":"https:\/\/api.w.org\/{rel}","templated":true}]}}