{"id":105029,"date":"2025-02-19T09:15:35","date_gmt":"2025-02-19T09:15:35","guid":{"rendered":"https:\/\/rdnews.al\/?p=105029"},"modified":"2025-02-19T09:15:35","modified_gmt":"2025-02-19T09:15:35","slug":"dosja-veliaj-ndertuesi-i-kodres-se-diellit-thirret-ne-spak-per-te-deshmuar","status":"publish","type":"post","link":"https:\/\/rdnews.al\/index.php\/2025\/02\/19\/dosja-veliaj-ndertuesi-i-kodres-se-diellit-thirret-ne-spak-per-te-deshmuar\/","title":{"rendered":"Dosja \u201cVeliaj\u201d\/ Nd\u00ebrtuesi i \u201cKodr\u00ebs s\u00eb Diellit\u201d thirret n\u00eb SPAK p\u00ebr t\u00eb d\u00ebshmuar"},"content":{"rendered":"<p>Gentjan Sula, i njohur ndryshe si biznesmeni i \u201cKodr\u00ebs s\u00eb Diellit\u201d, \u00ebsht\u00eb paraqitur k\u00ebt\u00eb t\u00eb m\u00ebrkur\u00eb n\u00eb Prokurorin\u00eb e Posa\u00e7me (SPAK) p\u00ebr t\u2019u marr\u00eb n\u00eb pyetje n\u00eb lidhje me hetimet p\u00ebr Erion Veliajn, ku dhe ai vet\u00eb \u00ebsht\u00eb nj\u00eb prej t\u00eb akuzuarve.<\/p>\n<p>Biznesmeni akuzohet p\u00ebr kryerjen e vepr\u00ebs penale\u00a0<em style=\"font-weight: inherit;\">\u201cKorrupsioni aktiv i funksionar\u00ebve t\u00eb lart\u00eb shtet\u00ebror\u00eb ose t\u00eb zgjedhurve vendor\u00eb\u201d<\/em>, teksa ndaj tij, GJKKO ka caktuar mas\u00ebn \u201cDetyrim paraqitje\u201d. Sipas vendimit t\u00eb gjyqtarit Erjomn Bani, Gentian Sula duhet t\u00eb paraqitet n\u00eb SPAK\u00a0 t\u00eb Premten e par\u00eb dhe t\u00eb kat\u00ebrt t\u00eb \u00e7do muaj, n\u00eb or\u00ebn 14:00.<\/p>\n<p>Gentjan Sula, pronar i kompanis\u00eb s\u00eb nd\u00ebrtimit \u201cAgi Kons\u201d, e cila ka fituar disa tender\u00eb publik\u00eb t\u00eb r\u00ebnd\u00ebsish\u00ebm nga Bashkia e Tiran\u00ebs, p\u00ebrfshir\u00eb rehabilitimin e Parkut Rinia, nd\u00ebrtimin e Teatrit t\u00eb Komb\u00ebtar dhe nj\u00eb PPP p\u00ebr nd\u00ebrtimin e shkollave n\u00eb kryeqytet.<\/p>\n<p>Nga veprimet paraprake, SPAK ka konstatuar se lidhejt e Veliajt me biznesmenin jan\u00eb t\u00eb vjetra dhe se ata kishin udh\u00ebtuar s\u00eb bashku me avion \u2018charter\u2019 nga aeroporti i Rinasit q\u00eb n\u00eb vitin 2004. Hetimet paraprake gjithashtu kan\u00eb tregur se v\u00ebllai i kryebashkiakut, Arb\u00ebr Veliaj, posedon nj\u00eb vil\u00eb n\u00eb Qerret t\u00eb nd\u00ebrtuar nga \u201cAGI KONS\u201d, nd\u00ebrsa bashk\u00ebshortja e Veliajt, Ajola Xoxa, ka deklaruar nj\u00eb apartament n\u00eb rezidenc\u00ebn \u201cKodra e Diellit\u201d, gjithashtu e nd\u00ebrtuar nga e nj\u00ebjta kompani.<\/p>\n<p>M\u00eb konkretisht, dyshohet se Erion Veliaj ka p\u00ebrfituar 3 vila n\u00eb Qerret, ku nj\u00eb e posedon v\u00ebllai Arb\u00ebr Veliaj, nj\u00eb tjet\u00ebr \u00ebsht\u00eb n\u00eb em\u00ebr t\u00eb Valbona Xox\u00ebs, n\u00ebn\u00ebs s\u00eb Ajola Xox\u00ebs, por q\u00eb dyshohet se pronari \u201cde facto\u201d \u00ebsht\u00eb Erion Veliaj, nd\u00ebrsa nj\u00eb tjet\u00ebr e kan\u00eb prishur p\u00ebr t\u00eb zgjeruar hap\u00ebsir\u00ebn para vilave.<\/p>\n<p><span style=\"font-style: inherit; font-weight: inherit;\">N\u00eb dosje p\u00ebrmendet dhe fakti q\u00eb gjat\u00eb koh\u00ebs q\u00eb Erion Veliaj drejtonte ministrin\u00eb e Mir\u00ebqenies Sociale dhe Rinis\u00eb, em\u00ebroi n\u00eb postin e z\u00ebvend\u00ebsministres bashk\u00ebshorten e biznesmenit Gentjan Sula, Gentiana Sul\u00ebn<\/span><\/p>\n<p>Nj\u00eb nga rastet e korrupsionit lidhet me dh\u00ebnien e p\u00ebrfitimeve nga kompania \u201cAgi Kons\u201d Shpk, p\u00ebrmes p\u00ebrfaq\u00ebsuesit t\u00eb saj Gentian Sula, n\u00eb favor t\u00eb Veliajt dhe Xox\u00ebs. Kjo kompani, gjat\u00eb koh\u00ebs q\u00eb dhuronte k\u00ebto fonde, siguroi nj\u00eb kontrat\u00eb t\u00eb majme me Bashkin\u00eb e Tiran\u00ebs p\u00ebr nd\u00ebrtimin e shkoll\u00ebs \u201cQazim Turdiu\u201d me vler\u00eb mbi 362 milion\u00eb lek\u00eb, si dhe nj\u00eb leje nd\u00ebrtimi p\u00ebr nj\u00eb kompleks banimi, e n\u00ebnshkruar nga vet\u00eb kryebashkiaku Veliaj.<\/p>\n<p>Gentian Sula ka d\u00ebshmuar edhe m\u00eb her\u00ebt n\u00eb SPAK mbi hetimet p\u00ebr Erion Veliajn, teksa i \u00ebsht\u00eb sekuestruar edhe telefoni.<\/p>\n","protected":false},"excerpt":{"rendered":"<p>Gentjan Sula, i njohur ndryshe si biznesmeni i \u201cKodr\u00ebs s\u00eb Diellit\u201d, \u00ebsht\u00eb paraqitur k\u00ebt\u00eb t\u00eb m\u00ebrkur\u00eb n\u00eb Prokurorin\u00eb e Posa\u00e7me (SPAK) p\u00ebr t\u2019u marr\u00eb n\u00eb pyetje n\u00eb lidhje me hetimet p\u00ebr Erion Veliajn, ku dhe ai vet\u00eb \u00ebsht\u00eb nj\u00eb prej t\u00eb akuzuarve. Biznesmeni akuzohet p\u00ebr kryerjen e vepr\u00ebs penale\u00a0\u201cKorrupsioni aktiv i funksionar\u00ebve t\u00eb lart\u00eb shtet\u00ebror\u00eb &hellip;<\/p>\n","protected":false},"author":4,"featured_media":105030,"comment_status":"closed","ping_status":"closed","sticky":false,"template":"","format":"standard","meta":{"footnotes":""},"categories":[37],"tags":[],"class_list":["post-105029","post","type-post","status-publish","format-standard","has-post-thumbnail","","category-politike"],"_links":{"self":[{"href":"https:\/\/rdnews.al\/index.php\/wp-json\/wp\/v2\/posts\/105029","targetHints":{"allow":["GET"]}}],"collection":[{"href":"https:\/\/rdnews.al\/index.php\/wp-json\/wp\/v2\/posts"}],"about":[{"href":"https:\/\/rdnews.al\/index.php\/wp-json\/wp\/v2\/types\/post"}],"author":[{"embeddable":true,"href":"https:\/\/rdnews.al\/index.php\/wp-json\/wp\/v2\/users\/4"}],"replies":[{"embeddable":true,"href":"https:\/\/rdnews.al\/index.php\/wp-json\/wp\/v2\/comments?post=105029"}],"version-history":[{"count":1,"href":"https:\/\/rdnews.al\/index.php\/wp-json\/wp\/v2\/posts\/105029\/revisions"}],"predecessor-version":[{"id":105031,"href":"https:\/\/rdnews.al\/index.php\/wp-json\/wp\/v2\/posts\/105029\/revisions\/105031"}],"wp:featuredmedia":[{"embeddable":true,"href":"https:\/\/rdnews.al\/index.php\/wp-json\/wp\/v2\/media\/105030"}],"wp:attachment":[{"href":"https:\/\/rdnews.al\/index.php\/wp-json\/wp\/v2\/media?parent=105029"}],"wp:term":[{"taxonomy":"category","embeddable":true,"href":"https:\/\/rdnews.al\/index.php\/wp-json\/wp\/v2\/categories?post=105029"},{"taxonomy":"post_tag","embeddable":true,"href":"https:\/\/rdnews.al\/index.php\/wp-json\/wp\/v2\/tags?post=105029"}],"curies":[{"name":"wp","href":"https:\/\/api.w.org\/{rel}","templated":true}]}}