{"id":105032,"date":"2025-02-19T09:18:14","date_gmt":"2025-02-19T09:18:14","guid":{"rendered":"https:\/\/rdnews.al\/?p=105032"},"modified":"2025-02-19T09:18:14","modified_gmt":"2025-02-19T09:18:14","slug":"luajme-particash-viktimizimi-streha-e-fundit-e-hipokriteve","status":"publish","type":"post","link":"https:\/\/rdnews.al\/index.php\/2025\/02\/19\/luajme-particash-viktimizimi-streha-e-fundit-e-hipokriteve\/","title":{"rendered":"Luajm\u00eb Particash: Viktimizimi, streha e fundit e hipokrit\u00ebve"},"content":{"rendered":"<p><strong>Nga Pranvera SHEHAJ<\/strong><\/p>\n<p>Premis\u00eb<\/p>\n<p>N\u00eb nj\u00eb p\u00ebrpjekje p\u00ebr t\u00eb ngush\u00eblluar pap\u00ebrmbushm\u00ebrin\u00eb vetjake, ne si shoq\u00ebri priremi t\u00eb japim pa kursyer mb\u00ebshtetje, mbrojtje e keqardhje p\u00ebr t\u00eb dob\u00ebtin, p\u00ebr viktim\u00ebn. N\u00eb nj\u00eb nevoj\u00eb me shenja gati psikoze, tek viktima dhe i dob\u00ebti ne shohim rehatin\u00eb p\u00ebr t\u00eb mos u p\u00ebrpjekur p\u00ebr m\u00eb shum\u00eb, po aq sa k\u00ebnaq\u00ebsin\u00eb q\u00eb merr egoja kur sheh se ka m\u00eb posht\u00eb, m\u00eb pak se ne, ashtu sikurse ka si ne. Nd\u00ebrkaq, tek i forti ne p\u00ebrballemi me dilema jetike q\u00eb sfidojn\u00eb ambiciet tona legjitime dhe na kujtojn\u00eb si hije p\u00ebrndjek\u00ebse pamjaftueshm\u00ebrin\u00eb, &#8211; th\u00ebn\u00eb shkurt, i forti, i afti, i zoti, b\u00ebhet kryqi yn\u00eb e ndoshta porta e ngusht\u00eb q\u00eb na shtr\u00ebngon t\u00eb m\u00ebkatojm\u00eb duke i shkelur parimet q\u00eb veten e bot\u00ebn rrenim se kishim.<\/p>\n<p>Partit\u00eb e reja, viktimat hipokrite ku djalli delegon m\u00ebkatin<\/p>\n<p>K\u00ebt\u00eb sindrom\u00eb ton\u00ebn masive t\u00eb shkrirjes nj\u00eb me empatin\u00eb shtinjake q\u00eb imponon viktimizimi, t\u00eb quajturat tash e disa vite partit\u00eb e reja e kan\u00eb p\u00ebrvet\u00ebsuar dhe shnd\u00ebrruar n\u00eb argument legjitimiteti t\u00eb pretendimeve dhe ambicieve t\u00eb tyre. Mbir\u00eb si farat e kungullit n\u00eb trafikun mbyt\u00ebs t\u00eb studiove t\u00eb kontaminuara nga vrulli i gjithkujt p\u00ebr promo, partit\u00eb e reja e mb\u00ebshtjellin retorik\u00ebn dhe propagand\u00ebn e tyre rreth puritanizmit, pafaj\u00ebsis\u00eb e d\u00eblir\u00ebsis\u00eb, por jo vet\u00ebm. M\u00eb s\u00eb shumti ato jan\u00eb n\u00eb nj\u00eb unison viktimizimi duke p\u00ebrdorur nj\u00eb slogan t\u00eb lypjes s\u00eb vot\u00ebs t\u00eb tipit \u201cNa mb\u00ebshtesni; Mos na lini vet\u00ebm; Ne nuk kemi fuqi mjaftuesh\u00ebm ndaj na duheni ju; Ata jan\u00eb t\u00eb gjith\u00eb bashk\u00eb ne jemi ndryshe, por ne jemi t\u00eb vegj\u00ebl\u201d e t\u00eb tjera qurravitje t\u00eb tipit &#8220;aman e derman&#8221; na ndihmoni t\u2018ia dalim, q\u00eb i portretizojn\u00eb si viktimat t\u00eb cilat duhen mb\u00ebshtetur vet\u00ebm pse dhe si t\u00eb tilla, pa u justifikuar as n\u00eb histori, as n\u00eb model, as n\u00eb projekt.<\/p>\n<p>Nga an\u00ebt tona jugore ne kemi nj\u00eb shprehje aspak elitare e zengjine, e cila sh\u00ebmb\u00ebllen paksa ashp\u00ebrsin\u00eb me t\u00eb cil\u00ebn na e kalisin zot\u00ebsin\u00eb qysh t\u00eb vegj\u00ebl: \u201cNuk i del dot zot sht\u00ebpis\u00eb ai q\u00eb nuk ngre dot nj\u00ebher\u00eb t\u00eb mbathurat e tij.\u201d E megjithat\u00eb, ata kan\u00eb zgjedhur pozicionimin si viktimat q\u00eb duhen m\u00ebshiruar n\u00eb k\u00ebt\u00eb betej\u00eb t\u00eb tyre p\u00ebr \u00e7lirimin e Shqip\u00ebris\u00eb.<\/p>\n<p>Pyetja q\u00eb ngrihet \u00ebsht\u00eb: P\u00ebrse nuk po u rezulton e suksesshme prej disa viteve kjo mbirje sporadike \u00e7do prag zgjedhor si viktimat e d\u00eblira? Fare e thjesht\u00eb, \u00e7edojn\u00eb n\u00eb v\u00ebrtet\u00ebsi dhe jan\u00eb hipokrit\u00eb n\u00eb \u00e7do tez\u00eb q\u00eb ngren\u00eb, \u00e7do nism\u00eb q\u00eb marrin, \u00e7do rrug\u00ebtim q\u00eb rr\u00ebfejn\u00eb. Gabojn\u00eb n\u00eb nj\u00eb postulat universal: Ngjall simpati i keqi i v\u00ebrtet\u00eb shum\u00eb m\u00eb shum\u00eb se i miri hipokrit.<\/p>\n<p>S\u00eb pari, ju parashtroni nj\u00eb premtim t\u00eb p\u00ebrgjithsh\u00ebm p\u00ebr rim\u00ebk\u00ebmbjen e demokracis\u00eb n\u00eb vend, e cila qenk\u00ebrka shkelmuar jo sepse sot e dymb\u00ebdhjet\u00eb vite vegjetojm\u00eb e frymojm\u00eb n\u00eb nj\u00eb autokraci elektorale, por sepse partit\u00eb e m\u00ebdha nuk kan\u00eb demokraci t\u00eb brendshme e jan\u00eb parti ku vendos e vulos kryetari. Cili \u00ebsht\u00eb procesi zgjedhor n\u00ebp\u00ebr t\u00eb cilin secili prej jush n\u00eb partit\u00eb respektive ka kaluar deri n\u00eb em\u00ebrimin e tij si kryetar? A keni qen\u00eb ju subjekt i nj\u00eb votimi an\u00ebtar\u00ebsie dhe mbi \u00e7\u2018baz\u00eb statusore udh\u00ebhiqni vendimmarrjen n\u00eb particat tuaja?<\/p>\n<p>S\u00eb dyti, cili \u00ebsht\u00eb korpusi juaj politik e p\u00ebr rrjedhoj\u00eb elektoral, i cili ju transformon nga particat e unit n\u00eb parti politike? Pa denjuar as nd\u00ebrtimin e strukturave fantazm\u00eb, identiteti juaj fizik e ideologjik nis dhe mbaron tek financieri i drejtp\u00ebrdrejt\u00eb i partis\u00eb ose administratori i deleguar i saj.<\/p>\n<p>S\u00eb treti, ju synoni zaptimin e vot\u00ebs s\u00eb t\u00eb zhg\u00ebnjyerve nga qeveria, t\u00eb cil\u00ebt nuk gjejn\u00eb ngush\u00ebllim tek alternativa e madhe opozitare. Qart\u00eb deri k\u00ebtu. Me \u00e7\u2019projekt? T\u00eb paaft\u00eb p\u00ebr t\u00eb shpalosur nj\u00eb program t\u00eb mir\u00ebfillt\u00eb politik, edhe kur g\u00ebrm\u00ebzoni tek-tuk ndonj\u00eb reform\u00eb, ju d\u00ebshtoni n\u00eb konkretizimin e nj\u00eb plani t\u00eb mir\u00ebfillt\u00eb p\u00ebr ta nd\u00ebrmarr\u00eb.<\/p>\n<p>S\u00eb kat\u00ebrti, shtylla e fushat\u00ebs suaj t\u00eb p\u00ebrbashk\u00ebt edhe pse t\u00eb padeklaruar si t\u00eb till\u00eb \u00ebsht\u00eb lufta ndaj t\u00eb korruptuarve, n\u00ebnkuptuar si ju t\u00eb d\u00eblir\u00ebt e partive t\u00eb fresk\u00ebta p\u00ebrball\u00eb ujqve t\u00eb vjet\u00ebr t\u00eb korruptuar t\u00eb politik\u00ebs s\u00eb lasht\u00eb. Le ta marrim t\u00eb mir\u00ebqen\u00eb. Mir\u00ebpo, cili prej k\u00ebtyre ujqve, dikur po k\u00ebshtu si ju, ishte i korruptuar p\u00ebrpara nisjes s\u00eb rrug\u00ebtimit politik? Kush nuk \u00ebsht\u00eb akullore pa iu dh\u00ebn\u00eb mund\u00ebsia t\u00eb kridhet n\u00eb k\u00ebnet\u00ebn e vendimmarrjes s\u00eb pushtetit e me \u00e7\u2018metod\u00eb provoni ndonj\u00eb lidhje shkakore mes t\u00eb qenurit i paprovuar e t\u00eb qenurit i kulluar?<\/p>\n<p>S\u00eb pesti, me ndonj\u00eb rast p\u00ebrjashtimor t\u00eb vet\u00ebfinancimit, &#8211; edhe pse kurr\u00eb n\u00eb jet\u00eb nuk kam ditur t\u2018i besoj e aq m\u00eb pak t\u00eb frym\u00ebzohem nga historit\u00eb e suksesit se p\u00ebrher\u00eb m\u00eb ka munguar nj\u00eb pjes\u00eb e puzzle-it, &#8211; n\u00eb shumic\u00eb, ju jeni t\u00eb dekredibilizuar n\u00eb v\u00ebrtet\u00ebsin\u00eb e financimit t\u00eb aktivitetit tuaj politik, \u00e7ka zhb\u00ebn luft\u00ebn tuaj vet\u00ebflijuese ndaj t\u00eb korruptuarve.<\/p>\n<p>S\u00eb gjashti, n\u00ebse p\u00ebrvoja n\u00eb vendimmarrje, rrug\u00ebtimi politik, sh\u00ebrbimi n\u00eb pozicione t\u00eb ndryshme shtet\u00ebrore \u00ebsht\u00eb faj e t\u00eb ngarkon mbi supe m\u00ebkatet e vendit sot, \u00e7far\u00eb \u00ebsht\u00eb mungesa absolute e p\u00ebrvoj\u00ebs? Qofsha e gabuar, mesa un\u00eb di, djemt\u00eb e mir\u00eb e vajzat e mira si stafeta e nderit q\u00eb mbani fort, ne shqiptar\u00ebt i kemi p\u00ebr zem\u00ebr, por p\u00ebr t\u00eb drejtuar shtetin v\u00ebshtir\u00eb se pin\u00eb uj\u00eb kaq kollaj. P\u00ebr k\u00ebt\u00eb t\u00eb fundit na duhet p\u00ebrvoja, prova e aft\u00ebsis\u00eb n\u00eb ekspertiz\u00eb, vendimmarrje dhe drejtim. Jeni t\u00eb pap\u00ebrvoj\u00eb, ndon\u00ebse endeni n\u00eb politik\u00eb prej vitesh.<\/p>\n<p>S\u00eb fundmi, gjynafqar\u00eb a shenjtor\u00eb, t\u00eb p\u00ebrlyer a t\u00eb kulluar, ata, t\u00eb vjetrit pra, kan\u00eb b\u00ebr\u00eb beteja politike duke i r\u00ebnduar supet e tyre me turpin e d\u00ebshtimit a me lavdin\u00eb e suksesit, prov\u00eb e aft\u00ebsis\u00eb p\u00ebr ta l\u00ebvruar k\u00ebt\u00eb sport t\u00eb pushtetit. Ju? Prej vitesh tanim\u00eb nd\u00ebr studio e rrugica n\u00eb gjueti t\u00eb ndonj\u00eb ngjarjeje p\u00ebr ta p\u00ebrvet\u00ebsuar si kauz\u00eb, jeni t\u00eb lutur t\u00eb thoni nj\u00eb dhe vet\u00ebm nj\u00eb betej\u00eb civile a politike q\u00eb keni fituar. E leht\u00eb t\u00eb duash t\u00eb katapultohesh n\u00eb at\u00eb tempull t\u00eb lakmuar t\u00eb demokracis\u00eb me metoda t\u00eb t\u00ebrthorta skuth\u00ebrie, por futesh si deputet e del si zvarranik.<\/p>\n<p>Paarsyeshm\u00ebria \u00ebsht\u00eb njer\u00ebzore (\u201cT\u00eb jesh i paarsyesh\u00ebm \u00ebsht\u00eb e drejt\u00eb humane\u201d thot\u00eb Schopenhauer), megjithat\u00eb ajo \u00ebsht\u00eb e d\u00ebnueshme kur n\u00eb persistenc\u00ebn e saj t\u00eb q\u00ebllimshme b\u00ebn nj\u00eb d\u00ebm t\u00eb madh shoq\u00ebror. Do t\u00eb mbesja shp\u00ebrfill\u00ebse ndaj zukatjes tuaj t\u00eb shpesht\u00eb n\u00eb k\u00ebto zgjedhje sikur t\u00eb mos ndiqja statistikisht d\u00ebmin sado t\u00eb vog\u00ebl n\u00eb fragmentarizmin e vot\u00ebs kund\u00ebr autokratit. Nuk mundni e nuk d\u00ebshironi t\u00eb prodhoni rokad\u00eb, por vet\u00ebm t\u00eb cimbisni duke luajtur rolin e brejt\u00ebsit t\u00eb votave antiqeveritare dhe masivizoni propagand\u00ebn q\u00eb i sh\u00ebrben vet\u00ebm pushtetit.<\/p>\n<p>I dini domosdo ato strategji studimesh mbi \u00e7el\u00ebsin q\u00eb ka unifikimi n\u00eb mesazh dhe fushat\u00eb n\u00eb nj\u00eb kamp masiv opozitar i \u00e7do partie anti-pushtet me q\u00ebllim rr\u00ebzimin e autokracis\u00eb, por ve\u00e7 faktit q\u00eb studimet i shihni her\u00eb si ushqim p\u00ebr budallenjt\u00eb e her\u00eb si t\u00eb v\u00ebrteta t\u00eb panevojshme, edhe n\u00eb k\u00ebt\u00eb mision jeni hipokrit\u00eb. T\u00eb larguar nga forca m\u00eb e madhe opozitare, jo m\u00eb pak jeni ju se aktor\u00ebt ku djalli n\u00eb pushtet ka deleguar edhe nj\u00ebher\u00eb pak pjes\u00eb t\u00eb m\u00ebkatit.<\/p>\n<p>Reflektim sa n\u00eb koh\u00eb e sa dera rri hapur!<\/p>\n","protected":false},"excerpt":{"rendered":"<p>Nga Pranvera SHEHAJ Premis\u00eb N\u00eb nj\u00eb p\u00ebrpjekje p\u00ebr t\u00eb ngush\u00eblluar pap\u00ebrmbushm\u00ebrin\u00eb vetjake, ne si shoq\u00ebri priremi t\u00eb japim pa kursyer mb\u00ebshtetje, mbrojtje e keqardhje p\u00ebr t\u00eb dob\u00ebtin, p\u00ebr viktim\u00ebn. N\u00eb nj\u00eb nevoj\u00eb me shenja gati psikoze, tek viktima dhe i dob\u00ebti ne shohim rehatin\u00eb p\u00ebr t\u00eb mos u p\u00ebrpjekur p\u00ebr m\u00eb shum\u00eb, po aq sa &hellip;<\/p>\n","protected":false},"author":4,"featured_media":90550,"comment_status":"closed","ping_status":"closed","sticky":false,"template":"","format":"standard","meta":{"footnotes":""},"categories":[44],"tags":[],"class_list":["post-105032","post","type-post","status-publish","format-standard","has-post-thumbnail","","category-editorial"],"_links":{"self":[{"href":"https:\/\/rdnews.al\/index.php\/wp-json\/wp\/v2\/posts\/105032","targetHints":{"allow":["GET"]}}],"collection":[{"href":"https:\/\/rdnews.al\/index.php\/wp-json\/wp\/v2\/posts"}],"about":[{"href":"https:\/\/rdnews.al\/index.php\/wp-json\/wp\/v2\/types\/post"}],"author":[{"embeddable":true,"href":"https:\/\/rdnews.al\/index.php\/wp-json\/wp\/v2\/users\/4"}],"replies":[{"embeddable":true,"href":"https:\/\/rdnews.al\/index.php\/wp-json\/wp\/v2\/comments?post=105032"}],"version-history":[{"count":1,"href":"https:\/\/rdnews.al\/index.php\/wp-json\/wp\/v2\/posts\/105032\/revisions"}],"predecessor-version":[{"id":105033,"href":"https:\/\/rdnews.al\/index.php\/wp-json\/wp\/v2\/posts\/105032\/revisions\/105033"}],"wp:featuredmedia":[{"embeddable":true,"href":"https:\/\/rdnews.al\/index.php\/wp-json\/wp\/v2\/media\/90550"}],"wp:attachment":[{"href":"https:\/\/rdnews.al\/index.php\/wp-json\/wp\/v2\/media?parent=105032"}],"wp:term":[{"taxonomy":"category","embeddable":true,"href":"https:\/\/rdnews.al\/index.php\/wp-json\/wp\/v2\/categories?post=105032"},{"taxonomy":"post_tag","embeddable":true,"href":"https:\/\/rdnews.al\/index.php\/wp-json\/wp\/v2\/tags?post=105032"}],"curies":[{"name":"wp","href":"https:\/\/api.w.org\/{rel}","templated":true}]}}