{"id":105038,"date":"2025-02-19T10:08:20","date_gmt":"2025-02-19T10:08:20","guid":{"rendered":"https:\/\/rdnews.al\/?p=105038"},"modified":"2025-02-19T10:08:20","modified_gmt":"2025-02-19T10:08:20","slug":"berisha-shkallmimi-i-rames-lidhet-me-lajmin-se-po-hapet-dosja-mcgonigal","status":"publish","type":"post","link":"https:\/\/rdnews.al\/index.php\/2025\/02\/19\/berisha-shkallmimi-i-rames-lidhet-me-lajmin-se-po-hapet-dosja-mcgonigal\/","title":{"rendered":"Berisha: Shkallmimi i Ram\u00ebs lidhet me lajmin se po hapet dosja McGonigal!"},"content":{"rendered":"<div id=\"rekl-30\"><\/div>\n<div id=\"rekl-49\">Kryetari i PD, Sali Berisha, shkruan n\u00eb median sociale se, Edi Rama ka shkallmuar p\u00ebr shkak se po hapet dosja McGonigal.<\/div>\n<div class=\"readmore-text-here\">\n<p>\u201cShkallmimi i Ram\u00ebs lidhet me lajmin se dosja McGonigal po hapet! Nd\u00ebrkoh\u00eb Rama p\u00ebrgatit Gjiknurin si kurbanin e radh\u00ebs! Po Gjiknuri\u2026!?\u201d, shkruan Berisha.<\/p>\n<p>Kujtojm\u00eb se gjat\u00eb nj\u00eb seance n\u00eb Kuvend, Berisha deklaroi se Gjiknuri ka financuar festat e bixhozit t\u00eb djalit t\u00eb diskredituar t\u00eb Joe Biden.<\/p>\n<p>Nd\u00ebrkoh\u00eb Berisha poston edhe nj\u00eb video t\u00eb gazetarit amerikan, John Schindler, i cili thekson se McGonigal ka marr\u00eb shuma t\u00eb m\u00ebdha parash n\u00eb Shqip\u00ebri fal\u00eb lidhjes me Edi Ram\u00ebn.<\/p>\n<p>Por nd\u00ebrsa McGonigal \u00ebsht\u00eb n\u00eb burg, korruptori i tij, Edi Rama vazhdon t\u00eb jet\u00eb i lir\u00eb.<\/p>\n<p><iframe loading=\"lazy\" src=\"https:\/\/www.facebook.com\/plugins\/video.php?height=476&amp;href=https%3A%2F%2Fwww.facebook.com%2FSaliBerisha%2Fvideos%2F960145542522986%2F&amp;show_text=false&amp;width=267&amp;t=0\" width=\"267\" height=\"476\" frameborder=\"0\" scrolling=\"no\" allowfullscreen=\"allowfullscreen\" data-mce-fragment=\"1\"><\/iframe><\/p>\n<\/div>\n<p>&nbsp;<\/p>\n","protected":false},"excerpt":{"rendered":"<p>Kryetari i PD, Sali Berisha, shkruan n\u00eb median sociale se, Edi Rama ka shkallmuar p\u00ebr shkak se po hapet dosja McGonigal. \u201cShkallmimi i Ram\u00ebs lidhet me lajmin se dosja McGonigal po hapet! Nd\u00ebrkoh\u00eb Rama p\u00ebrgatit Gjiknurin si kurbanin e radh\u00ebs! Po Gjiknuri\u2026!?\u201d, shkruan Berisha. Kujtojm\u00eb se gjat\u00eb nj\u00eb seance n\u00eb Kuvend, Berisha deklaroi se Gjiknuri &hellip;<\/p>\n","protected":false},"author":4,"featured_media":36879,"comment_status":"closed","ping_status":"closed","sticky":false,"template":"","format":"standard","meta":{"footnotes":""},"categories":[37],"tags":[],"class_list":["post-105038","post","type-post","status-publish","format-standard","has-post-thumbnail","","category-politike"],"_links":{"self":[{"href":"https:\/\/rdnews.al\/index.php\/wp-json\/wp\/v2\/posts\/105038","targetHints":{"allow":["GET"]}}],"collection":[{"href":"https:\/\/rdnews.al\/index.php\/wp-json\/wp\/v2\/posts"}],"about":[{"href":"https:\/\/rdnews.al\/index.php\/wp-json\/wp\/v2\/types\/post"}],"author":[{"embeddable":true,"href":"https:\/\/rdnews.al\/index.php\/wp-json\/wp\/v2\/users\/4"}],"replies":[{"embeddable":true,"href":"https:\/\/rdnews.al\/index.php\/wp-json\/wp\/v2\/comments?post=105038"}],"version-history":[{"count":1,"href":"https:\/\/rdnews.al\/index.php\/wp-json\/wp\/v2\/posts\/105038\/revisions"}],"predecessor-version":[{"id":105039,"href":"https:\/\/rdnews.al\/index.php\/wp-json\/wp\/v2\/posts\/105038\/revisions\/105039"}],"wp:featuredmedia":[{"embeddable":true,"href":"https:\/\/rdnews.al\/index.php\/wp-json\/wp\/v2\/media\/36879"}],"wp:attachment":[{"href":"https:\/\/rdnews.al\/index.php\/wp-json\/wp\/v2\/media?parent=105038"}],"wp:term":[{"taxonomy":"category","embeddable":true,"href":"https:\/\/rdnews.al\/index.php\/wp-json\/wp\/v2\/categories?post=105038"},{"taxonomy":"post_tag","embeddable":true,"href":"https:\/\/rdnews.al\/index.php\/wp-json\/wp\/v2\/tags?post=105038"}],"curies":[{"name":"wp","href":"https:\/\/api.w.org\/{rel}","templated":true}]}}