{"id":105040,"date":"2025-02-19T10:52:39","date_gmt":"2025-02-19T10:52:39","guid":{"rendered":"https:\/\/rdnews.al\/?p=105040"},"modified":"2025-02-19T10:52:39","modified_gmt":"2025-02-19T10:52:39","slug":"kalaja-kallezim-penal-per-prokuroren-qe-u-promovua-pasi-mbylli-dosjen-184","status":"publish","type":"post","link":"https:\/\/rdnews.al\/index.php\/2025\/02\/19\/kalaja-kallezim-penal-per-prokuroren-qe-u-promovua-pasi-mbylli-dosjen-184\/","title":{"rendered":"Kalaja: Kall\u00ebzim penal p\u00ebr prokuroren q\u00eb u promovua pasi mbylli dosjen 184"},"content":{"rendered":"<p>Kryetarja e Komisionit t\u00eb Apelimit n\u00eb Partin\u00eb Demokratike, Adriana Kalaja, ka dor\u00ebzuar sot n\u00eb SPAK nj\u00eb kall\u00ebzim penal kund\u00ebr prokurores Esmeralda Keshi. Sipas saj, kjo \u00ebsht\u00eb e nj\u00ebjta prokurore q\u00eb m\u00eb par\u00eb ka mbyllur dosjen e shum\u00ebp\u00ebrfolur 184, duke vepruar n\u00eb kund\u00ebrshtim me ligjin. Kalaja akuzon Keshin p\u00ebr veprime t\u00eb nj\u00ebanshme dhe t\u00eb urdh\u00ebruara politikisht, t\u00eb cilat kan\u00eb \u00e7uar n\u00eb mbajtjen e paligjshme t\u00eb nj\u00eb protestuesi p\u00ebr mbi tre muaj.<\/p>\n<p>Ajo deklaroi se, pavar\u00ebsisht munges\u00ebs s\u00eb provave p\u00ebr ta d\u00ebnuar, prokuroria ka zgjatur n\u00eb m\u00ebnyr\u00eb t\u00eb padrejt\u00eb hetimet. N\u00eb deklarat\u00ebn e saj para SPAK-ut, ajo p\u00ebrmendi se jan\u00eb b\u00ebr\u00eb dy ankesa pran\u00eb institucioneve p\u00ebrkat\u00ebse, por ende nuk ka pasur asnj\u00eb reagim.<\/p>\n<p>\u201cP\u00ebr mbi 3 muaj mban t\u00eb burgosur nj\u00eb protestues dhe, megjith\u00ebse e ka shtyr\u00eb nj\u00eb her\u00eb afatin e hetimeve prej 3 muajsh, afat i cili mbaroi m\u00eb 9 n\u00ebntor 2024, s\u00ebrish vepron me veprime antiligjore, arbitrare, me veprime t\u00eb urdh\u00ebruara nga pushteti. Duke qen\u00eb p\u00ebrpara faktit q\u00eb nuk gjen provat p\u00ebr t\u00eb d\u00ebnuar nj\u00eb protestues, vijon duke e mbajtur n\u00eb paligjshm\u00ebri t\u00eb plot\u00eb. Nga ana tjet\u00ebr, edhe pas 2 ankesave tona t\u00eb b\u00ebra n\u00eb Prokurorin\u00eb e Tiran\u00ebs por edhe pran\u00eb Inspektorit t\u00eb Lart\u00eb t\u00eb Drejt\u00ebsis\u00eb, nuk kemi par\u00eb asnj\u00eb reagim lidhur me k\u00ebt\u00eb dosje.<\/p>\n<p>Nga ana tjet\u00ebr, un\u00eb dua t\u2019i kujtoj publikut q\u00eb \u00ebsht\u00eb e nj\u00ebjta prokurore e cila, kur ka qen\u00eb n\u00eb qarkun e Dibr\u00ebs, n\u00eb kund\u00ebrshtim me ligjin, n\u00ebn ndikimin e ushtrimit t\u00eb paligjsh\u00ebm, ka mbyllur dosjen 184. P\u00ebr k\u00ebt\u00eb, sipas provave q\u00eb p\u00ebrcjellim sot, por edhe sipas dyshimit ton\u00eb t\u00eb arsyesh\u00ebm, u promovua n\u00eb K\u00ebshillin e Lart\u00eb t\u00eb Prokuroris\u00eb, n\u00eb kund\u00ebrshtim edhe me detyr\u00ebn. Po k\u00ebshtu, ne kemi argumentuar q\u00eb ky promovim ka ardhur si pasoj\u00eb e mbylljes s\u00eb dosjes 184 nga ministri aktual i Drejt\u00ebsis\u00eb, Ulsi Manja, Damian Gjiknuri, Arben Kraja, etj.<\/p>\n<p>Si\u00e7 Altin Dumani dhe koleg\u00ebt e tij kan\u00eb rihapur \u00e7\u00ebshtje pa asnj\u00eb prov\u00eb t\u00eb re, edhe ne kemi k\u00ebrkuar t\u00eb rihapet kjo \u00e7\u00ebshtje pasi ka indicia t\u00eb reja. Pra, kemi lidhur k\u00ebt\u00eb prokurore, e cila ka mbyllur k\u00ebt\u00eb dosje n\u00eb kund\u00ebrshtim me ligjin, \u00ebsht\u00eb promovuar sepse ka mbyllur k\u00ebt\u00eb dosje, dhe ne i themi SPAK-ut: Meqen\u00ebse ju dikur e \u00e7uat n\u00eb Dib\u00ebr dhe e shk\u00ebrmoq\u00ebt, tani keni mund\u00ebsin\u00eb t\u2019u tregoni qytetar\u00ebve q\u00eb e keni shum\u00eb seriozisht luft\u00ebn ndaj blerjes s\u00eb vot\u00ebs dhe manipulimit t\u00eb zgjedhjeve\u201d, tha Kalaja.<\/p>\n","protected":false},"excerpt":{"rendered":"<p>Kryetarja e Komisionit t\u00eb Apelimit n\u00eb Partin\u00eb Demokratike, Adriana Kalaja, ka dor\u00ebzuar sot n\u00eb SPAK nj\u00eb kall\u00ebzim penal kund\u00ebr prokurores Esmeralda Keshi. Sipas saj, kjo \u00ebsht\u00eb e nj\u00ebjta prokurore q\u00eb m\u00eb par\u00eb ka mbyllur dosjen e shum\u00ebp\u00ebrfolur 184, duke vepruar n\u00eb kund\u00ebrshtim me ligjin. Kalaja akuzon Keshin p\u00ebr veprime t\u00eb nj\u00ebanshme dhe t\u00eb urdh\u00ebruara politikisht, &hellip;<\/p>\n","protected":false},"author":4,"featured_media":105041,"comment_status":"closed","ping_status":"closed","sticky":false,"template":"","format":"standard","meta":{"footnotes":""},"categories":[37],"tags":[],"class_list":["post-105040","post","type-post","status-publish","format-standard","has-post-thumbnail","","category-politike"],"_links":{"self":[{"href":"https:\/\/rdnews.al\/index.php\/wp-json\/wp\/v2\/posts\/105040","targetHints":{"allow":["GET"]}}],"collection":[{"href":"https:\/\/rdnews.al\/index.php\/wp-json\/wp\/v2\/posts"}],"about":[{"href":"https:\/\/rdnews.al\/index.php\/wp-json\/wp\/v2\/types\/post"}],"author":[{"embeddable":true,"href":"https:\/\/rdnews.al\/index.php\/wp-json\/wp\/v2\/users\/4"}],"replies":[{"embeddable":true,"href":"https:\/\/rdnews.al\/index.php\/wp-json\/wp\/v2\/comments?post=105040"}],"version-history":[{"count":1,"href":"https:\/\/rdnews.al\/index.php\/wp-json\/wp\/v2\/posts\/105040\/revisions"}],"predecessor-version":[{"id":105042,"href":"https:\/\/rdnews.al\/index.php\/wp-json\/wp\/v2\/posts\/105040\/revisions\/105042"}],"wp:featuredmedia":[{"embeddable":true,"href":"https:\/\/rdnews.al\/index.php\/wp-json\/wp\/v2\/media\/105041"}],"wp:attachment":[{"href":"https:\/\/rdnews.al\/index.php\/wp-json\/wp\/v2\/media?parent=105040"}],"wp:term":[{"taxonomy":"category","embeddable":true,"href":"https:\/\/rdnews.al\/index.php\/wp-json\/wp\/v2\/categories?post=105040"},{"taxonomy":"post_tag","embeddable":true,"href":"https:\/\/rdnews.al\/index.php\/wp-json\/wp\/v2\/tags?post=105040"}],"curies":[{"name":"wp","href":"https:\/\/api.w.org\/{rel}","templated":true}]}}