{"id":105046,"date":"2025-02-19T11:12:40","date_gmt":"2025-02-19T11:12:40","guid":{"rendered":"https:\/\/rdnews.al\/?p=105046"},"modified":"2025-02-19T11:12:40","modified_gmt":"2025-02-19T11:12:40","slug":"spahia-vota-e-diaspores-me-11-maj-eshte-vendimtare-per-te-ardhmen-e-shqiperise","status":"publish","type":"post","link":"https:\/\/rdnews.al\/index.php\/2025\/02\/19\/spahia-vota-e-diaspores-me-11-maj-eshte-vendimtare-per-te-ardhmen-e-shqiperise\/","title":{"rendered":"Spahia: Vota e diaspor\u00ebs me 11 Maj \u00ebsht\u00eb vendimtare p\u00ebr t\u00eb ardhmen e Shqip\u00ebris\u00eb!"},"content":{"rendered":"<p>Ish-kryetari i Bashkis\u00eb Shkod\u00ebr, Bardh Spahia, p\u00ebrmes nj\u00eb postimi n\u00eb Facebook, ka ndar\u00eb video nga takimi i radh\u00ebs me qytetar\u00ebt shqiptar\u00eb\u00a0teksa\u00a0b\u00ebn thirrje se k\u00ebto zgjedhje jan\u00eb nj\u00eb mund\u00ebsi historike p\u00ebr t\u2019i dh\u00ebn\u00eb fund krimit e korrupsionit dhe p\u00ebr t\u00eb rikthyer qeverisjen n\u00eb sh\u00ebrbim t\u00eb tyre.<\/p>\n<p><strong>\u201c<\/strong>Vota e diaspor\u00ebs me 11 Maj \u00ebsht\u00eb vendimtare p\u00ebr t\u00eb ardhmen e Shqip\u00ebris\u00eb!<\/p>\n<p>K\u00ebto zgjedhje jan\u00eb nj\u00eb mund\u00ebsi historike p\u00ebr ti dh\u00ebn\u00eb fund krimit e korrupsionit dhe p\u00ebr t\u00eb rikthyer qeverisjen n\u00eb sh\u00ebrbim t\u00eb qytetar\u00ebve.<\/p>\n<p>P\u00ebr ne emigrant\u00ebt nuk jan\u00eb numra si\u00e7 i konsideron Edi Rama por kontributor\u00ebt kryesor n\u00eb ekonomin\u00eb e vendit. Me \u00e7do shqip\u00ebtar ne kemi nj\u00eb kontrat\u00eb, na jepni besimin dhe bashk\u00eb do ta ndryshojm\u00eb dhe zhvillojm\u00eb Shqip\u00ebrin\u00eb\u201d, shkruan Spahia.<\/p>\n<p><iframe loading=\"lazy\" style=\"border: none; overflow: hidden;\" src=\"https:\/\/www.facebook.com\/plugins\/video.php?height=476&amp;href=https%3A%2F%2Fwww.facebook.com%2Fbardhspahia%2Fvideos%2F4149055975330192%2F&amp;show_text=false&amp;width=267&amp;t=0\" width=\"267\" height=\"476\" frameborder=\"0\" scrolling=\"no\" allowfullscreen=\"allowfullscreen\"><\/iframe><\/p>\n","protected":false},"excerpt":{"rendered":"<p>Ish-kryetari i Bashkis\u00eb Shkod\u00ebr, Bardh Spahia, p\u00ebrmes nj\u00eb postimi n\u00eb Facebook, ka ndar\u00eb video nga takimi i radh\u00ebs me qytetar\u00ebt shqiptar\u00eb\u00a0teksa\u00a0b\u00ebn thirrje se k\u00ebto zgjedhje jan\u00eb nj\u00eb mund\u00ebsi historike p\u00ebr t\u2019i dh\u00ebn\u00eb fund krimit e korrupsionit dhe p\u00ebr t\u00eb rikthyer qeverisjen n\u00eb sh\u00ebrbim t\u00eb tyre. \u201cVota e diaspor\u00ebs me 11 Maj \u00ebsht\u00eb vendimtare p\u00ebr t\u00eb &hellip;<\/p>\n","protected":false},"author":4,"featured_media":105047,"comment_status":"closed","ping_status":"closed","sticky":false,"template":"","format":"standard","meta":{"footnotes":""},"categories":[37],"tags":[],"class_list":["post-105046","post","type-post","status-publish","format-standard","has-post-thumbnail","","category-politike"],"_links":{"self":[{"href":"https:\/\/rdnews.al\/index.php\/wp-json\/wp\/v2\/posts\/105046","targetHints":{"allow":["GET"]}}],"collection":[{"href":"https:\/\/rdnews.al\/index.php\/wp-json\/wp\/v2\/posts"}],"about":[{"href":"https:\/\/rdnews.al\/index.php\/wp-json\/wp\/v2\/types\/post"}],"author":[{"embeddable":true,"href":"https:\/\/rdnews.al\/index.php\/wp-json\/wp\/v2\/users\/4"}],"replies":[{"embeddable":true,"href":"https:\/\/rdnews.al\/index.php\/wp-json\/wp\/v2\/comments?post=105046"}],"version-history":[{"count":1,"href":"https:\/\/rdnews.al\/index.php\/wp-json\/wp\/v2\/posts\/105046\/revisions"}],"predecessor-version":[{"id":105048,"href":"https:\/\/rdnews.al\/index.php\/wp-json\/wp\/v2\/posts\/105046\/revisions\/105048"}],"wp:featuredmedia":[{"embeddable":true,"href":"https:\/\/rdnews.al\/index.php\/wp-json\/wp\/v2\/media\/105047"}],"wp:attachment":[{"href":"https:\/\/rdnews.al\/index.php\/wp-json\/wp\/v2\/media?parent=105046"}],"wp:term":[{"taxonomy":"category","embeddable":true,"href":"https:\/\/rdnews.al\/index.php\/wp-json\/wp\/v2\/categories?post=105046"},{"taxonomy":"post_tag","embeddable":true,"href":"https:\/\/rdnews.al\/index.php\/wp-json\/wp\/v2\/tags?post=105046"}],"curies":[{"name":"wp","href":"https:\/\/api.w.org\/{rel}","templated":true}]}}