{"id":105060,"date":"2025-02-19T11:49:43","date_gmt":"2025-02-19T11:49:43","guid":{"rendered":"https:\/\/rdnews.al\/?p=105060"},"modified":"2025-02-19T11:49:46","modified_gmt":"2025-02-19T11:49:46","slug":"berisha-ftoj-fbi-ne-te-hetoje-abuzimin-me-fondet-e-usaid-ne-do-bejme-nje-audit-te-plote","status":"publish","type":"post","link":"https:\/\/rdnews.al\/index.php\/2025\/02\/19\/berisha-ftoj-fbi-ne-te-hetoje-abuzimin-me-fondet-e-usaid-ne-do-bejme-nje-audit-te-plote\/","title":{"rendered":"Berisha: Ftoj FBI-n\u00eb t\u00eb hetoj\u00eb abuzimin me fondet e USAID, ne do b\u00ebjm\u00eb nj\u00eb audit t\u00eb plot\u00eb!"},"content":{"rendered":"<p>Kreu i PD, Sali Berisha ka vijuar akuzat e tij ndaj qeveris\u00eb Rama, duke e cil\u00ebsuar Shqip\u00ebrin\u00eb si nj\u00eb nga vendet kryesore n\u00eb skem\u00ebn e shp\u00ebrdorimit t\u00eb fondeve nd\u00ebrkomb\u00ebtare. Ai deklaroi se parat\u00eb e taksapaguesve amerikan\u00eb jan\u00eb p\u00ebrdorur p\u00ebr pasurimin e elitave t\u00eb majta dhe p\u00ebr kapjen e sistemit t\u00eb drejt\u00ebsis\u00eb.<br \/>\nN\u00eb m\u00ebnyr\u00eb t\u00eb ve\u00e7ant\u00eb, ai akuzoi Delina Ficon, ish-bashk\u00ebjetuesen e Edi Ram\u00ebs dhe partneren aktuale t\u00eb ministrit Blendi \u00c7u\u00e7i, p\u00ebr p\u00ebrfitime t\u00eb paligjshme nga fondet e USAID-it.<br \/>\n\u201cPor n\u00eb hierarkin\u00eb e shp\u00ebrdorimit t\u00eb fondeve t\u00eb taksapaguesve amerikan\u00eb dhe pasurimit t\u00eb elitave t\u00eb ekstremit t\u00eb majt\u00eb n\u00eb vende t\u00eb ndryshme t\u00eb bot\u00ebs, Shqip\u00ebria nxin sterr\u00eb edhe me figur\u00ebn e lubis\u00eb num\u00ebr 2, e cila quhet Delina Fico.<br \/>\nDelina Fico, bashk\u00ebjetuesja aktuale e ministrit \u00c7u\u00e7i, dhe ish-bashk\u00ebjetuesja e Edi Ram\u00ebs, ka marr\u00eb shuma p\u00ebrrallore me projekte antikushtuese dhe antiligjore nga USAID-i p\u00ebr pasurimin e saj dhe kapjen e sistemit t\u00eb drejt\u00ebsis\u00eb kryek\u00ebput nga Rama dhe enturazhi i tij.<br \/>\nLubia num\u00ebr 2 apo Delina Fico me k\u00ebshilltar\u00ebt ligjor\u00eb q\u00eb kompania e saj n\u00eb kund\u00ebrshtim me Kushtetut\u00ebn dhe ligjet, ka afruar Gjykat\u00ebs s\u00eb Lart\u00eb dhe sistemit t\u00eb drejt\u00ebsis\u00eb, ka gllab\u00ebruar nga fondet e USAID-it dhjet\u00eb milion\u00eb euro.<br \/>\nDhe p\u00ebr vete rroga dy her\u00eb m\u00eb e madhe se sa e ambasadorit t\u00eb SHBA n\u00eb Shqip\u00ebri.<br \/>\nUn\u00eb e kuptoj se ata q\u00eb kan\u00eb vendosur k\u00ebt\u00eb censur\u00eb t\u00eb tmerrshme mbi vjedhjet, shp\u00ebrdorimin dhe abuzimin e fondeve nga grat\u00eb e narkoqeveris\u00eb, do shp\u00ebrndajn\u00eb lajmin se un\u00eb po merrem me grat\u00eb e tyre.<br \/>\nJo, un\u00eb nuk po merrem me asgj\u00eb tjet\u00ebr ve\u00e7se me fondet e taksapaguesve amerikan\u00eb q\u00eb jan\u00eb shp\u00ebrdoruar n\u00eb m\u00ebnyr\u00eb t\u00eb tmerrshme dhe p\u00ebrgjegj\u00ebsi direkte kan\u00eb Edi Rama, Blendi \u00c7u\u00e7i.<br \/>\nPo k\u00ebshtu Velica. Velica me Harabelin e saj merr dhjet\u00ebra mij\u00ebra euro nga ambasada e SHBA dhe dhjet\u00ebra mij\u00ebra euro nga BE p\u00ebr ngjarje q\u00eb nuk i b\u00ebn fare.<br \/>\nPra, ata t\u00eb cil\u00ebt i angazhojn\u00eb grat\u00eb e tyre p\u00ebr t\u00eb vjedhur dhe shp\u00ebrdoruar fondet, ata jan\u00eb hajdut\u00ebt m\u00eb amoral\u00eb mbi tok\u00eb.<br \/>\nNdaj dhe, duke d\u00ebnuar censur\u00ebn q\u00eb po aplikohet n\u00eb Shqip\u00ebri nga mediat e qeveris\u00eb, n\u00eb nj\u00eb koh\u00eb kur Shqip\u00ebria nxin n\u00eb mediat e SHBA dhe n\u00eb deklaratat e zyrtar\u00ebve t\u00eb lart\u00eb citohet e para, se ku kan\u00eb shkuar.<br \/>\nDhe nuk po ndalem k\u00ebtu se e k\u00ebtij sekti \u00ebsht\u00eb edhe Milva. Po jan\u00eb shum\u00eb. Blendi Gonxhja. Jan\u00eb shum\u00eb ata.<br \/>\nPo k\u00ebta jan\u00eb m\u00eb pak se ato t\u00eb parat.<br \/>\nSe edhe k\u00ebta i kan\u00eb futur f\u00ebmij\u00ebt. Po, po.<br \/>\nPra, k\u00ebtu prokurori nuk ka se \u00ebsht\u00eb e t\u00ebra n\u00ebn kontroll politik.<br \/>\nSepse nj\u00eb prokurori e v\u00ebrtet\u00eb, e bazuar dhe e varur nga ligji, me urgjenc\u00eb do kishte hetuar k\u00ebto akte t\u00eb r\u00ebnda.<br \/>\nPo nuk hetohen, p\u00ebrkundrazi k\u00ebto mbrohen nga Edi Rama sikund\u00ebr mbrohet \u00e7do vjedhje e lidhur me t\u00eb.<br \/>\nNdaj dhe i b\u00ebj thirrje FBI-s\u00eb t\u00eb nd\u00ebrmarr\u00eb nj\u00eb hetim me p\u00ebrpar\u00ebsi n\u00eb Shqip\u00ebri p\u00ebr t\u00eb nxjerr\u00eb t\u00eb gjitha shp\u00ebrdorimet e m\u00ebdha n\u00eb nivelin m\u00eb t\u00eb lart\u00eb qeveritar t\u00eb Shqip\u00ebris\u00eb me parat\u00eb e taksapaguesve amerikan\u00eb.<br \/>\nFtoj Edi Ram\u00ebn, q\u00eb ka shkallmuar si\u00e7 e shihni ju dhe nga m\u00ebngjesi gjer n\u00eb dark\u00eb, n\u00eb nj\u00eb llogare t\u00eb pakontrolluar, flet p\u00ebr\u00e7art korr e mos lidh, t\u2019u thot\u00eb shqiptar\u00ebve p\u00ebr k\u00ebto akuza t\u00eb r\u00ebnda komb\u00ebtare dhe nd\u00ebrkomb\u00ebtare, q\u00eb e nxijn\u00eb imazhin e Shqip\u00ebris\u00eb.<br \/>\nKa th\u00ebn\u00eb ai nj\u00eb fjal\u00eb t\u00eb vetme p\u00ebr k\u00ebto? Asnj\u00eb fjal\u00eb&#8230;<br \/>\nGarantoj qytetar\u00ebt shqiptar\u00eb se nj\u00eb audit i plot\u00eb me ndihm\u00ebn e ekspert\u00ebve m\u00eb t\u00eb mir\u00eb shqiptar\u00eb dhe amerikan\u00eb do b\u00ebhet lidhur me t\u00eb gjitha k\u00ebto abuzime dhe se p\u00ebrgjegj\u00ebsit do marrin nd\u00ebshkimin m\u00eb t\u00eb merituar ligjor\u201d, u shpreh Berisha.<\/p>\n","protected":false},"excerpt":{"rendered":"<p>Kreu i PD, Sali Berisha ka vijuar akuzat e tij ndaj qeveris\u00eb Rama, duke e cil\u00ebsuar Shqip\u00ebrin\u00eb si nj\u00eb nga vendet kryesore n\u00eb skem\u00ebn e shp\u00ebrdorimit t\u00eb fondeve nd\u00ebrkomb\u00ebtare. Ai deklaroi se parat\u00eb e taksapaguesve amerikan\u00eb jan\u00eb p\u00ebrdorur p\u00ebr pasurimin e elitave t\u00eb majta dhe p\u00ebr kapjen e sistemit t\u00eb drejt\u00ebsis\u00eb. N\u00eb m\u00ebnyr\u00eb t\u00eb ve\u00e7ant\u00eb, &hellip;<\/p>\n","protected":false},"author":4,"featured_media":105061,"comment_status":"closed","ping_status":"closed","sticky":false,"template":"","format":"standard","meta":{"footnotes":""},"categories":[37],"tags":[],"class_list":["post-105060","post","type-post","status-publish","format-standard","has-post-thumbnail","","category-politike"],"_links":{"self":[{"href":"https:\/\/rdnews.al\/index.php\/wp-json\/wp\/v2\/posts\/105060","targetHints":{"allow":["GET"]}}],"collection":[{"href":"https:\/\/rdnews.al\/index.php\/wp-json\/wp\/v2\/posts"}],"about":[{"href":"https:\/\/rdnews.al\/index.php\/wp-json\/wp\/v2\/types\/post"}],"author":[{"embeddable":true,"href":"https:\/\/rdnews.al\/index.php\/wp-json\/wp\/v2\/users\/4"}],"replies":[{"embeddable":true,"href":"https:\/\/rdnews.al\/index.php\/wp-json\/wp\/v2\/comments?post=105060"}],"version-history":[{"count":1,"href":"https:\/\/rdnews.al\/index.php\/wp-json\/wp\/v2\/posts\/105060\/revisions"}],"predecessor-version":[{"id":105062,"href":"https:\/\/rdnews.al\/index.php\/wp-json\/wp\/v2\/posts\/105060\/revisions\/105062"}],"wp:featuredmedia":[{"embeddable":true,"href":"https:\/\/rdnews.al\/index.php\/wp-json\/wp\/v2\/media\/105061"}],"wp:attachment":[{"href":"https:\/\/rdnews.al\/index.php\/wp-json\/wp\/v2\/media?parent=105060"}],"wp:term":[{"taxonomy":"category","embeddable":true,"href":"https:\/\/rdnews.al\/index.php\/wp-json\/wp\/v2\/categories?post=105060"},{"taxonomy":"post_tag","embeddable":true,"href":"https:\/\/rdnews.al\/index.php\/wp-json\/wp\/v2\/tags?post=105060"}],"curies":[{"name":"wp","href":"https:\/\/api.w.org\/{rel}","templated":true}]}}