{"id":105164,"date":"2025-02-20T10:44:36","date_gmt":"2025-02-20T10:44:36","guid":{"rendered":"https:\/\/rdnews.al\/?p=105164"},"modified":"2025-02-20T10:54:13","modified_gmt":"2025-02-20T10:54:13","slug":"rama-ndjen-eren-e-prangave-nxjerr-me-dhune-punonjesit-e-bashkise-ne-proteste","status":"publish","type":"post","link":"https:\/\/rdnews.al\/index.php\/2025\/02\/20\/rama-ndjen-eren-e-prangave-nxjerr-me-dhune-punonjesit-e-bashkise-ne-proteste\/","title":{"rendered":"Rama ndjen er\u00ebn e prangave, nxjerr me dhun\u00eb punonj\u00ebsit e Bashkis\u00eb n\u00eb protest\u00eb"},"content":{"rendered":"<p>Rama ka paralajm\u00ebruar st nj\u00eb protest\u00eb ara Bashkis\u00eb. Q\u00eb n\u00eb or\u00ebt e aat\u00eb m\u00ebngjesit unonj\u00ebsit e Bashkis\u00eb jan\u00eb detyruar me dhun\u00eb t\u00eb mblidhen n\u00eb k\u00ebt\u00eb protest\u00eb para Bashkis\u00eb n\u00eb or\u00ebn 15.30 .<\/p>\n<p>Alibia e protest\u00ebs \u00ebsht\u00eb arrestimi i Veliajt, por n\u00eb t\u00eb v\u00ebrtet\u00eb organizatori i protest\u00ebs, Rama, \u00a0po e th\u00ebrret protest\u00ebn pasi ka ndjer\u00eb er\u00ebn e prangave p\u00ebr veten e tij.<\/p>\n<p>Pas arrestimit t\u00eb kryetarit t\u00eb Bashkis\u00eb s\u00eb Tiran\u00ebs, Erion Veliaj, n\u00ebn akuzat p\u00ebr korrupsion, Kryeministri Edi Rama ka njoftuar nj\u00eb mbledhje emergjente me punonj\u00ebsit e bashkis\u00eb n\u00eb sheshin \u201cSk\u00ebnderbej\u201d sot n\u00eb or\u00ebn 16:30.<\/p>\n<p>M\u00eb von\u00eb kreu i qeveris\u00eb do t\u00eb takohet me k\u00ebshilltar\u00ebt e Partis\u00eb Socialist\u00eb n\u00eb K\u00ebshillin Bashkiak t\u00eb Tiran\u00ebs.<\/p>\n","protected":false},"excerpt":{"rendered":"<p>Rama ka paralajm\u00ebruar st nj\u00eb protest\u00eb ara Bashkis\u00eb. Q\u00eb n\u00eb or\u00ebt e aat\u00eb m\u00ebngjesit unonj\u00ebsit e Bashkis\u00eb jan\u00eb detyruar me dhun\u00eb t\u00eb mblidhen n\u00eb k\u00ebt\u00eb protest\u00eb para Bashkis\u00eb n\u00eb or\u00ebn 15.30 . Alibia e protest\u00ebs \u00ebsht\u00eb arrestimi i Veliajt, por n\u00eb t\u00eb v\u00ebrtet\u00eb organizatori i protest\u00ebs, Rama, \u00a0po e th\u00ebrret protest\u00ebn pasi ka ndjer\u00eb er\u00ebn &hellip;<\/p>\n","protected":false},"author":3,"featured_media":105165,"comment_status":"closed","ping_status":"closed","sticky":false,"template":"","format":"standard","meta":{"footnotes":""},"categories":[37],"tags":[],"class_list":["post-105164","post","type-post","status-publish","format-standard","has-post-thumbnail","","category-politike"],"_links":{"self":[{"href":"https:\/\/rdnews.al\/index.php\/wp-json\/wp\/v2\/posts\/105164","targetHints":{"allow":["GET"]}}],"collection":[{"href":"https:\/\/rdnews.al\/index.php\/wp-json\/wp\/v2\/posts"}],"about":[{"href":"https:\/\/rdnews.al\/index.php\/wp-json\/wp\/v2\/types\/post"}],"author":[{"embeddable":true,"href":"https:\/\/rdnews.al\/index.php\/wp-json\/wp\/v2\/users\/3"}],"replies":[{"embeddable":true,"href":"https:\/\/rdnews.al\/index.php\/wp-json\/wp\/v2\/comments?post=105164"}],"version-history":[{"count":2,"href":"https:\/\/rdnews.al\/index.php\/wp-json\/wp\/v2\/posts\/105164\/revisions"}],"predecessor-version":[{"id":105167,"href":"https:\/\/rdnews.al\/index.php\/wp-json\/wp\/v2\/posts\/105164\/revisions\/105167"}],"wp:featuredmedia":[{"embeddable":true,"href":"https:\/\/rdnews.al\/index.php\/wp-json\/wp\/v2\/media\/105165"}],"wp:attachment":[{"href":"https:\/\/rdnews.al\/index.php\/wp-json\/wp\/v2\/media?parent=105164"}],"wp:term":[{"taxonomy":"category","embeddable":true,"href":"https:\/\/rdnews.al\/index.php\/wp-json\/wp\/v2\/categories?post=105164"},{"taxonomy":"post_tag","embeddable":true,"href":"https:\/\/rdnews.al\/index.php\/wp-json\/wp\/v2\/tags?post=105164"}],"curies":[{"name":"wp","href":"https:\/\/api.w.org\/{rel}","templated":true}]}}