{"id":105174,"date":"2025-02-20T11:36:11","date_gmt":"2025-02-20T11:36:11","guid":{"rendered":"https:\/\/rdnews.al\/?p=105174"},"modified":"2025-02-20T11:36:11","modified_gmt":"2025-02-20T11:36:11","slug":"mitingu-i-rames-kellici-nepunesit-te-distancohen-nga-kjo-lajthitje-e-kreut-te-narkoshtetit","status":"publish","type":"post","link":"https:\/\/rdnews.al\/index.php\/2025\/02\/20\/mitingu-i-rames-kellici-nepunesit-te-distancohen-nga-kjo-lajthitje-e-kreut-te-narkoshtetit\/","title":{"rendered":"Mitingu i Ram\u00ebs\/ K\u00eblli\u00e7i: N\u00ebpun\u00ebsit t\u00eb distancohen nga kjo lajthitje e kreut t\u00eb narkoshtetit!"},"content":{"rendered":"<p>Drejtuesi politik i PD p\u00ebr Tiran\u00ebn, Belind K\u00eblli\u00e7i, ka reaguar pas thirrje nga kreu i qeveris\u00eb t\u00eb nj\u00eb mitingu t\u00eb administrat\u00ebs jo vet\u00ebm t\u00eb bashkis\u00eb n\u00eb qend\u00ebr t\u00eb Tiran\u00ebs.<\/p>\n<p>\u201cFtojm\u00eb \u00e7do n\u00ebpun\u00ebs t\u00eb Administrat\u00ebs Publike, t\u00eb distancohet nga kjo lajthitje e kreut t\u00eb narkoshtetit t\u00eb par\u00eb t\u00eb Europ\u00ebs\u201d, shkruan K\u00eblli\u00e7i ne nj\u00eb sh\u00ebnim n\u00eb facebook.<\/p>\n<p><strong>Reagimi <\/strong><\/p>\n<p>Ngjarje e paprecedent\u00eb!<\/p>\n<p>Edi Rama, tashm\u00eb si kryebashkiak i Tiran\u00ebs, organizon sot n\u00eb or\u00ebn 16:30, miting kund\u00ebr drejt\u00ebsis\u00eb!<\/p>\n<p>Ftojm\u00eb \u00e7do n\u00ebpun\u00ebs t\u00eb Administrat\u00ebs Publike, t\u00eb distancohet nga kjo lajthitje e kreut t\u00eb narkoshtetit t\u00eb par\u00eb t\u00eb Europ\u00ebs!<\/p>\n","protected":false},"excerpt":{"rendered":"<p>Drejtuesi politik i PD p\u00ebr Tiran\u00ebn, Belind K\u00eblli\u00e7i, ka reaguar pas thirrje nga kreu i qeveris\u00eb t\u00eb nj\u00eb mitingu t\u00eb administrat\u00ebs jo vet\u00ebm t\u00eb bashkis\u00eb n\u00eb qend\u00ebr t\u00eb Tiran\u00ebs. \u201cFtojm\u00eb \u00e7do n\u00ebpun\u00ebs t\u00eb Administrat\u00ebs Publike, t\u00eb distancohet nga kjo lajthitje e kreut t\u00eb narkoshtetit t\u00eb par\u00eb t\u00eb Europ\u00ebs\u201d, shkruan K\u00eblli\u00e7i ne nj\u00eb sh\u00ebnim n\u00eb facebook. &hellip;<\/p>\n","protected":false},"author":4,"featured_media":105159,"comment_status":"closed","ping_status":"closed","sticky":false,"template":"","format":"standard","meta":{"footnotes":""},"categories":[37],"tags":[],"class_list":["post-105174","post","type-post","status-publish","format-standard","has-post-thumbnail","","category-politike"],"_links":{"self":[{"href":"https:\/\/rdnews.al\/index.php\/wp-json\/wp\/v2\/posts\/105174","targetHints":{"allow":["GET"]}}],"collection":[{"href":"https:\/\/rdnews.al\/index.php\/wp-json\/wp\/v2\/posts"}],"about":[{"href":"https:\/\/rdnews.al\/index.php\/wp-json\/wp\/v2\/types\/post"}],"author":[{"embeddable":true,"href":"https:\/\/rdnews.al\/index.php\/wp-json\/wp\/v2\/users\/4"}],"replies":[{"embeddable":true,"href":"https:\/\/rdnews.al\/index.php\/wp-json\/wp\/v2\/comments?post=105174"}],"version-history":[{"count":1,"href":"https:\/\/rdnews.al\/index.php\/wp-json\/wp\/v2\/posts\/105174\/revisions"}],"predecessor-version":[{"id":105175,"href":"https:\/\/rdnews.al\/index.php\/wp-json\/wp\/v2\/posts\/105174\/revisions\/105175"}],"wp:featuredmedia":[{"embeddable":true,"href":"https:\/\/rdnews.al\/index.php\/wp-json\/wp\/v2\/media\/105159"}],"wp:attachment":[{"href":"https:\/\/rdnews.al\/index.php\/wp-json\/wp\/v2\/media?parent=105174"}],"wp:term":[{"taxonomy":"category","embeddable":true,"href":"https:\/\/rdnews.al\/index.php\/wp-json\/wp\/v2\/categories?post=105174"},{"taxonomy":"post_tag","embeddable":true,"href":"https:\/\/rdnews.al\/index.php\/wp-json\/wp\/v2\/tags?post=105174"}],"curies":[{"name":"wp","href":"https:\/\/api.w.org\/{rel}","templated":true}]}}