{"id":105280,"date":"2025-02-21T09:37:03","date_gmt":"2025-02-21T09:37:03","guid":{"rendered":"https:\/\/rdnews.al\/?p=105280"},"modified":"2025-02-21T09:37:03","modified_gmt":"2025-02-21T09:37:03","slug":"tirana-eshte-amaneti-im","status":"publish","type":"post","link":"https:\/\/rdnews.al\/index.php\/2025\/02\/21\/tirana-eshte-amaneti-im\/","title":{"rendered":"Tirana \u00ebsht\u00eb Amaneti im!"},"content":{"rendered":"<p><strong>Nga Alba KEPI<\/strong><\/p>\n<p>Tirana nuk \u00ebsht\u00eb nj\u00eb optional p\u00ebr ul\u00ebse parlamenti se ka m\u00eb shum\u00eb vende n\u00eb kuvend se cdo qytet tjet\u00ebr, por \u00ebsht\u00eb Amanet!<\/p>\n<p>Tirana \u00ebsht\u00eb Amaneti im!<\/p>\n<p>Tirana \u00ebsht\u00eb Zoti im!<\/p>\n<p>Iu p\u00ebrgjigja thirrjes s\u00eb Hafiz Ibrahim Dalliut q\u00eb nj\u00eb shekull m\u00eb par\u00eb kur Shqip\u00ebria qe n\u00eb rrezik ekzistence e kombi gati n\u00eb zhdukje, shkruajti librin amanet \u201cPatriotizma n\u00eb Tiran\u00eb\u201d q\u00eb me fuqin\u00eb e Dajtit e past\u00ebrtin\u00eb e lumit t\u00eb Riglat\u00ebs osh\u00ebtiu n\u00eb cdo familje autoktone; \u201cT\u00eb jesh patriot do t\u00eb thot\u00eb t\u00eb jesh shqiptar\u201d.<\/p>\n<p>Iu p\u00ebrgjigja amanetit t\u00eb st\u00ebrgjyshit Martir e Nder i Kombit, pushkatuar n\u00eb prag t\u00eb port\u00ebs se qe nacionalist, atdhetar e antikomunist, n\u00eb ato dit\u00eb t\u00eb terrorit m\u00eb dramatik q\u00eb jetoi qyteti im Tiran\u00eb.<\/p>\n<p>Iu p\u00ebrgjigja misionit besimtar t\u00eb st\u00ebrgjyshit tjet\u00ebr m\u00ebsues, klerik, filantrop e patriot, emrin e t\u00eb cilit mban rruga e lagjes time, e q\u00eb jet\u00ebn ia dedikoi gjuh\u00ebs shqipe e personave n\u00eb nevoj\u00eb.<\/p>\n<p>Iu p\u00ebrgjigja dhimbjes s\u00eb tim gjyshi me mbi 12 vite burg q\u00eb tim at\u00eb e la 6 vjec dhe e gjeti burr\u00eb mes nj\u00eb lum\u00eb hallesh ku internimi e persekutim komunist zhyti familjen time.<\/p>\n<p>Iu p\u00ebrgjigja dhimbjes s\u00eb familjes q\u00eb nd\u00ebrsa komunizmi I grabiti pronat, sht\u00ebpit\u00eb, pasurin\u00eb, nuk iu p\u00ebrkul dinjiteti, por m\u00eb formoi cdo or\u00eb e dit\u00eb t\u00eb jet\u00ebs p\u00ebr t\u00eb qen\u00eb antikomuniste.<\/p>\n<p>Iu p\u00ebrgjigja dosjeve t\u00eb pronave mbi gjoksin e gjysh\u00ebrve e tim ati q\u00eb u larguan nga kjo jet\u00eb pa I g\u00ebzuar se nj\u00eb tjer\u00ebr dikatur\u00eb e quajtur klienti strategjik po ia vidhte dita dit\u00ebs me ligje VKM e para kokaine.<\/p>\n<p>Iu p\u00ebrgjigja syve t\u00eb grave t\u00eb sht\u00ebpis\u00eb time q\u00eb m\u00eb edukuan t\u00eb jem e lumtur ne realitetin tim se mes atyre e meje ka ndryshim thelb\u00ebsor identiteti; un\u00eb i p\u00ebrkas qytetit tim e ata jan\u00eb pushtuesit e shkat\u00ebrruesit e tij.<\/p>\n<p>Iu p\u00ebrgjigja qytetit tim p\u00ebr t\u00eb cilin kam nisur t\u00eb shkruaj qysh 18 vjece n\u00eb nderim t\u00eb figurave patriotike, historis\u00eb e identitetit t\u00eb tij t\u00eb manipuluar q\u00ebllimisht.<\/p>\n<p>Iu p\u00ebrgjigja profesionit tim historiane e gazetare, shkrimtare e analiste q\u00eb ka si mision t\u00eb v\u00ebrtet\u00ebn.<\/p>\n<p>Prej gati 15 vite p\u00ebrcolla kauzat e skandalet m\u00eb t\u00eb m\u00ebdha t\u00eb qeverisjes socialiste q\u00eb vijojn\u00eb t\u00eb jen\u00eb sot flamujt e betej\u00ebs m\u00eb t\u00eb fort\u00eb opozitare.<\/p>\n<p>Skafet me drog\u00eb, n\u00ebndet\u00ebset me kokain\u00eb, mbetjet e ecomafias, operacioni \u201cRosa dei Venti\u201d, raportet e intervista eskluzive me krer\u00ebt m\u00eb t\u00eb lart\u00eb t\u00eb antikrimit, antidrog\u00ebs, financ\u00ebs, antimafias europiane, operacioni \u201cBrasile lo\u00eb cost\u201d, \u201cIsola Scaligera\u201d, \u201cBasso profilo\u201d, \u201cMafia Capitale\u201d e me dhjetra t\u00eb tjera me emra e kode Sky Ecc e Encrochat, i p\u00ebrcolla p\u00ebr publikun shqiptar me misionin e s\u00eb v\u00ebrtet\u00ebs e zbardhjes s\u00eb nj\u00eb sistemi kriminal q\u00eb kish pushtuar Tiran\u00ebn e Shqip\u00ebrin\u00eb me lidhje mafioze, pun\u00ebmbaruesish e klient\u00ebsh q\u00eb vidhinin Shqip\u00ebrin\u00eb e pasuronin qverisjen socialiste.<\/p>\n<p>Iu p\u00ebrgjigja momenteve dramatike t\u00eb f\u00ebmij\u00ebve t\u00eb mi q\u00eb nd\u00ebrsa raportoja emra ministrash e politikan\u00ebsh, bij\u00ebsh e dashnor\u00eb t\u00eb tyre q\u00eb kryenin aktivitete ilegale mes Shqip\u00ebris\u00eb e Italis\u00eb, nuk m\u00eb p\u00ebrkul\u00ebn por u b\u00ebn mbuorj\u00eb me trupat e tyre.<\/p>\n<p>Iu p\u00ebrgjigja dhun\u00ebs verbale t\u00eb armikut t\u00eb brendsh\u00ebm, q\u00eb nga profesionin im ka frik\u00eb e me meskinitetin e lig\u00ebsis\u00eb sulmon n\u00eb misionin m\u00eb t\u00eb shenjt\u00eb t\u00eb v\u00ebrtet\u00ebn e pun\u00ebn p\u00ebr t\u00eb q\u00ebn\u00eb aty ku e v\u00ebrteta b\u00ebhet m\u00eb manipuluese.<\/p>\n<p>Iu p\u00ebrgjigja atyre vajzave e grave q\u00eb si un\u00eb nuk i p\u00ebrkasin rretheve rekomaduese politike e ekonomike q\u00eb me darka e fakefavore sigurojn\u00eb vende listash.<\/p>\n<p>Iu p\u00ebrgjigja demokrat\u00ebve q\u00eb si un\u00eb nuk pranojn\u00eb kompromisin me t\u00eb keqen e kur idealet vihen n\u00eb rrezik ishin e jan\u00eb t\u00eb par\u00ebt n\u00eb mbrojtje me riskun personal e proffesional, e nuk shfaqen \u201clast minute\u201d p\u00ebr t\u00eb rehatuar pangopshm\u00ebrine e pabesis\u00eb.<\/p>\n<p>Iu p\u00ebrgjgja banor\u00ebve t\u00eb thjesht\u00eb t\u00eb qytetit tim, t\u00eb lagjes time, q\u00eb nuk pranojn\u00eb komandime e rekomandime t\u00eb paskupullta vote e emrash p\u00ebr t\u00eb rehatuar unin e te ricikluarve.<\/p>\n<p>Iu p\u00ebrgjigja vot\u00ebs time q\u00eb ka qen\u00eb p\u00ebrher\u00eb blu e gjakut tim po blu se sic thot\u00eb nj\u00eb proverb tironas do shkoi bari n\u2019rronj\u00eb e nuk i besoj rronj\u00ebve shkurre q\u00eb mbijn\u00eb p\u00ebr t\u00eb prish oborrin.<\/p>\n<p>Iu p\u00ebrgjigja shpirtit t\u00eb tim ati q\u00eb m\u00eb formoi t\u00eb mos harroj kurr\u00eb dram\u00ebn komuniste t\u00eb qytetit tim, banor\u00ebve t\u00eb tij, historis\u00eb s\u00eb tij.<\/p>\n<p>Iu p\u00ebrgjigja mij\u00ebra emigrant\u00ebve q\u00eb si un\u00eb parajs\u00ebn, suksesin, meritat i kan\u00eb arritur me aft\u00ebsit\u00eb e tyre e jo fal\u00eb Partis\u00eb, politik\u00ebs o miqve t\u00eb familjes, por pun\u00ebn, formimin, suksesin e energjin\u00eb e tyre i vun\u00eb n\u00eb sh\u00ebrbim t\u00eb politik\u00ebs s\u00eb ndershme, ideologjis\u00eb s\u00eb djatht\u00eb me t\u00eb cil\u00ebn jan\u00eb formuar e Atdheut.<\/p>\n<p>Iu p\u00ebrgjigja merhamonit t\u00eb ijeve tironse t\u00eb bardha si bora n\u00eb Dajt e fisnike si Sahati e xhamia e E\u2019them Beut, q\u00eb m\u00eb m\u00ebsuan t\u00eb kem kok\u00ebn lart, t\u00eb jem krah\u00ebhap e buq\u00ebzeshur me besimin n\u00eb Zot se jan\u00eb ata por jemi dhe ne, besimtar\u00eb t\u00eb shpres\u00ebs, t\u00eb s\u00eb mir\u00ebs, t\u00eb s\u00eb drejt\u00ebs e etik\u00ebs qytetare, virtyteve e moralit t\u00eb familjes, gruas, vajz\u00ebs, demokratit, profesionistit, qytetarit e dinjitetit.<\/p>\n<p>Iu p\u00ebrgjigja n\u00ebn\u00ebs time e n\u00ebnave shqiptare q\u00eb pensioni nuk iu del as p\u00ebr ilace.<\/p>\n<p>Iu p\u00ebrgjigja koleg\u00ebve t\u00eb mi, gazetar\u00ebe profesionist\u00eb shqiptar\u00eb t\u00eb diaspor\u00ebs q\u00eb jetojn\u00eb cdo dit\u00eb gjyqe, censura, hij\u00ebzime e sulme nga Shqip\u00ebria se pushteti i autokracis\u00eb shqiptare ka shkuar dhe p\u00ebrtje kufirit.<\/p>\n<p>Iu p\u00ebrgjigja motr\u00ebs time dhe bashk\u00ebshortit tim, profesionsit\u00eb t\u00eb aft\u00eb q\u00eb kan\u00eb qene supi ku kam qar\u00eb e jam shfryr\u00eb nga padrejt\u00ebsit\u00eb, lodhja, fragjiliteti, mungesa e koh\u00ebs, e jeta e vrushme e realiteti i eg\u00ebr shqiptar me t\u00eb cilin nuk isha m\u00ebsuar.<\/p>\n<p>Iu p\u00ebrgjigja miqve t\u00eb mi, lexuesve t\u00eb mi, q\u00eb nuk m\u00eb kan\u00eb njohur sot n\u00eb rrjetet sociale por prej 3 dekadash kur m\u00eb rreshtat e mi gjejn\u00eb e lexojn\u00eb qart\u00eb idealin e s\u00eb drejt\u00ebs e liris\u00eb.<\/p>\n<p>Iu p\u00ebrgjigja atyre q\u00eb m\u00eb thon\u00eb \u201cmos u trego e mir\u00ebsjellur me t\u00eb gjith\u00eb se ta marrin si dob\u00ebsi e as kaq e p\u00ebrulur se kujtojn\u00eb se je posht\u00eb tyre.\u201d<\/p>\n<p>Por n\u00ebse mir\u00ebsjellja, kultura, etika, fjalori e sjellja e edukuar merret p\u00ebr dob\u00ebsi, jam e do jem po e till\u00eb p\u00ebr t\u2019i mbrojtur.<\/p>\n<p>Iu p\u00ebrgjigja mikeve t\u00eb mia, vajza e gra kurajoze, dinjitoze, plot vlera t\u00eb rralla q\u00eb m\u00eb mb\u00ebshtesin cdo hap e frym\u00ebzim njer\u00ebzor p\u00ebr mua.<\/p>\n<p>Iu p\u00ebrgjigja Alb\u00ebs, n\u00ebn\u00eb, vajz\u00eb, grua, bij\u00eb, tironse, besimtare, demokrate, q\u00eb ju thot\u00eb;<\/p>\n<p>Jan\u00eb ata t\u00eb \u201cfortit\u201d q\u00eb politik\u00ebn e vjelin duke sajuar jet\u00ebn e tyre, por jemi dhe ne t\u00eb fortit e jet\u00ebs s\u00eb v\u00ebrtet\u00eb e un\u00eb bashk\u00eb me ju, q\u00eb me pun\u00eb e dinjitet jemi v\u00ebn\u00eb n\u00eb sh\u00ebrbim t\u00eb idealeve t\u00eb s\u00eb djatht\u00ebs p\u00ebr t\u00eb luftuar rrezikun ku ndodhet sot Shqip\u00ebria;<\/p>\n<p>Atdheu \u00ebsht\u00eb n\u00eb rrezik e mbrohet me modele jete!<\/p>\n<p>Tirana nuk \u00ebsht\u00eb nj\u00eb optional p\u00ebr ul\u00ebse parlamenti se ka m\u00eb shum\u00eb vende n\u00eb kuvend, por Amanet!<\/p>\n<p>E, Tirana \u00ebsht\u00eb Amaneti im!<\/p>\n","protected":false},"excerpt":{"rendered":"<p>Nga Alba KEPI Tirana nuk \u00ebsht\u00eb nj\u00eb optional p\u00ebr ul\u00ebse parlamenti se ka m\u00eb shum\u00eb vende n\u00eb kuvend se cdo qytet tjet\u00ebr, por \u00ebsht\u00eb Amanet! Tirana \u00ebsht\u00eb Amaneti im! Tirana \u00ebsht\u00eb Zoti im! Iu p\u00ebrgjigja thirrjes s\u00eb Hafiz Ibrahim Dalliut q\u00eb nj\u00eb shekull m\u00eb par\u00eb kur Shqip\u00ebria qe n\u00eb rrezik ekzistence e kombi gati n\u00eb &hellip;<\/p>\n","protected":false},"author":4,"featured_media":105281,"comment_status":"closed","ping_status":"closed","sticky":false,"template":"","format":"standard","meta":{"footnotes":""},"categories":[44],"tags":[],"class_list":["post-105280","post","type-post","status-publish","format-standard","has-post-thumbnail","","category-editorial"],"_links":{"self":[{"href":"https:\/\/rdnews.al\/index.php\/wp-json\/wp\/v2\/posts\/105280","targetHints":{"allow":["GET"]}}],"collection":[{"href":"https:\/\/rdnews.al\/index.php\/wp-json\/wp\/v2\/posts"}],"about":[{"href":"https:\/\/rdnews.al\/index.php\/wp-json\/wp\/v2\/types\/post"}],"author":[{"embeddable":true,"href":"https:\/\/rdnews.al\/index.php\/wp-json\/wp\/v2\/users\/4"}],"replies":[{"embeddable":true,"href":"https:\/\/rdnews.al\/index.php\/wp-json\/wp\/v2\/comments?post=105280"}],"version-history":[{"count":1,"href":"https:\/\/rdnews.al\/index.php\/wp-json\/wp\/v2\/posts\/105280\/revisions"}],"predecessor-version":[{"id":105282,"href":"https:\/\/rdnews.al\/index.php\/wp-json\/wp\/v2\/posts\/105280\/revisions\/105282"}],"wp:featuredmedia":[{"embeddable":true,"href":"https:\/\/rdnews.al\/index.php\/wp-json\/wp\/v2\/media\/105281"}],"wp:attachment":[{"href":"https:\/\/rdnews.al\/index.php\/wp-json\/wp\/v2\/media?parent=105280"}],"wp:term":[{"taxonomy":"category","embeddable":true,"href":"https:\/\/rdnews.al\/index.php\/wp-json\/wp\/v2\/categories?post=105280"},{"taxonomy":"post_tag","embeddable":true,"href":"https:\/\/rdnews.al\/index.php\/wp-json\/wp\/v2\/tags?post=105280"}],"curies":[{"name":"wp","href":"https:\/\/api.w.org\/{rel}","templated":true}]}}