{"id":105288,"date":"2025-02-21T10:09:09","date_gmt":"2025-02-21T10:09:09","guid":{"rendered":"https:\/\/rdnews.al\/?p=105288"},"modified":"2025-02-21T10:09:09","modified_gmt":"2025-02-21T10:09:09","slug":"rama-njeriu-burg","status":"publish","type":"post","link":"https:\/\/rdnews.al\/index.php\/2025\/02\/21\/rama-njeriu-burg\/","title":{"rendered":"Rama, njeriu \u201cburg\u201d&#8230;"},"content":{"rendered":"<p>Nga\u00a0<strong>Boldnews.al<\/strong><\/p>\n<p>Kryeministri Edi Rama, njeriu q\u00eb e nisi qeverisjen e tij me shprehjen \u201cburg, burg, burg\u201d ndaj qytetar\u00ebve q\u00eb kapeshin me vjedhje t\u00eb energjis\u00eb elektrike p\u00ebr familjet e tyre ose p\u00ebr nd\u00ebrtim t\u00eb paligjsh\u00ebm gardhesh e avllish\u00eb, tashm\u00eb tregohet i shqet\u00ebsuar p\u00ebr politik\u00ebn e ashp\u00ebr penale t\u00eb prokuroris\u00eb dhe gjykatave.<\/p>\n<p>N\u00eb nj\u00eb nga deklaratat publike n\u00eb mbrojtje t\u00eb kryebashkiakut t\u00eb arrestuar t\u00eb Tiran\u00ebs, Erion Veliaj, shefi i qeveris\u00eb deklaroi se \u201c<em>Ne nuk mund t\u00eb pranojm\u00eb q\u00eb n\u00eb em\u00ebr t\u00eb pavar\u00ebsis\u00eb t\u00eb kap\u00ebrcehen fazat e hetimit dhe t\u00eb gjykimit dhe as nuk mund t\u00eb pranojm\u00eb q\u00eb n\u00eb em\u00ebr t\u00eb pavar\u00ebsis\u00eb paraburgimi t\u00eb b\u00ebhet faktikisht nj\u00eb norm\u00eb p\u00ebr t\u00eb kapur dhe ky\u00e7ur brenda pa gjyq k\u00ebdo qoft\u00eb<\/em>\u201d.<\/p>\n<p>Nd\u00ebrkoh\u00eb q\u00eb standarti q\u00eb p\u00ebrcjell aktualisht Rama \u00ebsht\u00eb ai i nj\u00eb normaliteti shoq\u00ebror, n\u00eb fakt, \u00ebsht\u00eb po vet\u00eb ai q\u00eb e theu k\u00ebt\u00eb standard demokratik, duke mbushur qelit\u00eb e paraburgimit me \u201cfakir\u00eb\u201d, me njer\u00ebz n\u00eb kulmin e varf\u00ebris\u00eb, t\u00eb cil\u00ebt provuan burgosjen vet\u00ebm pse tentonin t\u00eb gjenin nj\u00eb form\u00eb jo shum\u00eb normale p\u00ebr ndri\u00e7imin dhe ngrohjen e f\u00ebmij\u00ebve.<\/p>\n<p>N\u00eb tetor t\u00eb vitit 2014, Rama, i cili n\u00eb at\u00eb koh\u00eb kishte nj\u00eb vit n\u00eb qeverisje, shpalli \u201cplanin operacional\u201d p\u00ebr goditjen e paligjshm\u00ebris\u00eb n\u00eb vjedhjen e energjis\u00eb elektrike. Plani nisi t\u00eb zbatohej n\u00eb fund t\u00eb vitit 2014 dhe kulmin e kurb\u00ebs e arriti n\u00eb muajt e par\u00eb t\u00eb vitit 2015.<\/p>\n<p>P\u00ebr t\u00eb kuptuar situat\u00ebn e r\u00ebnd\u00eb q\u00eb krijoi plani \u201cburg-burg-burg\u201d i Edi Ram\u00ebs, mjafton si referenc\u00eb\u00a0<a href=\"https:\/\/www.avokatipopullit.gov.al\/media\/manager\/website\/reports\/RAPORTI%202015.pdf\" target=\"_blank\" rel=\"noopener\">Raporti<\/a>\u00a0Vjetor t\u00eb Avokatit t\u00eb Popullit p\u00ebr vitin 2015.<\/p>\n<p>\u201c<em>Gjat\u00eb muajve t\u00eb par\u00eb t\u00eb vitit 2015, organi i Policis\u00eb s\u00eb Shtetit ka kryer \u201carrestime n\u00eb flagranc\u00eb\u201d, p\u00ebr autor\u00eb t\u00eb dyshuar t\u00eb veprave penale t\u00eb vjedhjes s\u00eb energjis\u00eb elektrike, apo edhe t\u00eb kryerjes s\u00eb nd\u00ebrtimit t\u00eb paligjsh\u00ebm n\u00eb nj\u00eb num\u00ebr t\u00eb konsideruesh\u00ebm personash\u2026<\/em><\/p>\n<p><em>Ambientet e siguris\u00eb t\u00eb inspektuara n\u00eb organet e Policis\u00eb s\u00eb shtetit dhe ato t\u00eb IEVP-ve, kan\u00eb rezultuar t\u00eb tejmbushura n\u00eb dyfish t\u00eb kapacitetit t\u00eb tyre dhe n\u00eb to nuk siguroheshin standardet minimale t\u00eb nd\u00ebrkomb\u00ebtare p\u00ebr jetes\u00eb, gj\u00eb q\u00eb \u00e7on n\u00eb shkeljen e t\u00eb drejtave t\u00eb p\u00ebrsonave q\u00eb mbahen n\u00eb to\u201d,<\/em>\u00a0thuhet n\u00eb Raport.<\/p>\n<p>Bazuar n\u00eb situat\u00ebn e r\u00ebnd\u00eb, Avokati i Popullit i rekomandonte n\u00eb at\u00eb koh\u00eb Ministrit t\u00eb Brendsh\u00ebm, Drejtorit t\u00eb Policis\u00eb dhe Prokurorit t\u00eb P\u00ebrgjithsh\u00ebm q\u00eb t\u00eb aplikonin ndjekje penale n\u00eb gjendje t\u00eb lir\u00eb ose masa sigurimi m\u00eb t\u00eb buta se sa ajo e \u201carrestit me burg\u201d p\u00ebr autor\u00ebt e k\u00ebtyre veprave t\u00eb lehta penale.<\/p>\n<p>Por, ky rekomandim i Avokatit t\u00eb Popullit, thjesht u hodh n\u00eb kosh nga qeveria. P\u00ebr k\u00ebt\u00eb tregon Rekomandimi i K\u00ebshillit t\u00eb Ministrave p\u00ebr Prokurorin e P\u00ebrgjithsh\u00ebm p\u00ebr luft\u00ebn kund\u00ebr kriminalitetit n\u00eb vitin 2015, ku thuhet: \u201c<em>T\u00eb ashp\u00ebrsohen d\u00ebnimet p\u00ebr vepr\u00ebn penale t\u00eb vjedhjes s\u00eb energjis\u00eb elektrike<\/em>\u201d.<\/p>\n<p>Pasojat e k\u00ebsaj politike penale t\u00eb qeveris\u00eb mbi \u201cfakir\u00ebt\u201d, pati pasoja t\u00eb pariparueshme p\u00ebr shum\u00eb familje dhe, madje, n\u00eb disa raste, edhe fatale.<\/p>\n<p>Qamil Z, nj\u00eb 53-vje\u00e7ar nga Lushnja, vari veten n\u00eb burgun e Rrogozhin\u00ebs n\u00eb fund t\u00eb vitit 2014, pasi gjendej n\u00eb paraburgim p\u00ebr \u201cvjedhje t\u00eb energjis\u00eb elektrike\u201d n\u00eb shum\u00ebn 35 mij\u00eb lek\u00eb t\u00eb vjetra.<\/p>\n<p>Bilbil H., nj\u00eb 43-vje\u00e7ar, babai i kat\u00ebr f\u00ebmij\u00ebve, vari veten n\u00eb ambjentet e paraburgimit 313 n\u00eb Tiran\u00eb, n\u00eb shkurt t\u00eb vitit 2020. Ai ishte arrestuar, pasi u konstatua se kishte vjedhur vet\u00ebm 12 mij\u00eb lek\u00eb t\u00eb vjetra energji elektrike.<\/p>\n<p>N\u00eb maj t\u00eb vitit 2016, nj\u00eb n\u00ebn\u00eb e re dhe dy f\u00ebmij\u00ebt e saj t\u00eb mitur, vdiq\u00ebn n\u00eb nj\u00eb aksident tragjik n\u00eb Qerret, nd\u00ebrkoh\u00eb q\u00eb po ktheheshin nga nj\u00eb takim me kryefamiljarin Sokol N., i cili q\u00ebndronte i arrestuar n\u00eb burgun e Rrogozhin\u00ebs p\u00ebr \u201cnd\u00ebrtim pa leje\u201d.<\/p>\n<p>Edi Rama nuk tha asnj\u00eb fjal\u00eb ngush\u00eblluese p\u00ear k\u00ebta tre fakira dhe t\u00eb tjer\u00eb q\u00eb pat\u00ebn fatin tragjik p\u00ebr shkak t\u00ea qeverisjes s\u00eb tij, ama ul\u00ebrin si i marr\u00eb shpesh edhe me.lot krokodili p\u00ebr kanakar\u00ebt e tij.<\/p>\n","protected":false},"excerpt":{"rendered":"<p>Nga\u00a0Boldnews.al Kryeministri Edi Rama, njeriu q\u00eb e nisi qeverisjen e tij me shprehjen \u201cburg, burg, burg\u201d ndaj qytetar\u00ebve q\u00eb kapeshin me vjedhje t\u00eb energjis\u00eb elektrike p\u00ebr familjet e tyre ose p\u00ebr nd\u00ebrtim t\u00eb paligjsh\u00ebm gardhesh e avllish\u00eb, tashm\u00eb tregohet i shqet\u00ebsuar p\u00ebr politik\u00ebn e ashp\u00ebr penale t\u00eb prokuroris\u00eb dhe gjykatave. N\u00eb nj\u00eb nga deklaratat publike &hellip;<\/p>\n","protected":false},"author":4,"featured_media":98245,"comment_status":"closed","ping_status":"closed","sticky":false,"template":"","format":"standard","meta":{"footnotes":""},"categories":[37],"tags":[],"class_list":["post-105288","post","type-post","status-publish","format-standard","has-post-thumbnail","","category-politike"],"_links":{"self":[{"href":"https:\/\/rdnews.al\/index.php\/wp-json\/wp\/v2\/posts\/105288","targetHints":{"allow":["GET"]}}],"collection":[{"href":"https:\/\/rdnews.al\/index.php\/wp-json\/wp\/v2\/posts"}],"about":[{"href":"https:\/\/rdnews.al\/index.php\/wp-json\/wp\/v2\/types\/post"}],"author":[{"embeddable":true,"href":"https:\/\/rdnews.al\/index.php\/wp-json\/wp\/v2\/users\/4"}],"replies":[{"embeddable":true,"href":"https:\/\/rdnews.al\/index.php\/wp-json\/wp\/v2\/comments?post=105288"}],"version-history":[{"count":1,"href":"https:\/\/rdnews.al\/index.php\/wp-json\/wp\/v2\/posts\/105288\/revisions"}],"predecessor-version":[{"id":105289,"href":"https:\/\/rdnews.al\/index.php\/wp-json\/wp\/v2\/posts\/105288\/revisions\/105289"}],"wp:featuredmedia":[{"embeddable":true,"href":"https:\/\/rdnews.al\/index.php\/wp-json\/wp\/v2\/media\/98245"}],"wp:attachment":[{"href":"https:\/\/rdnews.al\/index.php\/wp-json\/wp\/v2\/media?parent=105288"}],"wp:term":[{"taxonomy":"category","embeddable":true,"href":"https:\/\/rdnews.al\/index.php\/wp-json\/wp\/v2\/categories?post=105288"},{"taxonomy":"post_tag","embeddable":true,"href":"https:\/\/rdnews.al\/index.php\/wp-json\/wp\/v2\/tags?post=105288"}],"curies":[{"name":"wp","href":"https:\/\/api.w.org\/{rel}","templated":true}]}}