{"id":105304,"date":"2025-02-21T12:04:46","date_gmt":"2025-02-21T12:04:46","guid":{"rendered":"https:\/\/rdnews.al\/?p=105304"},"modified":"2025-02-21T12:04:46","modified_gmt":"2025-02-21T12:04:46","slug":"berisha-po-te-kishte-ndermend-skapi-te-hetonte-krimin-elektoral-e-prangoste-ramen-mbreme-ne-shesh","status":"publish","type":"post","link":"https:\/\/rdnews.al\/index.php\/2025\/02\/21\/berisha-po-te-kishte-ndermend-skapi-te-hetonte-krimin-elektoral-e-prangoste-ramen-mbreme-ne-shesh\/","title":{"rendered":"Berisha: Po t\u00eb kishte nd\u00ebrmend Skapi t\u00eb hetonte krimin elektoral, e prangoste Ram\u00ebn mbr\u00ebm\u00eb n\u00eb shesh!"},"content":{"rendered":"<p>Kryetari i PD, Sali Berisha akuzoi Edi Ram\u00ebn p\u00ebr shkelje t\u00eb ligjit elektoral, duke e cil\u00ebsuar mitingun e mbr\u00ebmsh\u00ebm si nj\u00eb nd\u00ebr shkeljet m\u00eb t\u00eb r\u00ebnda.<\/p>\n<p>Berisha theksoi se, Rama p\u00ebrdori administrat\u00ebn shtet\u00ebrore p\u00ebr fushat\u00ebn e tij, duke shp\u00ebrndar\u00eb mesazhe t\u00eb d\u00ebshp\u00ebruara dhe pa vler\u00eb, nd\u00ebrkoh\u00eb q\u00eb nuk p\u00ebrmendi asnj\u00eb nga \u00e7\u00ebshtjet e r\u00ebnd\u00ebsishme, si takimet e tij n\u00eb Mynih dhe skandalet me USAID.<\/p>\n<p>\u201cPika e par\u00eb, n\u00eb qoft\u00eb se v\u00ebrtet Skap e ka nd\u00ebrmend t\u00eb hetoj\u00eb krimin elektoral, Edi Ram\u00ebs duhej t\u2019i vinte prangat n\u00eb shesh me mitingun elektoral q\u00eb organizoi mbr\u00ebm\u00eb.<\/p>\n<p>Un\u00eb nuk mund t\u00eb besoj n\u00eb shpallje t\u00eb nj\u00eb organi q\u00eb fle mbi dosje t\u00eb tmerrshme t\u00eb krimit elektoral, evidente, zyrtare, t\u00eb mbledhura n\u00eb p\u00ebrputhje me procedur\u00ebn ligjore provat dhe faktet.<\/p>\n<p>Por, po qe se Spak pretendon se do ta d\u00ebnoj\u00eb, ja ku e ka Edi Ram\u00ebn, mitingu i mbr\u00ebmsh\u00ebm ishte shkelja m\u00eb e r\u00ebnd\u00eb e ligjit elektoral q\u00eb ka ndodhur.<\/p>\n<p>P\u00ebrdor administrat\u00ebn n\u00eb bllok, e nxjerr n\u00eb shesh se k\u00ebshtu po m\u00eb sulmojn\u00eb familjen, po m\u00eb sulmojn\u00eb gruan, po m\u00eb sulmojn\u00eb Erion Veliajn.<\/p>\n<p>I gjith\u00eb fjalimi ishte nj\u00eb avokati e d\u00ebshp\u00ebruar sikur qytetar\u00ebt shqiptar\u00eb kan\u00eb halle se \u00e7far\u00eb po thon\u00eb gazetat, portalet apo kund\u00ebrshtar\u00ebt politik\u00eb p\u00ebr Edi Ram\u00ebn dhe familjen e tij. Se ky ishte problemi i qytetar\u00ebve&#8230;<\/p>\n<p>Dhe ky ishte fjalimi se shyqyr q\u00eb e regjistruan se ishte nj\u00eb sallat\u00eb fjal\u00ebsh pa vler\u00eb. Nj\u00eb njeri i d\u00ebshp\u00ebruar, nj\u00eb njeri i cili e sheh q\u00eb toka po shket me shpejt\u00ebsi n\u00ebn k\u00ebmb\u00eb.<\/p>\n<p>N\u00eb fakt ky \u00ebsht\u00eb termi m\u00eb i drejt\u00eb. Po i shket me shpejt\u00ebsi toka n\u00ebn k\u00ebmb\u00eb.<\/p>\n<p>Nuk foli nj\u00eb fjal\u00eb p\u00ebr Mynihun. Nuk tha nj\u00eb fjal\u00eb t\u00eb vetme.<\/p>\n<p>Shkoi n\u00eb Mynih, do kishte takim, tha. Asnj\u00eb takim me dinjitar\u00ebt e lart\u00eb amerikan\u00eb. Asnj\u00eb ftes\u00eb. Asnj\u00eb foto.<\/p>\n<p>Mir\u00ebpo kjo e posht\u00ebroi keq edhe tek t\u00eb vet\u00ebt. Se tani kan\u00eb filluar edhe t\u00eb vet\u00ebt t\u2019i largohen, t\u00eb tremben prej tij.<\/p>\n<p>Plus asnj\u00eb fjal\u00eb p\u00ebr superskandalin me USAID, n\u00eb nj\u00eb koh\u00eb kur bashk\u00ebshortja dhe ish-bashk\u00ebshortja jan\u00eb dy kokat kryesore t\u00eb skandalit.<\/p>\n<p>Po ma p\u00ebrmendin, thot\u00eb, po thuaj, trego sa jan\u00eb marr\u00eb. Del \u00c7u\u00e7i dhe Delina e thon\u00eb se nuk kemi marr\u00eb asnj\u00eb qindark\u00eb. Po 10 milion\u00eb i ke me kontrat\u00eb.<\/p>\n<p>Drejt\u00ebsi p\u00ebr t\u00eb gjith\u00eb programi, pasuri p\u00ebr elit\u00ebn e korruptuar t\u00eb ekstremit t\u00eb majt\u00eb n\u00eb Shqip\u00ebri.<\/p>\n<p>Pra, nuk flet p\u00ebr k\u00ebto. Flet n\u00ebse ishte gard\u00ebroba k\u00ebshtu, nuk kam p\u00ebrgjegj\u00ebsi, b\u00ebn nj\u00eb sallat\u00eb fjal\u00ebsh, se un\u00eb kur u ktheva nga Parisi p\u00ebr vakin\u00eb e babait, p\u00ebrpiqet t\u00eb kap\u00eb momente emocionale t\u00eb mbuloj\u00eb skandalet, vjedhjet e tij.<\/p>\n<p>Po \u00e7far\u00eb gjynah ka ai, po t\u00eb ket\u00eb gjynah ai, nuk l\u00eb t\u00eb s\u00ebmur\u00ebt t\u00eb vdesin n\u00eb spitale. Po t\u00eb ket\u00eb gjynah ai, nuk vdiq\u00ebn 20 mij\u00eb nga Kovidi dhe at\u00eb e b\u00ebn ministre, n\u00eb vend q\u00eb ta \u00e7oj\u00eb n\u00eb burg. E ka nj\u00eb taktik\u00eb ai q\u00eb b\u00ebn k\u00ebto p\u00ebr t\u00eb ngjallur keqardhje\u201d, tha Berisha.<\/p>\n","protected":false},"excerpt":{"rendered":"<p>Kryetari i PD, Sali Berisha akuzoi Edi Ram\u00ebn p\u00ebr shkelje t\u00eb ligjit elektoral, duke e cil\u00ebsuar mitingun e mbr\u00ebmsh\u00ebm si nj\u00eb nd\u00ebr shkeljet m\u00eb t\u00eb r\u00ebnda. Berisha theksoi se, Rama p\u00ebrdori administrat\u00ebn shtet\u00ebrore p\u00ebr fushat\u00ebn e tij, duke shp\u00ebrndar\u00eb mesazhe t\u00eb d\u00ebshp\u00ebruara dhe pa vler\u00eb, nd\u00ebrkoh\u00eb q\u00eb nuk p\u00ebrmendi asnj\u00eb nga \u00e7\u00ebshtjet e r\u00ebnd\u00ebsishme, si &hellip;<\/p>\n","protected":false},"author":4,"featured_media":105305,"comment_status":"closed","ping_status":"closed","sticky":false,"template":"","format":"standard","meta":{"footnotes":""},"categories":[37],"tags":[],"class_list":["post-105304","post","type-post","status-publish","format-standard","has-post-thumbnail","","category-politike"],"_links":{"self":[{"href":"https:\/\/rdnews.al\/index.php\/wp-json\/wp\/v2\/posts\/105304","targetHints":{"allow":["GET"]}}],"collection":[{"href":"https:\/\/rdnews.al\/index.php\/wp-json\/wp\/v2\/posts"}],"about":[{"href":"https:\/\/rdnews.al\/index.php\/wp-json\/wp\/v2\/types\/post"}],"author":[{"embeddable":true,"href":"https:\/\/rdnews.al\/index.php\/wp-json\/wp\/v2\/users\/4"}],"replies":[{"embeddable":true,"href":"https:\/\/rdnews.al\/index.php\/wp-json\/wp\/v2\/comments?post=105304"}],"version-history":[{"count":1,"href":"https:\/\/rdnews.al\/index.php\/wp-json\/wp\/v2\/posts\/105304\/revisions"}],"predecessor-version":[{"id":105306,"href":"https:\/\/rdnews.al\/index.php\/wp-json\/wp\/v2\/posts\/105304\/revisions\/105306"}],"wp:featuredmedia":[{"embeddable":true,"href":"https:\/\/rdnews.al\/index.php\/wp-json\/wp\/v2\/media\/105305"}],"wp:attachment":[{"href":"https:\/\/rdnews.al\/index.php\/wp-json\/wp\/v2\/media?parent=105304"}],"wp:term":[{"taxonomy":"category","embeddable":true,"href":"https:\/\/rdnews.al\/index.php\/wp-json\/wp\/v2\/categories?post=105304"},{"taxonomy":"post_tag","embeddable":true,"href":"https:\/\/rdnews.al\/index.php\/wp-json\/wp\/v2\/tags?post=105304"}],"curies":[{"name":"wp","href":"https:\/\/api.w.org\/{rel}","templated":true}]}}