{"id":105317,"date":"2025-02-21T12:30:32","date_gmt":"2025-02-21T12:30:32","guid":{"rendered":"https:\/\/rdnews.al\/?p=105317"},"modified":"2025-02-21T12:30:32","modified_gmt":"2025-02-21T12:30:32","slug":"berisha-drejtori-i-ri-i-fbi-e-nisi-duke-hetuar-krimin-elektoral-edhe-ketu-do-marrin-ndeshkimet-me-te-renda","status":"publish","type":"post","link":"https:\/\/rdnews.al\/index.php\/2025\/02\/21\/berisha-drejtori-i-ri-i-fbi-e-nisi-duke-hetuar-krimin-elektoral-edhe-ketu-do-marrin-ndeshkimet-me-te-renda\/","title":{"rendered":"Berisha: Drejtori i ri i FBI e nisi duke hetuar krimin elektoral! Edhe k\u00ebtu do marrin nd\u00ebshkimet m\u00eb t\u00eb r\u00ebnda"},"content":{"rendered":"<p>Lideri i opozit\u00ebs, Sali Berisha deklaroi se Partia Demokratike do t\u00eb b\u00ebj\u00eb kall\u00ebzim penal p\u00ebr shkeljet e ligjit elektoral, duke akuzuar SPAK-un p\u00ebr trajtim t\u00eb nj\u00ebansh\u00ebm t\u00eb dosjeve. Ai tha se opozita do t\u00eb vazhdoj\u00eb t\u00eb denoncoj\u00eb me k\u00ebmb\u00ebngulje pavar\u00ebsisht refuzimit t\u00eb drejt\u00ebsis\u00eb p\u00ebr t\u00eb shqyrtuar \u00e7\u00ebshtjet e tyre.<\/p>\n<p>\u201cDo b\u00ebjm\u00eb kall\u00ebzim. Do b\u00ebjm\u00eb kall\u00ebzim, t\u00eb bindur se SPAK shqyrton me p\u00ebrpar\u00ebsi t\u00eb madhe dosjet q\u00eb i dor\u00ebzon qeveria t\u00eb Nesti Angonit, Idajet Beqirit.<\/p>\n<p>K\u00ebshtu q\u00eb ne i b\u00ebjm\u00eb, ata nuk i shqyrtojn\u00eb dosjet tona, p\u00ebrkundrazi b\u00ebjn\u00eb t\u00eb kund\u00ebrt\u00ebn. Por ato mbeten aty dhe drejt\u00ebsia vonon, por nuk harron.<\/p>\n<p>Prandaj ne i b\u00ebjm\u00eb ato me persistenc\u00eb&#8230;<\/p>\n<p>&#8230;Administrata, n\u00eb qoft\u00eb se e vut\u00eb re ju, merreni dhe studiojeni at\u00eb q\u00eb quhet studim i fytyr\u00ebs, ju do gjeni dje gj\u00ebn\u00eb q\u00eb nuk e keni par\u00eb kurr\u00eb n\u00eb nj\u00eb miting tjet\u00ebr, njer\u00ebz q\u00eb masivisht fshihnin fytyr\u00eb.<\/p>\n<p>N\u00ebse do mund t\u00eb merrte nj\u00eb epitet tjet\u00ebr, p\u00ebrve\u00e7se funerali politik i Erion Veliajt, ai mund t\u00eb quhej mitingu i par\u00eb n\u00eb historin\u00eb e Shqip\u00ebris\u00eb i maskave.<\/p>\n<p>Njer\u00ebzit vinin, frik\u00eb nga kamerat, nuk donin t\u2019i merrnin, sepse i kishin nxjerr\u00eb me detyrim dhe e dinin se jan\u00eb n\u00eb shkelje t\u00eb ligjeve.<\/p>\n<p>Dhe ata mendonin, mir\u00eb ky q\u00eb do d\u00ebnohet, po \u00e7\u2019kusur kam q\u00eb t\u00eb dal un\u00eb si d\u00ebshmitar.<\/p>\n<p>K\u00ebshtu q\u00eb nuk mund t\u00eb ket\u00eb dyshim se mitingu do denoncohet dhe \u00e7do punonj\u00ebs q\u00eb shkel ligjin do nd\u00ebshkohet. Do ket\u00eb nj\u00eb ligj, p\u00ebrve\u00e7 nd\u00ebshkimit gjyq\u00ebsor, do ket\u00eb nj\u00eb nd\u00ebshkim ligjor p\u00ebr ta.<\/p>\n<p>I garantoj se krimi m\u00eb i r\u00ebnd\u00eb i tyre do konsiderohet shkelja e ligjit elektoral.<\/p>\n<p>Mos u p\u00ebrzini, mos u b\u00ebni dhunues t\u00eb procesit elektoral.<\/p>\n<p>Nuk ka, \u00ebsht\u00eb radha jon\u00eb. Ne do fitojm\u00eb dhe pasojat do jen\u00eb shum\u00eb t\u00eb r\u00ebnda.<\/p>\n<p>Nuk e di a e lexuat dje apo jo, drejtori i ri i FBI-s\u00eb, Kash Patel, u zgjodh dje, dhe nj\u00eb eksponent shum\u00eb i r\u00ebnd\u00ebsish\u00ebm haptas duhet t\u00eb filloj\u00eb me krimin elektoral hetimi.<\/p>\n<p>N\u00eb qoft\u00eb se ne nuk nd\u00ebshkojm\u00eb krimin elektoral, ne me duart tona i hapim grop\u00ebn, varrin demokracis\u00eb shqiptare.<\/p>\n<p>Dhe absolutisht nuk ka mjet m\u00eb t\u00eb fuqish\u00ebm se ky.<\/p>\n<p>Fatmir\u00ebsisht n\u00eb SHBA, megjith\u00ebse u punua shum\u00eb, ai triumfoi. Donald Trump triumfoi me gjith\u00eb 1 mij\u00eb p\u00ebrpjekje q\u00eb u b\u00ebn\u00eb p\u00ebr t\u00eb mos triumfuar.<\/p>\n<p>N\u00eb Shqip\u00ebri, Edi Rama po mendoi, do p\u00ebrballet me pasoja shum\u00eb t\u00eb r\u00ebnda. Ai po mendon sikur nuk ka ndodhur gj\u00eb.<\/p>\n<p>K\u00ebshtu q\u00eb ne do i q\u00ebndrojm\u00eb shum\u00eb dhe un\u00eb kam bindjen, pa i dh\u00ebn\u00eb p\u00ebrgjigje p\u00ebrfundimtare problemit t\u00eb nd\u00ebshkimit maksimal t\u00eb shtetit elektoral, Shqip\u00ebria zgjedhjet nuk i ka.<\/p>\n<p>Ndaj dhe ne do jemi shum\u00eb t\u00eb rrept\u00eb n\u00eb k\u00ebt\u00eb drejtim\u201d, tha Berisha.<\/p>\n","protected":false},"excerpt":{"rendered":"<p>Lideri i opozit\u00ebs, Sali Berisha deklaroi se Partia Demokratike do t\u00eb b\u00ebj\u00eb kall\u00ebzim penal p\u00ebr shkeljet e ligjit elektoral, duke akuzuar SPAK-un p\u00ebr trajtim t\u00eb nj\u00ebansh\u00ebm t\u00eb dosjeve. Ai tha se opozita do t\u00eb vazhdoj\u00eb t\u00eb denoncoj\u00eb me k\u00ebmb\u00ebngulje pavar\u00ebsisht refuzimit t\u00eb drejt\u00ebsis\u00eb p\u00ebr t\u00eb shqyrtuar \u00e7\u00ebshtjet e tyre. \u201cDo b\u00ebjm\u00eb kall\u00ebzim. Do b\u00ebjm\u00eb kall\u00ebzim, &hellip;<\/p>\n","protected":false},"author":4,"featured_media":105298,"comment_status":"closed","ping_status":"closed","sticky":false,"template":"","format":"standard","meta":{"footnotes":""},"categories":[37],"tags":[],"class_list":["post-105317","post","type-post","status-publish","format-standard","has-post-thumbnail","","category-politike"],"_links":{"self":[{"href":"https:\/\/rdnews.al\/index.php\/wp-json\/wp\/v2\/posts\/105317","targetHints":{"allow":["GET"]}}],"collection":[{"href":"https:\/\/rdnews.al\/index.php\/wp-json\/wp\/v2\/posts"}],"about":[{"href":"https:\/\/rdnews.al\/index.php\/wp-json\/wp\/v2\/types\/post"}],"author":[{"embeddable":true,"href":"https:\/\/rdnews.al\/index.php\/wp-json\/wp\/v2\/users\/4"}],"replies":[{"embeddable":true,"href":"https:\/\/rdnews.al\/index.php\/wp-json\/wp\/v2\/comments?post=105317"}],"version-history":[{"count":1,"href":"https:\/\/rdnews.al\/index.php\/wp-json\/wp\/v2\/posts\/105317\/revisions"}],"predecessor-version":[{"id":105318,"href":"https:\/\/rdnews.al\/index.php\/wp-json\/wp\/v2\/posts\/105317\/revisions\/105318"}],"wp:featuredmedia":[{"embeddable":true,"href":"https:\/\/rdnews.al\/index.php\/wp-json\/wp\/v2\/media\/105298"}],"wp:attachment":[{"href":"https:\/\/rdnews.al\/index.php\/wp-json\/wp\/v2\/media?parent=105317"}],"wp:term":[{"taxonomy":"category","embeddable":true,"href":"https:\/\/rdnews.al\/index.php\/wp-json\/wp\/v2\/categories?post=105317"},{"taxonomy":"post_tag","embeddable":true,"href":"https:\/\/rdnews.al\/index.php\/wp-json\/wp\/v2\/tags?post=105317"}],"curies":[{"name":"wp","href":"https:\/\/api.w.org\/{rel}","templated":true}]}}